{"id":39822,"date":"2025-07-23T13:38:14","date_gmt":"2025-07-23T16:38:14","guid":{"rendered":"https:\/\/redept.org\/blogosfera\/greve-dos-servidores-tecnicos-administrativos-da-unb-completa-4-meses\/"},"modified":"2025-07-23T13:38:14","modified_gmt":"2025-07-23T16:38:14","slug":"greve-dos-servidores-tecnicos-administrativos-da-unb-completa-4-meses","status":"publish","type":"post","link":"https:\/\/redept.com.br\/blogosfera\/greve-dos-servidores-tecnicos-administrativos-da-unb-completa-4-meses\/","title":{"rendered":"Greve dos servidores t\u00e9cnicos-administrativos da UnB completa 4 meses"},"content":{"rendered":"<p>Servidores t\u00e9cnicos-administrativos da <a href=\"https:\/\/www.brasildefato.com.br\/2025\/03\/21\/comunidade-academica-convoca-ato-contra-fascismo-na-unb\/\">Universidade de Bras\u00edlia (UnB)<\/a> seguem em greve. No \u00faltimo domingo (20), a paralisa\u00e7\u00e3o completou quatro meses. A a\u00e7\u00e3o tem como pauta priorit\u00e1ria pressionar o governo a cumprir o pagamento do \u00edndice de 26,05% do sal\u00e1rio firmado em acordo de greve do ano passado.\u00a0<\/p>\n<p>O <a href=\"https:\/\/www.brasildefato.com.br\/colunista\/sindsep-df\/2025\/06\/24\/quem-decide-o-futuro-do-servico-publico-no-brasil\/\">Minist\u00e9rio da Gest\u00e3o e Inova\u00e7\u00e3o em Servi\u00e7os P\u00fablicos (MGI)<\/a> tentou absorver gradualmente o percentual nos futuros reajustes salariais, apesar de decis\u00e3o do Supremo Tribunal Federal (STF) favor\u00e1vel aos servidores.<\/p>\n<p>O \u00edndice referente \u00e0 Unidade de Refer\u00eancia Padr\u00e3o (URP) foi incorporado aos sal\u00e1rios dos servidores t\u00e9cnico-administrativos em 1989 para repor perdas inflacion\u00e1rias e, desde ent\u00e3o, tem sido alvo de disputas judiciais.<\/p>\n<p>Segundo o Sindicato dos Trabalhadores da Funda\u00e7\u00e3o Universidade de Bras\u00edlia (Sintfub), houve uma proposta de suspens\u00e3o da greve em assembleia realizada no in\u00edcio deste m\u00eas. Mas, a categoria votou, por unanimidade, pela continuidade da paralisa\u00e7\u00e3o.\u00a0<\/p>\n<p>\u201c\u00c9 inadmiss\u00edvel que qualquer trabalhador ou trabalhadora perca um \u00edndice que pode chegar a 1\/4 do seu sal\u00e1rio. Por isso, a greve continua, com o Sintfub atuando em todas as frentes pol\u00edticas e institucionais para buscar uma sa\u00edda que garanta seguran\u00e7a jur\u00eddica, seguran\u00e7a alimentar e respeito aos direitos da categoria\u201d, defendeu o sindicato em nota.\u00a0<\/p>\n<p>A categoria se reuniu em nova assembleia na manh\u00e3 desta quarta-feira (23), na Pra\u00e7a Chico Mendes, localizada no campus UnB Darcy Ribeiro, para atualizar os trabalhadores sobre o atual cen\u00e1rio. Est\u00e1 prevista para quinta-feira (24) uma reuni\u00e3o com a Procuradoria-Geral da Uni\u00e3o e a Advocacia-Geral da Uni\u00e3o (AGU) para abrir uma nova mesa de negocia\u00e7\u00f5es.\u00a0<\/p>\n<h4>Negocia\u00e7\u00f5es\u00a0<\/h4>\n<p>Ap\u00f3s esfor\u00e7o da Central \u00danica dos Trabalhadores do Distrito Federal (CUT-DF), o Sintfub recebeu apoio da organiza\u00e7\u00e3o sindical em \u00e2mbito nacional. A CUT trabalhou diretamente para abrir o canal de di\u00e1logo com a AGU. Os esfor\u00e7os visaram construir uma mesa de negocia\u00e7\u00e3o com a participa\u00e7\u00e3o dos \u00f3rg\u00e3os envolvidos e a entidade representativa da categoria.\u00a0<\/p>\n<p>O sindicato dos t\u00e9cnicos afirmou que est\u00e1 buscando todos os meios para sanar as controv\u00e9rsias e garantir a manuten\u00e7\u00e3o e o pagamento integral da URP. A categoria afirma que seguir\u00e1 mobilizada.<\/p>\n<p>\u201cRegistramos que o Sintfub tem compromisso com os servidores t\u00e9cnico-administrativos da UnB, com a universidade p\u00fablica, com os interesses nacionais, e n\u00e3o abrimos m\u00e3o dos nossos direitos, que \u00e9, em meio \u00e0 toda essa crise, uma oportunidade de o governo se posicionar ao lado dos trabalhadores\u201d, diz o comunicado divulgado nesta quarta-feira (23).<\/p>\n<p>::\u00a0<a href=\"https:\/\/chat.whatsapp.com\/IO8p80ITubJAmsMOJLw3pb\" target=\"_blank\" rel=\"noreferrer noopener\">Receba not\u00edcias do Brasil de Fato DF no seu Whatsapp<\/a>\u00a0::<\/p>\n<p>O post <a href=\"https:\/\/www.brasildefato.com.br\/2025\/07\/23\/greve-dos-servidores-tecnicos-administrativos-da-unb-completa-4-meses\/\">Greve dos servidores t\u00e9cnicos-administrativos da UnB completa 4 meses<\/a> apareceu primeiro em <a href=\"https:\/\/www.brasildefato.com.br\/\">Brasil de Fato<\/a>.<\/p>\n<!-- Begin Yuzo --><div class='yuzo_related_post style-1'  data-version='5.12.89'><!-- without result --><div class='yuzo_clearfixed yuzo__title yuzo__title'><h3>Related Post<\/h3><\/div>\n\t\t\t\t\t\t  <div class=\"relatedthumb \" style=\"width:125px;float:left;overflow:hidden;\">  \n\t\t\t\t\t\t\t  \n\t\t\t\t\t\t\t  <a  href=\"https:\/\/redept.com.br\/blogosfera\/moradias-em-areas-de-risco-de-deslizamentos-triplicaram-em-40-anos-enquanto-eventos-extremos-sao-mais-frequentes-e-desesperador\/\"  >\n\t\t\t\t\t\t\t\t\t  <div class=\"yuzo-img-wrap \" style=\"width: 125px;height:90px;\">\n\t\t\t\t\t\t\t\t\t\t\n\t\t\t\t\t\t\t\t\t\t<div class=\"yuzo-img\" style=\"background:url('https:\/\/redept.org\/blogosfera\/wp-content\/plugins\/yuzo-related-post\/assets\/images\/default.png') 50% 50% no-repeat;width: 125px;height:90px;margin-bottom: 5px;background-size: cover; \"><\/div>\n\t\t\t\t\t\t\t\t\t  <\/div>\n\t\t\t\t\t\t\t\t\t  \n\t\t\t\t\t\t\t\t   <span class=\"yuzo__text--title\" style=\"font-size:13px;\">Moradias em \u00e1reas de risco de deslizamentos tripli...<\/span>\n\t\t\t\t\t\t\t  \n\t\t\t\t\t\t\t  \n\t\t\t\t\t\t\t  <\/a>\n\n\t\t\t\t\t\t  <\/div>\n\t\t\t\t\t\t  <div class=\"relatedthumb \" style=\"width:125px;float:left;overflow:hidden;\">  \n\t\t\t\t\t\t\t  \n\t\t\t\t\t\t\t  <a  href=\"https:\/\/sul21.com.br\/noticias\/cultura\/2025\/09\/1a-edicao-do-festival-cine-curta-poa-ocupa-casa-de-cultura-com-mostra-competitiva\/\"  >\n\t\t\t\t\t\t\t\t\t  <div class=\"yuzo-img-wrap \" style=\"width: 125px;height:90px;\">\n\t\t\t\t\t\t\t\t\t\t\n\t\t\t\t\t\t\t\t\t\t<div class=\"yuzo-img\" style=\"background:url('https:\/\/redept.org\/blogosfera\/wp-content\/plugins\/yuzo-related-post\/assets\/images\/default.png') 50% 50% no-repeat;width: 125px;height:90px;margin-bottom: 5px;background-size: cover; \"><\/div>\n\t\t\t\t\t\t\t\t\t  <\/div>\n\t\t\t\t\t\t\t\t\t  \n\t\t\t\t\t\t\t\t   <span class=\"yuzo__text--title\" style=\"font-size:13px;\">1\u00aa edi\u00e7\u00e3o do Festival Cine Curta POA ocupa Casa de...<\/span>\n\t\t\t\t\t\t\t  \n\t\t\t\t\t\t\t  \n\t\t\t\t\t\t\t  <\/a>\n\n\t\t\t\t\t\t  <\/div>\n\t\t\t\t\t\t  <div class=\"relatedthumb \" style=\"width:125px;float:left;overflow:hidden;\">  \n\t\t\t\t\t\t\t  \n\t\t\t\t\t\t\t  <a  href=\"https:\/\/redept.com.br\/blogosfera\/as-emendas-parlamentares-e-a-crise-do-regime-presidencial-democratico-partidario\/\"  >\n\t\t\t\t\t\t\t\t\t  <div class=\"yuzo-img-wrap \" style=\"width: 125px;height:90px;\">\n\t\t\t\t\t\t\t\t\t\t\n\t\t\t\t\t\t\t\t\t\t<div class=\"yuzo-img\" style=\"background:url('https:\/\/redept.org\/blogosfera\/wp-content\/plugins\/yuzo-related-post\/assets\/images\/default.png') 50% 50% no-repeat;width: 125px;height:90px;margin-bottom: 5px;background-size: cover; \"><\/div>\n\t\t\t\t\t\t\t\t\t  <\/div>\n\t\t\t\t\t\t\t\t\t  \n\t\t\t\t\t\t\t\t   <span class=\"yuzo__text--title\" style=\"font-size:13px;\">As emendas parlamentares e a crise do regime presi...<\/span>\n\t\t\t\t\t\t\t  \n\t\t\t\t\t\t\t  \n\t\t\t\t\t\t\t  <\/a>\n\n\t\t\t\t\t\t  <\/div>\n\t\t\t\t\t\t  <div class=\"relatedthumb \" style=\"width:125px;float:left;overflow:hidden;\">  \n\t\t\t\t\t\t\t  \n\t\t\t\t\t\t\t  <a  href=\"https:\/\/redept.com.br\/blogosfera\/camara-aprova-voto-de-pesar-pela-morte-do-papa-francisco-e-parlamentares-enaltecem-o-seu-legado\/\"  >\n\t\t\t\t\t\t\t\t\t  <div class=\"yuzo-img-wrap \" style=\"width: 125px;height:90px;\">\n\t\t\t\t\t\t\t\t\t\t\n\t\t\t\t\t\t\t\t\t\t<div class=\"yuzo-img\" style=\"background:url('https:\/\/redept.com.br\/blogosfera\/wp-content\/uploads\/2025\/04\/WhatsApp-Image-2025-04-22-at-205413-350x250-1-150x150.jpeg') 50% 50% no-repeat;width: 125px;height:90px;margin-bottom: 5px;background-size: cover; \"><\/div>\n\t\t\t\t\t\t\t\t\t  <\/div>\n\t\t\t\t\t\t\t\t\t  \n\t\t\t\t\t\t\t\t   <span class=\"yuzo__text--title\" style=\"font-size:13px;\">C\u00e2mara aprova voto de pesar pela morte do Papa Fra...<\/span>\n\t\t\t\t\t\t\t  \n\t\t\t\t\t\t\t  \n\t\t\t\t\t\t\t  <\/a>\n\n\t\t\t\t\t\t  <\/div>\n<\/div> <script>\n\t\t\t\t\t\t  jQuery(document).ready(function( $ ){\n\t\t\t\t\t\t\t\/\/jQuery('.yuzo_related_post').equalizer({ overflow : 'relatedthumb' });\n\t\t\t\t\t\t\tjQuery('.yuzo_related_post .yuzo_wraps').equalizer({ columns : '> div' });\n\t\t\t\t\t\t   })\n\t\t\t\t\t\t  <\/script> <!-- End Yuzo :) -->","protected":false},"excerpt":{"rendered":"<p>Servidores t\u00e9cnicos-administrativos da Universidade de Bras\u00edlia (UnB) seguem em greve. No \u00faltimo domingo (20), a paralisa\u00e7\u00e3o completou quatro meses. A a\u00e7\u00e3o tem como pauta priorit\u00e1ria pressionar o governo a cumprir o pagamento do \u00edndice de 26,05% do sal\u00e1rio firmado em acordo de greve do ano passado.\u00a0 O Minist\u00e9rio da Gest\u00e3o e Inova\u00e7\u00e3o em Servi\u00e7os P\u00fablicos [&hellip;]<\/p>\n","protected":false},"author":2,"featured_media":0,"comment_status":"closed","ping_status":"closed","sticky":false,"template":"","format":"standard","meta":{"fifu_image_url":"","fifu_image_alt":"","footnotes":""},"categories":[498,756,4754,1209],"tags":[],"class_list":["post-39822","post","type-post","status-publish","format-standard","hentry","category-brasilia","category-greve","category-paralisacao","category-unb"],"_links":{"self":[{"href":"https:\/\/redept.com.br\/blogosfera\/wp-json\/wp\/v2\/posts\/39822","targetHints":{"allow":["GET"]}}],"collection":[{"href":"https:\/\/redept.com.br\/blogosfera\/wp-json\/wp\/v2\/posts"}],"about":[{"href":"https:\/\/redept.com.br\/blogosfera\/wp-json\/wp\/v2\/types\/post"}],"author":[{"embeddable":true,"href":"https:\/\/redept.com.br\/blogosfera\/wp-json\/wp\/v2\/users\/2"}],"replies":[{"embeddable":true,"href":"https:\/\/redept.com.br\/blogosfera\/wp-json\/wp\/v2\/comments?post=39822"}],"version-history":[{"count":0,"href":"https:\/\/redept.com.br\/blogosfera\/wp-json\/wp\/v2\/posts\/39822\/revisions"}],"wp:attachment":[{"href":"https:\/\/redept.com.br\/blogosfera\/wp-json\/wp\/v2\/media?parent=39822"}],"wp:term":[{"taxonomy":"category","embeddable":true,"href":"https:\/\/redept.com.br\/blogosfera\/wp-json\/wp\/v2\/categories?post=39822"},{"taxonomy":"post_tag","embeddable":true,"href":"https:\/\/redept.com.br\/blogosfera\/wp-json\/wp\/v2\/tags?post=39822"}],"curies":[{"name":"wp","href":"https:\/\/api.w.org\/{rel}","templated":true}]}}