{"id":39939,"date":"2025-07-23T18:50:25","date_gmt":"2025-07-23T21:50:25","guid":{"rendered":"https:\/\/redept.org\/blogosfera\/povos-do-mundo-defendem-uniao-contra-ofensiva-imperialista\/"},"modified":"2025-07-23T18:50:25","modified_gmt":"2025-07-23T21:50:25","slug":"povos-do-mundo-defendem-uniao-contra-ofensiva-imperialista","status":"publish","type":"post","link":"https:\/\/redept.com.br\/blogosfera\/povos-do-mundo-defendem-uniao-contra-ofensiva-imperialista\/","title":{"rendered":"Povos do mundo defendem uni\u00e3o contra ofensiva imperialista"},"content":{"rendered":"<p>Cerca de 200 personalidades pol\u00edticas e ativistas sociais de 40 pa\u00edses est\u00e3o reunidos nesta semana para o Foro Internacional por uma Humana Humanidade.<\/p>\n<p>Organizado pelo Instituto Sim\u00f3n Bol\u00edvar e a Rede de Intelectuais e Artistas pela Defesa Humana, o encontro tem como um dos focos a busca por um <a href=\"https:\/\/operamundi.uol.com.br\/guerra-israel-x-palestina\/venezuela-apoia-grupo-de-haia-e-propoe-cupula-mundial-pela-paz\/\">\u201cequil\u00edbrio do universo\u201d<\/a>.<\/p>\n<p><strong>Opera Mundi<\/strong> est\u00e1 em Caracas acompanhando este evento que come\u00e7ou nesta quarta-feira (23\/07), na capital venezuelana. Durante o dia, tr\u00eas pain\u00e9is foram apresentados ao p\u00fablico, que presencia as discuss\u00f5es sobre quais caminhos encontrar para uma nova ordem global.<\/p>\n<p>Os debatedores apresentaram os atuais desafios dos povos do mundo para a defesa do multilateralismo. Segundo a organiza\u00e7\u00e3o, o encontro tem como pilar resgatar o papel e a centralidade de Sim\u00f3n Bol\u00edvar, o libertador da Am\u00e9rica.<\/p>\n<p>Para o chanceler da <a href=\"https:\/\/operamundi.uol.com.br\/politica-e-economia\/conselho-eleitoral-da-venezuela-faz-auditoria-das-urnas-eletronicas-para-eleicoes-municipais\/\">Venezuela<\/a>, Yvan Gil, Bol\u00edvar foi um revolucion\u00e1rio que segue vivo, j\u00e1 que o libertador \u201cmudou a humanidade\u201d. \u201cSim\u00f3n Bol\u00edvar conseguiu compreender e convencer todo uma gera\u00e7\u00e3o em um s\u00f3 sentimento: a busca pela paz\u201d.<\/p>\n<p>Gil citou que a luta pela independ\u00eancia regional \u00e9 hoje exemplo para a luta contra o imperialismo: \u201cos venezuelanos lutam ainda com o mesmo pensamento de Bol\u00edvar, buscando paz com justi\u00e7a de verdade e com humanidade\u201d.<\/p>\n<p>O chanceler participou da mesa de abertura ao lado do escritor Ignacio Ramonet e Blanca Eekhout, presidente do IBS. Ambos tamb\u00e9m defenderam a centralidade do pensamento de Bol\u00edvar como condutor contra as ofensivas imperialistas.<\/p>\n<figure aria-describedby=\"caption-attachment-226289\"><img fetchpriority=\"high\" decoding=\"async\"src=\"https:\/\/redept.org\/blogosfera\/wp-content\/uploads\/2025\/07\/humana.jpg\" alt=\"\" width=\"1024\" height=\"686\" srcset=\"https:\/\/redept.org\/blogosfera\/wp-content\/uploads\/2025\/07\/humana.jpg 1024w, https:\/\/operamundi.uol.com.br\/wp-content\/uploads\/2025\/07\/humana-300x201.jpg 300w, https:\/\/operamundi.uol.com.br\/wp-content\/uploads\/2025\/07\/humana-768x515.jpg 768w, https:\/\/operamundi.uol.com.br\/wp-content\/uploads\/2025\/07\/humana-150x100.jpg 150w, https:\/\/operamundi.uol.com.br\/wp-content\/uploads\/2025\/07\/humana-750x502.jpg 750w\" sizes=\"(max-width: 1024px) 100vw, 1024px\"><figcaption>Evento em Caracas re\u00fane ativistas sociais de 40 pa\u00edses <br \/>Fernanda Forgerini<\/figcaption><\/figure>\n<h3>Sul Global livre<\/h3>\n<p>Durante o encontro desta quarta, havia uma unidade: que os povos do Sul Global sejam livres. O escritor argentino N\u00e9stor Kohan foi um dos que defendeu que a uni\u00e3o do Terceiro Mundo \u00e9 anti imperialista, citando a necessidade que, na Am\u00e9rica Latina, \u00e9 preciso resgatar o projeto da P\u00e1tria Grande.<\/p>\n<p>O que para Aleida Guevara, filha do revolucion\u00e1rio Che Guevara, a juventude tem esse papel hist\u00f3rica. \u201cPara termos liberdade, temos que ter unidade. E que os jovens estejam comprometidos com o processo revolucion\u00e1rio\u201d, defendeu.<\/p>\n<p>Segundo ela, o Sul Global busca viver plenamente, tendo uma \u201chumanidade com dignidade e liberdade\u201d.<\/p>\n<h3>Foro Humanidade<\/h3>\n<p>O IBS convocou o encontro no intuito de debater de forma conjunta os processos para uma nova ordem. Al\u00e9m disso, o foro acontece no contexto do 242\u00ba anivers\u00e1rio do libertador Bol\u00edvar.<\/p>\n<p>\u201cA humanidade est\u00e1 sob a amea\u00e7a real de uma guerra de dimens\u00f5es apocal\u00edpticas, conduzida por\u00a0uma elite que busca o dom\u00ednio global por meio da for\u00e7a, da amea\u00e7a, da destrui\u00e7\u00e3o e da morte. [\u2026]\u00a0\u00c9 necess\u00e1rio que a humanidade organizada se\u00a0manifeste\u201d, afirma a organiza\u00e7\u00e3o.<\/p>\n<p>Nesta quinta-feira (24\/07), \u00e9 esperado um ato p\u00fablico em frente ao monumento de Bol\u00edvar no centro de Caracas, al\u00e9m de uma tribuna anti imperialista.<\/p>\n<p>J\u00e1 na sexta (25\/07), ocorrera a c\u00fapula pela paz e domingo (27\/07) os venezuelanos v\u00e3o \u00e0s urnas renovar os cargos municipais.<\/p>\n<p>O post <a href=\"https:\/\/operamundi.uol.com.br\/politica-e-economia\/povos-do-mundo-defendem-uniao-contra-ofensiva-imperialista\/\">Povos do mundo defendem uni\u00e3o contra ofensiva imperialista<\/a> apareceu primeiro em <a href=\"https:\/\/operamundi.uol.com.br\/\">Opera Mundi<\/a>.<\/p>\n<!-- Begin Yuzo --><div class='yuzo_related_post style-1'  data-version='5.12.89'><!-- without result --><div class='yuzo_clearfixed yuzo__title yuzo__title'><h3>Related Post<\/h3><\/div>\n\t\t\t\t\t\t  <div class=\"relatedthumb \" style=\"width:125px;float:left;overflow:hidden;\">  \n\t\t\t\t\t\t\t  \n\t\t\t\t\t\t\t  <a  href=\"https:\/\/redept.com.br\/blogosfera\/ira-acusa-g7-de-escolher-lado-e-ignorar-agressoes-de-israel\/\"  >\n\t\t\t\t\t\t\t\t\t  <div class=\"yuzo-img-wrap \" style=\"width: 125px;height:90px;\">\n\t\t\t\t\t\t\t\t\t\t\n\t\t\t\t\t\t\t\t\t\t<div class=\"yuzo-img\" style=\"background:url('https:\/\/redept.com.br\/blogosfera\/wp-content\/uploads\/2025\/06\/232ded0c-ecab-4e9a-b60a-498be74a9c89-150x150.jpg') 50% 50% no-repeat;width: 125px;height:90px;margin-bottom: 5px;background-size: cover; \"><\/div>\n\t\t\t\t\t\t\t\t\t  <\/div>\n\t\t\t\t\t\t\t\t\t  \n\t\t\t\t\t\t\t\t   <span class=\"yuzo__text--title\" style=\"font-size:13px;\">Ir\u00e3 acusa G7 de escolher lado e ignorar agress\u00f5es ...<\/span>\n\t\t\t\t\t\t\t  \n\t\t\t\t\t\t\t  \n\t\t\t\t\t\t\t  <\/a>\n\n\t\t\t\t\t\t  <\/div>\n\t\t\t\t\t\t  <div class=\"relatedthumb \" style=\"width:125px;float:left;overflow:hidden;\">  \n\t\t\t\t\t\t\t  \n\t\t\t\t\t\t\t  <a  href=\"https:\/\/redept.com.br\/blogosfera\/ator-francisco-cuoco-morre-aos-91-anos\/\"  >\n\t\t\t\t\t\t\t\t\t  <div class=\"yuzo-img-wrap \" style=\"width: 125px;height:90px;\">\n\t\t\t\t\t\t\t\t\t\t\n\t\t\t\t\t\t\t\t\t\t<div class=\"yuzo-img\" style=\"background:url('https:\/\/redept.com.br\/blogosfera\/wp-content\/uploads\/2025\/06\/cuoco_3-e1750377814237-150x150.jpg') 50% 50% no-repeat;width: 125px;height:90px;margin-bottom: 5px;background-size: cover; \"><\/div>\n\t\t\t\t\t\t\t\t\t  <\/div>\n\t\t\t\t\t\t\t\t\t  \n\t\t\t\t\t\t\t\t   <span class=\"yuzo__text--title\" style=\"font-size:13px;\">Ator Francisco Cuoco morre aos 91 anos<\/span>\n\t\t\t\t\t\t\t  \n\t\t\t\t\t\t\t  \n\t\t\t\t\t\t\t  <\/a>\n\n\t\t\t\t\t\t  <\/div>\n\t\t\t\t\t\t  <div class=\"relatedthumb \" style=\"width:125px;float:left;overflow:hidden;\">  \n\t\t\t\t\t\t\t  \n\t\t\t\t\t\t\t  <a  href=\"https:\/\/redept.com.br\/blogosfera\/agroecologia-a-arte-de-enfrentar-o-atraso\/\"  >\n\t\t\t\t\t\t\t\t\t  <div class=\"yuzo-img-wrap \" style=\"width: 125px;height:90px;\">\n\t\t\t\t\t\t\t\t\t\t\n\t\t\t\t\t\t\t\t\t\t<div class=\"yuzo-img\" style=\"background:url('https:\/\/redept.com.br\/blogosfera\/wp-content\/uploads\/2026\/05\/image_processing20200201-29235-kw0pqc-150x150.jpg') 50% 50% no-repeat;width: 125px;height:90px;margin-bottom: 5px;background-size: cover; \"><\/div>\n\t\t\t\t\t\t\t\t\t  <\/div>\n\t\t\t\t\t\t\t\t\t  \n\t\t\t\t\t\t\t\t   <span class=\"yuzo__text--title\" style=\"font-size:13px;\">Agroecologia, a arte de enfrentar o atraso<\/span>\n\t\t\t\t\t\t\t  \n\t\t\t\t\t\t\t  \n\t\t\t\t\t\t\t  <\/a>\n\n\t\t\t\t\t\t  <\/div>\n\t\t\t\t\t\t  <div class=\"relatedthumb \" style=\"width:125px;float:left;overflow:hidden;\">  \n\t\t\t\t\t\t\t  \n\t\t\t\t\t\t\t  <a  href=\"https:\/\/redept.com.br\/blogosfera\/riqueza-privada-cresce-8-vezes-mais-que-publica-pondo-em-risco-objetivos-do-milenio\/\"  >\n\t\t\t\t\t\t\t\t\t  <div class=\"yuzo-img-wrap \" style=\"width: 125px;height:90px;\">\n\t\t\t\t\t\t\t\t\t\t\n\t\t\t\t\t\t\t\t\t\t<div class=\"yuzo-img\" style=\"background:url('https:\/\/redept.com.br\/blogosfera\/wp-content\/uploads\/2025\/06\/pesquisa-saude-150x150.png') 50% 50% no-repeat;width: 125px;height:90px;margin-bottom: 5px;background-size: cover; \"><\/div>\n\t\t\t\t\t\t\t\t\t  <\/div>\n\t\t\t\t\t\t\t\t\t  \n\t\t\t\t\t\t\t\t   <span class=\"yuzo__text--title\" style=\"font-size:13px;\">Riqueza privada cresce 8 vezes mais que p\u00fablica, p...<\/span>\n\t\t\t\t\t\t\t  \n\t\t\t\t\t\t\t  \n\t\t\t\t\t\t\t  <\/a>\n\n\t\t\t\t\t\t  <\/div>\n<\/div> <script>\n\t\t\t\t\t\t  jQuery(document).ready(function( $ ){\n\t\t\t\t\t\t\t\/\/jQuery('.yuzo_related_post').equalizer({ overflow : 'relatedthumb' });\n\t\t\t\t\t\t\tjQuery('.yuzo_related_post .yuzo_wraps').equalizer({ columns : '> div' });\n\t\t\t\t\t\t   })\n\t\t\t\t\t\t  <\/script> <!-- End Yuzo :) -->","protected":false},"excerpt":{"rendered":"<p>Cerca de 200 personalidades pol\u00edticas e ativistas sociais de 40 pa\u00edses est\u00e3o reunidos nesta semana para o Foro Internacional por uma Humana Humanidade. Organizado pelo Instituto Sim\u00f3n Bol\u00edvar e a Rede de Intelectuais e Artistas pela Defesa Humana, o encontro tem como um dos focos a busca por um \u201cequil\u00edbrio do universo\u201d. Opera Mundi est\u00e1 [&hellip;]<\/p>\n","protected":false},"author":2,"featured_media":0,"comment_status":"closed","ping_status":"closed","sticky":false,"template":"","format":"standard","meta":{"fifu_image_url":"","fifu_image_alt":"","footnotes":""},"categories":[10410,10411,1184,10412,10413,10414,5001,2124,5518,2792,1049,10415],"tags":[],"class_list":["post-39939","post","type-post","status-publish","format-standard","hentry","category-aleida-guevara","category-blanca-eekhout","category-che-guevara","category-humanidade","category-ignacio-ramonet","category-instituto-simon-bolivar","category-nova-ordem-global","category-paz","category-politica-e-economia","category-simon-bolivar","category-venezuela","category-yvan-gil"],"_links":{"self":[{"href":"https:\/\/redept.com.br\/blogosfera\/wp-json\/wp\/v2\/posts\/39939","targetHints":{"allow":["GET"]}}],"collection":[{"href":"https:\/\/redept.com.br\/blogosfera\/wp-json\/wp\/v2\/posts"}],"about":[{"href":"https:\/\/redept.com.br\/blogosfera\/wp-json\/wp\/v2\/types\/post"}],"author":[{"embeddable":true,"href":"https:\/\/redept.com.br\/blogosfera\/wp-json\/wp\/v2\/users\/2"}],"replies":[{"embeddable":true,"href":"https:\/\/redept.com.br\/blogosfera\/wp-json\/wp\/v2\/comments?post=39939"}],"version-history":[{"count":0,"href":"https:\/\/redept.com.br\/blogosfera\/wp-json\/wp\/v2\/posts\/39939\/revisions"}],"wp:attachment":[{"href":"https:\/\/redept.com.br\/blogosfera\/wp-json\/wp\/v2\/media?parent=39939"}],"wp:term":[{"taxonomy":"category","embeddable":true,"href":"https:\/\/redept.com.br\/blogosfera\/wp-json\/wp\/v2\/categories?post=39939"},{"taxonomy":"post_tag","embeddable":true,"href":"https:\/\/redept.com.br\/blogosfera\/wp-json\/wp\/v2\/tags?post=39939"}],"curies":[{"name":"wp","href":"https:\/\/api.w.org\/{rel}","templated":true}]}}