{"id":40026,"date":"2025-07-24T12:32:45","date_gmt":"2025-07-24T15:32:45","guid":{"rendered":"https:\/\/redept.org\/blogosfera\/no-centro-do-recife-organizacao-oferece-testagem-gratuita-para-hiv-sifilis-e-hepatites\/"},"modified":"2025-07-24T12:32:45","modified_gmt":"2025-07-24T15:32:45","slug":"no-centro-do-recife-organizacao-oferece-testagem-gratuita-para-hiv-sifilis-e-hepatites","status":"publish","type":"post","link":"https:\/\/redept.com.br\/blogosfera\/no-centro-do-recife-organizacao-oferece-testagem-gratuita-para-hiv-sifilis-e-hepatites\/","title":{"rendered":"No centro do Recife, organiza\u00e7\u00e3o oferece testagem gratuita para HIV, s\u00edfilis e hepatites"},"content":{"rendered":"<p>No bairro da Boa Vista, centro do Recife, a organiza\u00e7\u00e3o n\u00e3o governamental Gestos est\u00e1 oferecendo testagem gratuita para HIV, s\u00edfilis e hepatites B e C. A a\u00e7\u00e3o \u00e9 parte da campanha Julho Amarelo, que visa conscientizar a popula\u00e7\u00e3o sobre hepatites virais. Os agendamentos devem ser realizados por Whatsapp \u2013 (81) 999 020 064 \u2013 ou por liga\u00e7\u00e3o, no n\u00famero (81) 3421-7670. O centro de testagem fica na sede da Gestos, na rua dos M\u00e9dicis, n\u00ba 68, nas proximidades do Col\u00e9gio Salesiano e da Pra\u00e7a Chora Menino.<\/p>\n<p>A testagem garante sigilo total, acolhimento e acompanhamento profissional de enfermagem, psicologia e servi\u00e7o social. As hepatites virais s\u00e3o doen\u00e7as silenciosas e que atacam o f\u00edgado. Se n\u00e3o diagnosticadas precocemente, podem evoluir para quadros graves como cirrose e c\u00e2ncer. No Brasil, os tipos mais comuns s\u00e3o as hepatites B e C, que s\u00e3o transmitidas sexualmente (ISTs). O Brasil registrou 826 mil casos entre 2000 e 2024, o que significa uma m\u00e9dia superior aos 33 mil novos casos por ano.<\/p>\n<p>Al\u00e9m da testagem, a popula\u00e7\u00e3o recebe orienta\u00e7\u00e3o sobre formas de preven\u00e7\u00e3o. Em caso de teste positivo, a pessoa recebe encaminhamento para atendimento de sa\u00fade na rede SUS e passa a ter sua sa\u00fade acompanhada pelo Espa\u00e7o Sa\u00fade e Sexualidades, centro da Gestos que funciona h\u00e1 10 anos na Boa Vista. O local funciona de ter\u00e7a a sexta-feira, das 8 horas \u00e0s 18 horas (ou at\u00e9 o meio-dia, nas sextas).<\/p>\n<p>O post <a href=\"https:\/\/www.brasildefato.com.br\/2025\/07\/24\/no-centro-do-recife-organizacao-oferece-testagem-gratuita-para-hiv-sifilis-e-hepatites\/\">No centro do Recife, organiza\u00e7\u00e3o oferece testagem gratuita para HIV, s\u00edfilis e hepatites<\/a> apareceu primeiro em <a href=\"https:\/\/www.brasildefato.com.br\/\">Brasil de Fato<\/a>.<\/p>\n<!-- Begin Yuzo --><div class='yuzo_related_post style-1'  data-version='5.12.89'><!-- without result --><div class='yuzo_clearfixed yuzo__title yuzo__title'><h3>Related Post<\/h3><\/div>\n\t\t\t\t\t\t  <div class=\"relatedthumb \" style=\"width:125px;float:left;overflow:hidden;\">  \n\t\t\t\t\t\t\t  \n\t\t\t\t\t\t\t  <a  href=\"https:\/\/redept.com.br\/blogosfera\/eleicao-para-presidente-deve-ter-cenario-parecido-com-a-disputa-de-2022-preve-cientista-politico\/\"  >\n\t\t\t\t\t\t\t\t\t  <div class=\"yuzo-img-wrap \" style=\"width: 125px;height:90px;\">\n\t\t\t\t\t\t\t\t\t\t\n\t\t\t\t\t\t\t\t\t\t<div class=\"yuzo-img\" style=\"background:url('https:\/\/redept.org\/blogosfera\/wp-content\/plugins\/yuzo-related-post\/assets\/images\/default.png') 50% 50% no-repeat;width: 125px;height:90px;margin-bottom: 5px;background-size: cover; \"><\/div>\n\t\t\t\t\t\t\t\t\t  <\/div>\n\t\t\t\t\t\t\t\t\t  \n\t\t\t\t\t\t\t\t   <span class=\"yuzo__text--title\" style=\"font-size:13px;\">Elei\u00e7\u00e3o para presidente deve ter cen\u00e1rio parecido ...<\/span>\n\t\t\t\t\t\t\t  \n\t\t\t\t\t\t\t  \n\t\t\t\t\t\t\t  <\/a>\n\n\t\t\t\t\t\t  <\/div>\n\t\t\t\t\t\t  <div class=\"relatedthumb \" style=\"width:125px;float:left;overflow:hidden;\">  \n\t\t\t\t\t\t\t  \n\t\t\t\t\t\t\t  <a  href=\"https:\/\/www.pragmatismopolitico.com.br\/2025\/08\/empresario-que-agrediu-mulher-em-elevador-com-cotoveladas-e-socos-e-bolsonarista-cidadao-de-bem.html\"  >\n\t\t\t\t\t\t\t\t\t  <div class=\"yuzo-img-wrap \" style=\"width: 125px;height:90px;\">\n\t\t\t\t\t\t\t\t\t\t\n\t\t\t\t\t\t\t\t\t\t<div class=\"yuzo-img\" style=\"background:url('https:\/\/www.pragmatismopolitico.com.br\/wp-content\/uploads\/2025\/08\/cleber-lucio.jpg') 50% 50% no-repeat;width: 125px;height:90px;margin-bottom: 5px;background-size: cover; \"><\/div>\n\t\t\t\t\t\t\t\t\t  <\/div>\n\t\t\t\t\t\t\t\t\t  \n\t\t\t\t\t\t\t\t   <span class=\"yuzo__text--title\" style=\"font-size:13px;\">Empres\u00e1rio que agrediu mulher em elevador com coto...<\/span>\n\t\t\t\t\t\t\t  \n\t\t\t\t\t\t\t  \n\t\t\t\t\t\t\t  <\/a>\n\n\t\t\t\t\t\t  <\/div>\n\t\t\t\t\t\t  <div class=\"relatedthumb \" style=\"width:125px;float:left;overflow:hidden;\">  \n\t\t\t\t\t\t\t  \n\t\t\t\t\t\t\t  <a  href=\"https:\/\/redept.com.br\/blogosfera\/careca-do-inss-ira-depor-a-cpmi-que-investiga-fraudes-no-orgao-nesta-segunda-15\/\"  >\n\t\t\t\t\t\t\t\t\t  <div class=\"yuzo-img-wrap \" style=\"width: 125px;height:90px;\">\n\t\t\t\t\t\t\t\t\t\t\n\t\t\t\t\t\t\t\t\t\t<div class=\"yuzo-img\" style=\"background:url('https:\/\/redept.org\/blogosfera\/wp-content\/plugins\/yuzo-related-post\/assets\/images\/default.png') 50% 50% no-repeat;width: 125px;height:90px;margin-bottom: 5px;background-size: cover; \"><\/div>\n\t\t\t\t\t\t\t\t\t  <\/div>\n\t\t\t\t\t\t\t\t\t  \n\t\t\t\t\t\t\t\t   <span class=\"yuzo__text--title\" style=\"font-size:13px;\">\u2018Careca do INSS\u2019 ir\u00e1 depor \u00e0 CPMI que investiga fr...<\/span>\n\t\t\t\t\t\t\t  \n\t\t\t\t\t\t\t  \n\t\t\t\t\t\t\t  <\/a>\n\n\t\t\t\t\t\t  <\/div>\n\t\t\t\t\t\t  <div class=\"relatedthumb \" style=\"width:125px;float:left;overflow:hidden;\">  \n\t\t\t\t\t\t\t  \n\t\t\t\t\t\t\t  <a  href=\"https:\/\/redept.com.br\/blogosfera\/morre-aos-74-anos-jornalista-e-lider-sindical-paraibano-land-seixas-de-carvalho\/\"  >\n\t\t\t\t\t\t\t\t\t  <div class=\"yuzo-img-wrap \" style=\"width: 125px;height:90px;\">\n\t\t\t\t\t\t\t\t\t\t\n\t\t\t\t\t\t\t\t\t\t<div class=\"yuzo-img\" style=\"background:url('https:\/\/redept.org\/blogosfera\/wp-content\/plugins\/yuzo-related-post\/assets\/images\/default.png') 50% 50% no-repeat;width: 125px;height:90px;margin-bottom: 5px;background-size: cover; \"><\/div>\n\t\t\t\t\t\t\t\t\t  <\/div>\n\t\t\t\t\t\t\t\t\t  \n\t\t\t\t\t\t\t\t   <span class=\"yuzo__text--title\" style=\"font-size:13px;\">Morre, aos 74 anos, jornalista e l\u00edder sindical pa...<\/span>\n\t\t\t\t\t\t\t  \n\t\t\t\t\t\t\t  \n\t\t\t\t\t\t\t  <\/a>\n\n\t\t\t\t\t\t  <\/div>\n<\/div> <script>\n\t\t\t\t\t\t  jQuery(document).ready(function( $ ){\n\t\t\t\t\t\t\t\/\/jQuery('.yuzo_related_post').equalizer({ overflow : 'relatedthumb' });\n\t\t\t\t\t\t\tjQuery('.yuzo_related_post .yuzo_wraps').equalizer({ columns : '> div' });\n\t\t\t\t\t\t   })\n\t\t\t\t\t\t  <\/script> <!-- End Yuzo :) -->","protected":false},"excerpt":{"rendered":"<p>No bairro da Boa Vista, centro do Recife, a organiza\u00e7\u00e3o n\u00e3o governamental Gestos est\u00e1 oferecendo testagem gratuita para HIV, s\u00edfilis e hepatites B e C. A a\u00e7\u00e3o \u00e9 parte da campanha Julho Amarelo, que visa conscientizar a popula\u00e7\u00e3o sobre hepatites virais. Os agendamentos devem ser realizados por Whatsapp \u2013 (81) 999 020 064 \u2013 ou [&hellip;]<\/p>\n","protected":false},"author":2,"featured_media":0,"comment_status":"closed","ping_status":"closed","sticky":false,"template":"","format":"standard","meta":{"fifu_image_url":"","fifu_image_alt":"","footnotes":""},"categories":[5647,179,185,126],"tags":[],"class_list":["post-40026","post","type-post","status-publish","format-standard","hentry","category-hiv","category-pernambuco","category-recife","category-saude"],"_links":{"self":[{"href":"https:\/\/redept.com.br\/blogosfera\/wp-json\/wp\/v2\/posts\/40026","targetHints":{"allow":["GET"]}}],"collection":[{"href":"https:\/\/redept.com.br\/blogosfera\/wp-json\/wp\/v2\/posts"}],"about":[{"href":"https:\/\/redept.com.br\/blogosfera\/wp-json\/wp\/v2\/types\/post"}],"author":[{"embeddable":true,"href":"https:\/\/redept.com.br\/blogosfera\/wp-json\/wp\/v2\/users\/2"}],"replies":[{"embeddable":true,"href":"https:\/\/redept.com.br\/blogosfera\/wp-json\/wp\/v2\/comments?post=40026"}],"version-history":[{"count":0,"href":"https:\/\/redept.com.br\/blogosfera\/wp-json\/wp\/v2\/posts\/40026\/revisions"}],"wp:attachment":[{"href":"https:\/\/redept.com.br\/blogosfera\/wp-json\/wp\/v2\/media?parent=40026"}],"wp:term":[{"taxonomy":"category","embeddable":true,"href":"https:\/\/redept.com.br\/blogosfera\/wp-json\/wp\/v2\/categories?post=40026"},{"taxonomy":"post_tag","embeddable":true,"href":"https:\/\/redept.com.br\/blogosfera\/wp-json\/wp\/v2\/tags?post=40026"}],"curies":[{"name":"wp","href":"https:\/\/api.w.org\/{rel}","templated":true}]}}