{"id":40211,"date":"2025-07-24T15:42:55","date_gmt":"2025-07-24T18:42:55","guid":{"rendered":"https:\/\/redept.org\/blogosfera\/delegado-da-pf-nega-omissao-no-8-de-janeiro-e-diz-que-pm-nao-cumpriu-combinado\/"},"modified":"2025-07-24T15:42:55","modified_gmt":"2025-07-24T18:42:55","slug":"delegado-da-pf-nega-omissao-no-8-de-janeiro-e-diz-que-pm-nao-cumpriu-combinado","status":"publish","type":"post","link":"https:\/\/redept.com.br\/blogosfera\/delegado-da-pf-nega-omissao-no-8-de-janeiro-e-diz-que-pm-nao-cumpriu-combinado\/","title":{"rendered":"Delegado da PF nega omiss\u00e3o no 8 de janeiro e diz que PM n\u00e3o cumpriu combinado"},"content":{"rendered":"<section>\n<div>\n<p><strong>Da Ag\u00eancia Brasil<\/strong><\/p>\n<p>O delegado de Pol\u00edcia Federal Fernando de Souza Oliveira negou nesta quinta-feira (24) que tenha se omitido durante os atos golpistas de 8 de janeiro de 2023,\u00a0quando era secret\u00e1rio-executivo da Secretaria de Seguran\u00e7a P\u00fablica do Distrito Federal e esteve \u00e0 frente da resposta aos v\u00e2ndalos.\u00a0<\/p>\n<p>Ele afirmou que a Pol\u00edcia Militar do Distrito Federal (PMDF)\u00a0 descumpriu o combinado em planejamento pr\u00e9vio, que foi realizado para proteger justamente os pr\u00e9dios p\u00fablicos que acabaram sendo depredados na Pra\u00e7a dos Tr\u00eas Poderes.<\/p>\n<p>\u201cN\u00e3o sei por que a PM n\u00e3o cumpriu nada que foi estabelecido no PAI [Plano de A\u00e7\u00e3o Integrada]\u201d, disse.<\/p>\n<p>Oliveira prestou depoimento como\u00a0<a href=\"https:\/\/agenciabrasil.ebc.com.br\/justica\/noticia\/2025-06\/golpe-moraes-marca-depoimentos-de-testemunhas-dos-reus-do-nucleo-2\">um dos seis r\u00e9us do n\u00facleo 2 da trama golpista<\/a>\u00a0que teria atuado para manter o ex-presidente Jair Bolsonaro no poder, mesmo ap\u00f3s derrota eleitoral, conforme narra den\u00fancia apresentada pela Procuradoria-Geral da Rep\u00fablica (PGR).<\/p>\n<p>Os seis r\u00e9us est\u00e3o sendo ouvidos nesta quinta por videoconfer\u00eancia, em ordem alfab\u00e9tica. Os depoimentos s\u00e3o transmitidos ao vivo nos canais do Supremo Tribunal Federal (STF). A audi\u00eancia \u00e9 presidida pelo juiz auxiliar Rafael Henrique Janela Tamai Rocha, que atua no gabinete do ministro Alexandre de Moraes, relator do caso.<\/p>\n<p>O n\u00facleo 2 foi apontado pela PGR como sendo composto por assessores de alto escal\u00e3o que desempenharam papel de gerenciamento de a\u00e7\u00f5es, como a reda\u00e7\u00e3o de uma minuta de decreto golpista ou o uso da Pol\u00edcia Rodovi\u00e1ria Federal (PRF) em prol dos objetivos do compl\u00f4.<\/p>\n<p>Todos os r\u00e9us respondem por cinco crimes:<\/p>\n<ul>\n<li>Organiza\u00e7\u00e3o criminosa armada,<\/li>\n<li>Golpe de Estado,<\/li>\n<li>Tentativa de abolir o Estado Democr\u00e1tico de Direito,<\/li>\n<li>Dano qualificado,<\/li>\n<li>Deteriora\u00e7\u00e3o de patrim\u00f4nio tombado<\/li>\n<\/ul>\n<p>Somadas, as penas podem superar os 30 anos de cadeia.<\/p>\n<p>O interrogat\u00f3rio dos r\u00e9us \u00e9 uma das principais etapas do processo criminal, em que os acusados t\u00eam a oportunidade de falar por contra pr\u00f3pria e realizar sua autodefesa das acusa\u00e7\u00f5es.<\/p>\n<\/p><\/div>\n<\/section>\n<section><\/section>\n<section>\n<div>\n        Depoimento    <\/div>\n<\/section>\n<section><\/section>\n<section>\n<div>\n<p>Primeiro a falar, Oliveira buscou detalhar todos os seus passos antes, durante e depois do 8 de janeiro.\u00a0Ele foi acusado pela PGR de ter se omitido e permitido que os atos golpistas ocorressem, mas o delegado alegou que esteve ativo durante os acontecimentos.<\/p>\n<p>O delegado afirmou ter inspecionado pessoalmente, por volta da hora do almo\u00e7o, as conten\u00e7\u00f5es colocadas na Esplanada dos Minist\u00e9rios para impedir o acesso de manifestantes \u00e0 Pra\u00e7a dos Tr\u00eas Poderes. Na ocasi\u00e3o, foi novamente tranquilizado pelo comando da PM, contou.<\/p>\n<p>Ele disse ter juntado aos autos \u00e1udio que prova a presen\u00e7a dele no local quando come\u00e7am os atos violentos contra o pr\u00e9dio do Congresso Nacional. \u201cAssumo imediatamente o gabinete de crise, aciono o governador para pedir For\u00e7a Nacional\u201d, relatou.<\/p>\n<p>\u201cEu pe\u00e7o desesperadamente o refor\u00e7o, j\u00e1 em gabinete de crise, que sejam colocadas todas as tropas no Supremo Tribunal Federal (STF) e no Pal\u00e1cio do Planalto, porque j\u00e1 estavam entrando no Congresso, e eu queria ali salvar os pr\u00e9dios dos outros poderes\u201d, disse.<\/p>\n<p>Segundo ele, houve um \u201cerro operacional\u201d, pois a PM n\u00e3o atendeu a nenhum dos comandos feitos pelas autoridades civis.<\/p>\n<p>Ele disse tamb\u00e9m ter se surpreendido, assim como o governador distrital Ibaneis Rocha, ao saber que o ent\u00e3o secret\u00e1rio de Seguran\u00e7a P\u00fablica, Anderson Torres, havia viajado para fora do pa\u00eds, mesmo tendo sido alertado sobre a poss\u00edvel ocorr\u00eancia de atos violentos no dia 8 de janeiro.<\/p>\n<p>\u201cQuestionei sobre a viagem, se n\u00e3o seria correto ele adiar\u201d, disse Oliveira. \u201cEle disse que demonstrava confian\u00e7a na Pol\u00edcia Militar do Distrito Federal e no PAI [Plano de A\u00e7\u00e3o Integrada], que julgou perfeito e na sequ\u00eancia mant\u00e9m a viagem\u201d, disse Oliveira.<\/p>\n<\/p><\/div>\n<\/section>\n<section><\/section>\n<section>\n<div>\n        Acusa\u00e7\u00e3o    <\/div>\n<\/section>\n<section><\/section>\n<section>\n<div>\n<p>Al\u00e9m de se omitir no 8 de janeiro,\u00a0Fernando de Souza Oliveira foi acusado pela Procuradoria-Geral da Rep\u00fablica (PGR) de ter atuado em prol do sucesso do golpe quando ocupava um cargo no Minist\u00e9rio da Justi\u00e7a.\u00a0L\u00e1, segundo a den\u00fancia, ele teria ordenado a produ\u00e7\u00e3o de relat\u00f3rios com o objetivo de relacionar o ent\u00e3o candidato Luiz In\u00e1cio Lula da Silva, advers\u00e1rio de Bolsonaro na corrida presidencial, ao crime organizado.<\/p>\n<p>Oliveira negou qualquer direcionamento em seu trabalho. Ele afirmou ter sido convidado a Bras\u00edlia ainda na gest\u00e3o do ministro da Justi\u00e7a Andr\u00e9 Mendon\u00e7a, hoje ministro do Supremo, e que o convite se deu por seu perfil t\u00e9cnico-operacional. O delegado da PF alegou ainda n\u00e3o ter filia\u00e7\u00e3o partid\u00e1ria ou ideol\u00f3gica, ou mesmo contato com qualquer pol\u00edtico.<\/p>\n<p>Ele alegou ter aceitado o convite para trabalhar em Bras\u00edlia para poder ter acesso a melhores tratamentos de fertilidade, pois tentava ter filhos com a esposa.<\/p>\n<p>\u201cJamais arriscaria a minha vida profissional, a minha fam\u00edlia, em prol de qualquer a\u00e7\u00e3o de qualquer pessoa que n\u00e3o conhe\u00e7o. N\u00e3o conhe\u00e7o qualquer militar ou pol\u00edtico\u201d, concluiu.<\/p>\n<p>Ap\u00f3s a fala do delegado, a audi\u00eancia seguiu com o interrogat\u00f3rio de Filipe Martins, ex-assessor para Assuntos Internacionais de Bolsonaro.<\/p>\n<\/p><\/div>\n<\/section>\n<p>O post <a href=\"https:\/\/sul21.com.br\/noticias\/politica\/2025\/07\/delegado-da-pf-nega-omissao-no-8-de-janeiro-e-diz-que-pm-nao-cumpriu-combinado\/\">Delegado da PF nega omiss\u00e3o no 8 de janeiro e diz que PM n\u00e3o cumpriu combinado<\/a> apareceu primeiro em <a href=\"https:\/\/sul21.com.br\/\">Sul 21<\/a>.<\/p>\n<!-- Begin Yuzo --><div class='yuzo_related_post style-1'  data-version='5.12.89'><!-- without result --><div class='yuzo_clearfixed yuzo__title yuzo__title'><h3>Related Post<\/h3><\/div>\n\t\t\t\t\t\t  <div class=\"relatedthumb \" style=\"width:125px;float:left;overflow:hidden;\">  \n\t\t\t\t\t\t\t  \n\t\t\t\t\t\t\t  <a  href=\"https:\/\/redept.com.br\/blogosfera\/mario-araripe-a-fortuna-do-senhor-dos-ventos-vem-dos-territorios-do-semiarido\/\"  >\n\t\t\t\t\t\t\t\t\t  <div class=\"yuzo-img-wrap \" style=\"width: 125px;height:90px;\">\n\t\t\t\t\t\t\t\t\t\t\n\t\t\t\t\t\t\t\t\t\t<div class=\"yuzo-img\" style=\"background:url('https:\/\/redept.org\/blogosfera\/wp-content\/plugins\/yuzo-related-post\/assets\/images\/default.png') 50% 50% no-repeat;width: 125px;height:90px;margin-bottom: 5px;background-size: cover; \"><\/div>\n\t\t\t\t\t\t\t\t\t  <\/div>\n\t\t\t\t\t\t\t\t\t  \n\t\t\t\t\t\t\t\t   <span class=\"yuzo__text--title\" style=\"font-size:13px;\">M\u00e1rio Araripe: a fortuna do senhor dos ventos vem ...<\/span>\n\t\t\t\t\t\t\t  \n\t\t\t\t\t\t\t  \n\t\t\t\t\t\t\t  <\/a>\n\n\t\t\t\t\t\t  <\/div>\n\t\t\t\t\t\t  <div class=\"relatedthumb \" style=\"width:125px;float:left;overflow:hidden;\">  \n\t\t\t\t\t\t\t  \n\t\t\t\t\t\t\t  <a  href=\"https:\/\/redept.com.br\/blogosfera\/moraes-vota-a-favor-da-condenacao-de-carla-zambelli-a-10-anos-de-prisao\/\"  >\n\t\t\t\t\t\t\t\t\t  <div class=\"yuzo-img-wrap \" style=\"width: 125px;height:90px;\">\n\t\t\t\t\t\t\t\t\t\t\n\t\t\t\t\t\t\t\t\t\t<div class=\"yuzo-img\" style=\"background:url('https:\/\/redept.org\/blogosfera\/wp-content\/plugins\/yuzo-related-post\/assets\/images\/default.png') 50% 50% no-repeat;width: 125px;height:90px;margin-bottom: 5px;background-size: cover; \"><\/div>\n\t\t\t\t\t\t\t\t\t  <\/div>\n\t\t\t\t\t\t\t\t\t  \n\t\t\t\t\t\t\t\t   <span class=\"yuzo__text--title\" style=\"font-size:13px;\">Moraes vota a favor da condena\u00e7\u00e3o de Carla Zambell...<\/span>\n\t\t\t\t\t\t\t  \n\t\t\t\t\t\t\t  \n\t\t\t\t\t\t\t  <\/a>\n\n\t\t\t\t\t\t  <\/div>\n\t\t\t\t\t\t  <div class=\"relatedthumb \" style=\"width:125px;float:left;overflow:hidden;\">  \n\t\t\t\t\t\t\t  \n\t\t\t\t\t\t\t  <a  href=\"https:\/\/redept.com.br\/blogosfera\/mst-ocupa-fazenda-de-ex-vereador-preso-por-fraude-no-inss-em-sergipe\/\"  >\n\t\t\t\t\t\t\t\t\t  <div class=\"yuzo-img-wrap \" style=\"width: 125px;height:90px;\">\n\t\t\t\t\t\t\t\t\t\t\n\t\t\t\t\t\t\t\t\t\t<div class=\"yuzo-img\" style=\"background:url('https:\/\/redept.com.br\/blogosfera\/wp-content\/uploads\/2025\/09\/ocupamst-150x150.jpeg') 50% 50% no-repeat;width: 125px;height:90px;margin-bottom: 5px;background-size: cover; \"><\/div>\n\t\t\t\t\t\t\t\t\t  <\/div>\n\t\t\t\t\t\t\t\t\t  \n\t\t\t\t\t\t\t\t   <span class=\"yuzo__text--title\" style=\"font-size:13px;\">MST ocupa fazenda de ex-vereador preso por fraude ...<\/span>\n\t\t\t\t\t\t\t  \n\t\t\t\t\t\t\t  \n\t\t\t\t\t\t\t  <\/a>\n\n\t\t\t\t\t\t  <\/div>\n\t\t\t\t\t\t  <div class=\"relatedthumb \" style=\"width:125px;float:left;overflow:hidden;\">  \n\t\t\t\t\t\t\t  \n\t\t\t\t\t\t\t  <a  href=\"https:\/\/redept.com.br\/blogosfera\/lira-diz-que-acordo-entre-poderes-esta-sendo-cumprido-e-defende-liberacao-de-emendas-parlamentares\/\"  >\n\t\t\t\t\t\t\t\t\t  <div class=\"yuzo-img-wrap \" style=\"width: 125px;height:90px;\">\n\t\t\t\t\t\t\t\t\t\t\n\t\t\t\t\t\t\t\t\t\t<div class=\"yuzo-img\" style=\"background:url('https:\/\/redept.org\/blogosfera\/wp-content\/plugins\/yuzo-related-post\/assets\/images\/default.png') 50% 50% no-repeat;width: 125px;height:90px;margin-bottom: 5px;background-size: cover; \"><\/div>\n\t\t\t\t\t\t\t\t\t  <\/div>\n\t\t\t\t\t\t\t\t\t  \n\t\t\t\t\t\t\t\t   <span class=\"yuzo__text--title\" style=\"font-size:13px;\">Lira diz que acordo entre Poderes est\u00e1 sendo cumpr...<\/span>\n\t\t\t\t\t\t\t  \n\t\t\t\t\t\t\t  \n\t\t\t\t\t\t\t  <\/a>\n\n\t\t\t\t\t\t  <\/div>\n<\/div> <script>\n\t\t\t\t\t\t  jQuery(document).ready(function( $ ){\n\t\t\t\t\t\t\t\/\/jQuery('.yuzo_related_post').equalizer({ overflow : 'relatedthumb' });\n\t\t\t\t\t\t\tjQuery('.yuzo_related_post .yuzo_wraps').equalizer({ columns : '> div' });\n\t\t\t\t\t\t   })\n\t\t\t\t\t\t  <\/script> <!-- End Yuzo :) -->","protected":false},"excerpt":{"rendered":"<p>Da Ag\u00eancia Brasil O delegado de Pol\u00edcia Federal Fernando de Souza Oliveira negou nesta quinta-feira (24) que tenha se omitido durante os atos golpistas de 8 de janeiro de 2023,\u00a0quando era secret\u00e1rio-executivo da Secretaria de Seguran\u00e7a P\u00fablica do Distrito Federal e esteve \u00e0 frente da resposta aos v\u00e2ndalos.\u00a0 Ele afirmou que a Pol\u00edcia Militar do [&hellip;]<\/p>\n","protected":false},"author":2,"featured_media":0,"comment_status":"closed","ping_status":"closed","sticky":false,"template":"","format":"standard","meta":{"fifu_image_url":"","fifu_image_alt":"","footnotes":""},"categories":[1269,1570,2099,1764,132,260],"tags":[],"class_list":["post-40211","post","type-post","status-publish","format-standard","hentry","category-8-de-janeiro","category-pgr","category-pm","category-policia-federal","category-politica","category-stf"],"_links":{"self":[{"href":"https:\/\/redept.com.br\/blogosfera\/wp-json\/wp\/v2\/posts\/40211","targetHints":{"allow":["GET"]}}],"collection":[{"href":"https:\/\/redept.com.br\/blogosfera\/wp-json\/wp\/v2\/posts"}],"about":[{"href":"https:\/\/redept.com.br\/blogosfera\/wp-json\/wp\/v2\/types\/post"}],"author":[{"embeddable":true,"href":"https:\/\/redept.com.br\/blogosfera\/wp-json\/wp\/v2\/users\/2"}],"replies":[{"embeddable":true,"href":"https:\/\/redept.com.br\/blogosfera\/wp-json\/wp\/v2\/comments?post=40211"}],"version-history":[{"count":0,"href":"https:\/\/redept.com.br\/blogosfera\/wp-json\/wp\/v2\/posts\/40211\/revisions"}],"wp:attachment":[{"href":"https:\/\/redept.com.br\/blogosfera\/wp-json\/wp\/v2\/media?parent=40211"}],"wp:term":[{"taxonomy":"category","embeddable":true,"href":"https:\/\/redept.com.br\/blogosfera\/wp-json\/wp\/v2\/categories?post=40211"},{"taxonomy":"post_tag","embeddable":true,"href":"https:\/\/redept.com.br\/blogosfera\/wp-json\/wp\/v2\/tags?post=40211"}],"curies":[{"name":"wp","href":"https:\/\/api.w.org\/{rel}","templated":true}]}}