{"id":40215,"date":"2025-07-24T19:07:50","date_gmt":"2025-07-24T22:07:50","guid":{"rendered":"https:\/\/redept.org\/blogosfera\/justica-suspende-liminar-que-proibia-protestos-em-frente-aos-supermercados-zaffari\/"},"modified":"2025-07-24T19:07:50","modified_gmt":"2025-07-24T22:07:50","slug":"justica-suspende-liminar-que-proibia-protestos-em-frente-aos-supermercados-zaffari","status":"publish","type":"post","link":"https:\/\/redept.com.br\/blogosfera\/justica-suspende-liminar-que-proibia-protestos-em-frente-aos-supermercados-zaffari\/","title":{"rendered":"Justi\u00e7a suspende liminar que proibia protestos em frente aos supermercados Zaffari"},"content":{"rendered":"<section>\n<div>\n<p>A liminar que proibia manifesta\u00e7\u00f5es a menos de 100 metros das unidades do supermercado Zaffari foi suspensa nesta quinta-feira (24) pelo Tribunal de Justi\u00e7a do Rio Grande do Sul (TJRS), atrav\u00e9s de recurso interposto pelo PSTU.<\/p>\n<p><strong>Leia mais:<br \/>\n<\/strong><a href=\"https:\/\/sul21.com.br\/noticias\/meio-ambiente\/2024\/12\/mp-instaura-inquerito-sobre-possiveis-danos-ambientais-de-empreendimento-do-zaffari-em-area-de-mata-atlantica\/\">MP instaura inqu\u00e9rito sobre poss\u00edveis danos ambientais de empreendimento do Zaffari em \u00e1rea de mata atl\u00e2ntica<\/a><\/p>\n<p>Inicialmente, outra decis\u00e3o havia proibido manifesta\u00e7\u00f5es em \u00e1reas privativas dos estabelecimentos comerciais sob pena de multa de R$ 10 mil por cada dia de descumprimento. Depois, a liminar foi ampliada para proibir os protestos a uma dist\u00e2ncia de 100 metros das unidades do Zaffari.<\/p>\n<p>Na decis\u00e3o atual, o desembargador Murilo Magalh\u00e3es Castro Filho alega que a amplia\u00e7\u00e3o da medida liminar \u201csuscita fundada d\u00favida quanto \u00e0 sua proporcionalidade e necessidade e, mais, quanto a eventual extrapola\u00e7\u00e3o dos limites da an\u00e1lise da mat\u00e9ria concernente \u00e0 pretens\u00e3o possess\u00f3ria \u2013 que deve se limitar, por \u00f3bvio, \u00e0 efetiva \u00e1rea de posse\u201d do supermercado.<\/p>\n<p>Para a dire\u00e7\u00e3o do diret\u00f3rio municipal do PSTU em Porto Alegre, a revoga\u00e7\u00e3o da proibi\u00e7\u00e3o \u00e9 uma vit\u00f3ria parcial importante. \u201cNunca deixamos de lutar contra as arbitrariedades do Zaffari e \u00e9 fundamental intensificarmos a luta contra as escalas 10X1 e 6\u00d71 e pela redu\u00e7\u00e3o da jornada de trabalho, sem redu\u00e7\u00e3o salarial\u201d, diz um comunicado enviado \u00e0 imprensa.<\/p>\n<\/p><\/div>\n<\/section>\n<p>O post <a href=\"https:\/\/sul21.com.br\/noticias\/geral\/2025\/07\/justica-suspende-liminar-que-proibia-protestos-em-frente-aos-supermercados-zaffari\/\">Justi\u00e7a suspende liminar que proibia protestos em frente aos supermercados Zaffari<\/a> apareceu primeiro em <a href=\"https:\/\/sul21.com.br\/\">Sul 21<\/a>.<\/p>\n<!-- Begin Yuzo --><div class='yuzo_related_post style-1'  data-version='5.12.89'><!-- without result --><div class='yuzo_clearfixed yuzo__title yuzo__title'><h3>Related Post<\/h3><\/div>\n\t\t\t\t\t\t  <div class=\"relatedthumb \" style=\"width:125px;float:left;overflow:hidden;\">  \n\t\t\t\t\t\t\t  \n\t\t\t\t\t\t\t  <a  href=\"https:\/\/redept.com.br\/blogosfera\/mp-militar-aciona-stm-para-retirar-patentes-de-bolsonaro-e-aliados-golpistas\/\"  >\n\t\t\t\t\t\t\t\t\t  <div class=\"yuzo-img-wrap \" style=\"width: 125px;height:90px;\">\n\t\t\t\t\t\t\t\t\t\t\n\t\t\t\t\t\t\t\t\t\t<div class=\"yuzo-img\" style=\"background:url('https:\/\/redept.org\/blogosfera\/wp-content\/plugins\/yuzo-related-post\/assets\/images\/default.png') 50% 50% no-repeat;width: 125px;height:90px;margin-bottom: 5px;background-size: cover; \"><\/div>\n\t\t\t\t\t\t\t\t\t  <\/div>\n\t\t\t\t\t\t\t\t\t  \n\t\t\t\t\t\t\t\t   <span class=\"yuzo__text--title\" style=\"font-size:13px;\">MP Militar aciona STM para retirar patentes de Bol...<\/span>\n\t\t\t\t\t\t\t  \n\t\t\t\t\t\t\t  \n\t\t\t\t\t\t\t  <\/a>\n\n\t\t\t\t\t\t  <\/div>\n\t\t\t\t\t\t  <div class=\"relatedthumb \" style=\"width:125px;float:left;overflow:hidden;\">  \n\t\t\t\t\t\t\t  \n\t\t\t\t\t\t\t  <a  href=\"https:\/\/redept.com.br\/blogosfera\/mauro-vieira-e-marco-rubio-avancam-em-negociacoes-sobre-tarifas\/\"  >\n\t\t\t\t\t\t\t\t\t  <div class=\"yuzo-img-wrap \" style=\"width: 125px;height:90px;\">\n\t\t\t\t\t\t\t\t\t\t\n\t\t\t\t\t\t\t\t\t\t<div class=\"yuzo-img\" style=\"background:url('https:\/\/redept.org\/blogosfera\/wp-content\/plugins\/yuzo-related-post\/assets\/images\/default.png') 50% 50% no-repeat;width: 125px;height:90px;margin-bottom: 5px;background-size: cover; \"><\/div>\n\t\t\t\t\t\t\t\t\t  <\/div>\n\t\t\t\t\t\t\t\t\t  \n\t\t\t\t\t\t\t\t   <span class=\"yuzo__text--title\" style=\"font-size:13px;\">Mauro Vieira e Marco Rubio avan\u00e7am em negocia\u00e7\u00f5es ...<\/span>\n\t\t\t\t\t\t\t  \n\t\t\t\t\t\t\t  \n\t\t\t\t\t\t\t  <\/a>\n\n\t\t\t\t\t\t  <\/div>\n\t\t\t\t\t\t  <div class=\"relatedthumb \" style=\"width:125px;float:left;overflow:hidden;\">  \n\t\t\t\t\t\t\t  \n\t\t\t\t\t\t\t  <a  href=\"https:\/\/redept.com.br\/blogosfera\/parque-na-zona-norte-do-recife-exibe-filmes-de-kleber-mendonca-filho-e-transmite-oscar-ao-vivo-neste-domingo-13\/\"  >\n\t\t\t\t\t\t\t\t\t  <div class=\"yuzo-img-wrap \" style=\"width: 125px;height:90px;\">\n\t\t\t\t\t\t\t\t\t\t\n\t\t\t\t\t\t\t\t\t\t<div class=\"yuzo-img\" style=\"background:url('https:\/\/redept.org\/blogosfera\/wp-content\/plugins\/yuzo-related-post\/assets\/images\/default.png') 50% 50% no-repeat;width: 125px;height:90px;margin-bottom: 5px;background-size: cover; \"><\/div>\n\t\t\t\t\t\t\t\t\t  <\/div>\n\t\t\t\t\t\t\t\t\t  \n\t\t\t\t\t\t\t\t   <span class=\"yuzo__text--title\" style=\"font-size:13px;\">Parque na zona norte do Recife exibe filmes de Kle...<\/span>\n\t\t\t\t\t\t\t  \n\t\t\t\t\t\t\t  \n\t\t\t\t\t\t\t  <\/a>\n\n\t\t\t\t\t\t  <\/div>\n\t\t\t\t\t\t  <div class=\"relatedthumb \" style=\"width:125px;float:left;overflow:hidden;\">  \n\t\t\t\t\t\t\t  \n\t\t\t\t\t\t\t  <a  href=\"https:\/\/redept.com.br\/blogosfera\/jamais-usaria-religiao-como-palanque-afirma-lula-em-entrevista-a-evangelicos\/\"  >\n\t\t\t\t\t\t\t\t\t  <div class=\"yuzo-img-wrap \" style=\"width: 125px;height:90px;\">\n\t\t\t\t\t\t\t\t\t\t\n\t\t\t\t\t\t\t\t\t\t<div class=\"yuzo-img\" style=\"background:url('https:\/\/redept.org\/blogosfera\/wp-content\/plugins\/yuzo-related-post\/assets\/images\/default.png') 50% 50% no-repeat;width: 125px;height:90px;margin-bottom: 5px;background-size: cover; \"><\/div>\n\t\t\t\t\t\t\t\t\t  <\/div>\n\t\t\t\t\t\t\t\t\t  \n\t\t\t\t\t\t\t\t   <span class=\"yuzo__text--title\" style=\"font-size:13px;\">\u2018Jamais usaria religi\u00e3o como palanque\u2019, afirma Lul...<\/span>\n\t\t\t\t\t\t\t  \n\t\t\t\t\t\t\t  \n\t\t\t\t\t\t\t  <\/a>\n\n\t\t\t\t\t\t  <\/div>\n<\/div> <script>\n\t\t\t\t\t\t  jQuery(document).ready(function( $ ){\n\t\t\t\t\t\t\t\/\/jQuery('.yuzo_related_post').equalizer({ overflow : 'relatedthumb' });\n\t\t\t\t\t\t\tjQuery('.yuzo_related_post .yuzo_wraps').equalizer({ columns : '> div' });\n\t\t\t\t\t\t   })\n\t\t\t\t\t\t  <\/script> <!-- End Yuzo :) -->","protected":false},"excerpt":{"rendered":"<p>A liminar que proibia manifesta\u00e7\u00f5es a menos de 100 metros das unidades do supermercado Zaffari foi suspensa nesta quinta-feira (24) pelo Tribunal de Justi\u00e7a do Rio Grande do Sul (TJRS), atrav\u00e9s de recurso interposto pelo PSTU. Leia mais: MP instaura inqu\u00e9rito sobre poss\u00edveis danos ambientais de empreendimento do Zaffari em \u00e1rea de mata atl\u00e2ntica Inicialmente, [&hellip;]<\/p>\n","protected":false},"author":2,"featured_media":0,"comment_status":"closed","ping_status":"closed","sticky":false,"template":"","format":"standard","meta":{"fifu_image_url":"","fifu_image_alt":"","footnotes":""},"categories":[1963,94,10506,10507,377,5972],"tags":[],"class_list":["post-40215","post","type-post","status-publish","format-standard","hentry","category-escala-6x1","category-geral","category-gurpo-zaffari","category-pstu","category-trabalho","category-zaffari"],"_links":{"self":[{"href":"https:\/\/redept.com.br\/blogosfera\/wp-json\/wp\/v2\/posts\/40215","targetHints":{"allow":["GET"]}}],"collection":[{"href":"https:\/\/redept.com.br\/blogosfera\/wp-json\/wp\/v2\/posts"}],"about":[{"href":"https:\/\/redept.com.br\/blogosfera\/wp-json\/wp\/v2\/types\/post"}],"author":[{"embeddable":true,"href":"https:\/\/redept.com.br\/blogosfera\/wp-json\/wp\/v2\/users\/2"}],"replies":[{"embeddable":true,"href":"https:\/\/redept.com.br\/blogosfera\/wp-json\/wp\/v2\/comments?post=40215"}],"version-history":[{"count":0,"href":"https:\/\/redept.com.br\/blogosfera\/wp-json\/wp\/v2\/posts\/40215\/revisions"}],"wp:attachment":[{"href":"https:\/\/redept.com.br\/blogosfera\/wp-json\/wp\/v2\/media?parent=40215"}],"wp:term":[{"taxonomy":"category","embeddable":true,"href":"https:\/\/redept.com.br\/blogosfera\/wp-json\/wp\/v2\/categories?post=40215"},{"taxonomy":"post_tag","embeddable":true,"href":"https:\/\/redept.com.br\/blogosfera\/wp-json\/wp\/v2\/tags?post=40215"}],"curies":[{"name":"wp","href":"https:\/\/api.w.org\/{rel}","templated":true}]}}