{"id":40314,"date":"2025-07-25T16:00:39","date_gmt":"2025-07-25T19:00:39","guid":{"rendered":"https:\/\/redept.org\/blogosfera\/lula-critica-apoio-ao-tarifaco-estao-agarrados-nas-botas-do-trump\/"},"modified":"2025-07-25T16:00:39","modified_gmt":"2025-07-25T19:00:39","slug":"lula-critica-apoio-ao-tarifaco-estao-agarrados-nas-botas-do-trump","status":"publish","type":"post","link":"https:\/\/redept.com.br\/blogosfera\/lula-critica-apoio-ao-tarifaco-estao-agarrados-nas-botas-do-trump\/","title":{"rendered":"Lula critica apoio ao \u2018tarifa\u00e7o\u2019: \u201cEst\u00e3o agarrados nas botas do Trump\u201d"},"content":{"rendered":"<p><img loading=\"lazy\" width=\"1024\" height=\"733\"src=\"https:\/\/redept.org\/blogosfera\/wp-content\/uploads\/2025\/07\/54678699039_40a0efccbb_k.jpg\" alt=\"\" decoding=\"async\" loading=\"lazy\" srcset=\"https:\/\/vermelho.org.br\/wp-content\/uploads\/2025\/07\/54678699039_40a0efccbb_k-1024x733.jpg 1024w, https:\/\/vermelho.org.br\/wp-content\/uploads\/2025\/07\/54678699039_40a0efccbb_k-300x215.jpg 300w, https:\/\/vermelho.org.br\/wp-content\/uploads\/2025\/07\/54678699039_40a0efccbb_k-768x549.jpg 768w, https:\/\/vermelho.org.br\/wp-content\/uploads\/2025\/07\/54678699039_40a0efccbb_k-1536x1099.jpg 1536w, https:\/\/redept.org\/blogosfera\/wp-content\/uploads\/2025\/07\/54678699039_40a0efccbb_k.jpg 2048w\" sizes=\"auto, (max-width: 1024px) 100vw, 1024px\"><\/p>\n<p>O presidente Lula esteve nesta sexta-feira (25) em Osasco, na Grande S\u00e3o Paulo, para anunciar R$ 4,67 bilh\u00f5es em investimentos do governo federal para a urbaniza\u00e7\u00e3o de favelas, por meio do novo PAC Sele\u00e7\u00f5es 2025 \u2013 Periferia Viva.<\/p>\n<p>Ao p\u00fablico, Lula celebrou as a\u00e7\u00f5es que atender\u00e3o 32 munic\u00edpios de 12 estados. Mas grande parte do seu discurso tratou da tarifa de 50% anunciada contra o Brasil pelos Estados Unidos. De acordo com o presidente, os que se dizem patriotas e tomaram para si a bandeira nacional e a camisa da sele\u00e7\u00e3o brasileira, hoje vendem o pa\u00eds para os Estados Unidos.<\/p>\n<p>\u201cEsses mesmos cidad\u00e3os que utilizam a camisa da sele\u00e7\u00e3o brasileira e a bandeira nacional se dizendo patriotas, est\u00e3o agora agarrados nas botas do presidente dos Estados Unidos, pedindo para ele fazer interven\u00e7\u00e3o no Brasil. Uma total falta de patriotismo, junto com a sem-vergonhice e trai\u00e7\u00e3o. Pedem para taxar o que vendemos para libertar o pai [Bolsonaro], ou seja, trocando o Brasil pelo pai. Que patriota que \u00e9 esse? Isso \u00e9 pior do que Silv\u00e9rio dos Reis, que traiu Tiradentes\u201d, critica Lula, em refer\u00eancia a Eduardo Bolsonaro.<\/p>\n<p><strong>Leia mais<\/strong>: <a href=\"https:\/\/vermelho.org.br\/2025\/07\/25\/general-confessa-ser-autor-de-plano-para-matar-lula-alckmin-e-moraes\/\">General confessa ser autor de plano para matar Lula, Alckmin e Moraes<\/a><\/p>\n<p>Sobre a carta em que Trump anuncia o \u2018tarifa\u00e7o\u2019, Lula fez quest\u00e3o de destacar que a situa\u00e7\u00e3o de Jair Bolsonaro \u00e9 um problema da Justi\u00e7a brasileira. Al\u00e9m disso, afirmou que as Big Techs norte-americanas t\u00eam que respeitar o pa\u00eds, por isso ser\u00e3o regulamentadas para atuarem aqui, e lembrou que os EUA det\u00eam super\u00e1vit comercial na rela\u00e7\u00e3o com o Brasil, rebatendo os pontos levantados na carta.<\/p>\n<p><strong>Mentira dos bolsonaristas<\/strong><\/p>\n<p>Lula tamb\u00e9m criticou os deputados e senadores brasileiros que levaram uma bandeira de Trump ao Congresso Nacional e lembrou a todos que ele \u00e9 um dos brasileiros que mais negociou na vida, por conta de seu hist\u00f3rico sindical. Como diz, ganhar ou perder faz parte, mas \u00e9 preciso negociar e n\u00e3o acreditar em mentiras, como a de que Jair Bolsonaro est\u00e1 sendo perseguido.<\/p>\n<p>\u201cPrimeiro, o Bolsonaro n\u00e3o est\u00e1 sendo perseguido. Ele est\u00e1 sendo julgado com todo o direito de defesa. Ele tentou dar um golpe nesse pa\u00eds. Ele n\u00e3o queria que eu e o Alckmin tom\u00e1ssemos posse e chegou a montar uma equipe para matar: o Lula, o Alckmin e o Alexandre de Moraes\u201d, recorda.<\/p>\n<p><strong>Leia mais<\/strong>: <a href=\"https:\/\/vermelho.org.br\/2025\/07\/24\/trump-nao-e-imperador-do-mundo-e-soberania-brasileira-e-do-povo-diz-lula\/\">Trump n\u00e3o \u00e9 imperador do mundo e soberania brasileira \u00e9 do povo, diz Lula<\/a><\/p>\n<p>Segundo Lula, se Trump tivesse entrado em contato com ele, a situa\u00e7\u00e3o seria explicada, mas ressaltou, mais uma vez, que a invas\u00e3o incentivada pelo norte-americano ao Capit\u00f3lio, se fosse no Brasil, seria julgada pela Justi\u00e7a.<\/p>\n<p>\u201cNeste pa\u00eds quem manda \u00e9 o povo brasileiro. E o povo brasileiro est\u00e1 esperando que se fa\u00e7a justi\u00e7a. Se o Bolsonaro for inocente, ele vai ser livre\u201d, sublinha.<\/p>\n<p><strong>Tornozeleira<\/strong><\/p>\n<p>Lula ainda fez refer\u00eancia \u00e0 tornozeleira eletr\u00f4nica que usa Bolsonaro. Conforme revela, quando foi injustamente condenado, preferiu 580 dias na pris\u00e3o, at\u00e9 que fosse inocentado, do que tentar fugir ou ser monitorado pelo dispositivo, uma vez que confiava que a justi\u00e7a seria feita.<\/p>\n<p>\u00a0\u201cQuando fizeram a proposta de um acordo para mim, para ir para a casa de tornozeleira, eu disse para eles: \u2018eu n\u00e3o troco a minha dignidade pela minha liberdade\u2019. N\u00e3o vou colocar tornozeleira porque eu n\u00e3o sou pombo correio e a minha casa n\u00e3o \u00e9 cadeia. E estou aqui, de cabe\u00e7a erguida, como presidente pela terceira vez\u201d, ressalta.<\/p>\n<figure>\n<figure><img fetchpriority=\"high\" decoding=\"async\" width=\"1024\" height=\"707\" data-id=\"723111\"src=\"https:\/\/redept.org\/blogosfera\/wp-content\/uploads\/2025\/07\/54678701838_fa264f4b15_k.jpg\" alt=\"\" srcset=\"https:\/\/vermelho.org.br\/wp-content\/uploads\/2025\/07\/54678701838_fa264f4b15_k-1024x707.jpg 1024w, https:\/\/vermelho.org.br\/wp-content\/uploads\/2025\/07\/54678701838_fa264f4b15_k-300x207.jpg 300w, https:\/\/vermelho.org.br\/wp-content\/uploads\/2025\/07\/54678701838_fa264f4b15_k-768x530.jpg 768w, https:\/\/vermelho.org.br\/wp-content\/uploads\/2025\/07\/54678701838_fa264f4b15_k-1536x1060.jpg 1536w, https:\/\/redept.org\/blogosfera\/wp-content\/uploads\/2025\/07\/54678701838_fa264f4b15_k.jpg 2048w\" sizes=\"(max-width: 1024px) 100vw, 1024px\"><figcaption>Foto: Ricardo Stuckert \/ PR<\/figcaption><\/figure>\n<figure><img decoding=\"async\" width=\"1024\" height=\"622\" data-id=\"723112\"src=\"https:\/\/redept.org\/blogosfera\/wp-content\/uploads\/2025\/07\/54678803145_e3277c7076_k.jpg\" alt=\"\" srcset=\"https:\/\/vermelho.org.br\/wp-content\/uploads\/2025\/07\/54678803145_e3277c7076_k-1024x622.jpg 1024w, https:\/\/vermelho.org.br\/wp-content\/uploads\/2025\/07\/54678803145_e3277c7076_k-300x182.jpg 300w, https:\/\/vermelho.org.br\/wp-content\/uploads\/2025\/07\/54678803145_e3277c7076_k-768x466.jpg 768w, https:\/\/vermelho.org.br\/wp-content\/uploads\/2025\/07\/54678803145_e3277c7076_k-1536x933.jpg 1536w, https:\/\/redept.org\/blogosfera\/wp-content\/uploads\/2025\/07\/54678803145_e3277c7076_k.jpg 2047w\" sizes=\"(max-width: 1024px) 100vw, 1024px\"><figcaption>Foto: Ricardo Stuckert \/ PR<\/figcaption><\/figure>\n<\/figure>\n<p><strong>Negociador n\u00ba 1<\/strong><\/p>\n<p>Na sequ\u00eancia, fez uma defer\u00eancia a Alckmin, que tenta de todas as formas uma interlocu\u00e7\u00e3o com o governo dos EUA, mas sem sucesso.<\/p>\n<p>\u201cEsse cara \u00e9 ex\u00edmio negociador, n\u00e3o levanta voz e n\u00e3o manda carta, ele s\u00f3 quer conversar. Trump, no dia que voc\u00ea quiser conversar, o Brasil estar\u00e1 pronto e preparado para discutir, para tentar mostrar o quanto voc\u00ea foi enganado com as informa\u00e7\u00f5es que te deram. E voc\u00ea vai saber a verdade sobre o Brasil. E quando voc\u00ea souber a verdade, voc\u00ea vai falar: \u2018Lula, eu n\u00e3o vou mais taxar o Brasil\u2019. Mas para isso \u00e9 preciso conversar. E est\u00e1 aqui o meu conversador n\u00famero um. Ningu\u00e9m pode dizer que o Alckmin n\u00e3o quer conversar, todo dia ele liga para algu\u00e9m\u201d, destaca.<\/p>\n<p><strong>Urbaniza\u00e7\u00e3o de Favelas<\/strong><\/p>\n<p>A cerim\u00f4nia no Jardim Rochdale, em Osasco, foi marcada pelo an\u00fancio do Novo PAC Sele\u00e7\u00f5es 2025 Periferia Viva \u2013 Urbaniza\u00e7\u00e3o de Favelas. O governo federal destina mais R$ 4,67 bilh\u00f5es para 49 territ\u00f3rios perif\u00e9ricos de 32 munic\u00edpios de 12 estados.<\/p>\n<p>As contrata\u00e7\u00f5es feitas junto \u00e0 Caixa Econ\u00f4mica abrangem, conforme o governo federal, \u201c5.606 unidades habitacionais do Minha Casa, Minha Vida, 8.434 unidades habitacionais com financiamento, 8.465 melhorias habitacionais e o benef\u00edcio a 375 mil fam\u00edlias.\u201d<\/p>\n<p><strong>Leia mais<\/strong>: <a href=\"https:\/\/vermelho.org.br\/2025\/07\/24\/governo-lula-prepara-o-lancamento-do-programa-gas-para-todos\/\">Governo Lula prepara o lan\u00e7amento do programa \u201cG\u00e1s para Todos\u201d<\/a><\/p>\n<figure><img loading=\"lazy\" loading=\"lazy\" decoding=\"async\" width=\"1024\" height=\"656\"src=\"https:\/\/redept.org\/blogosfera\/wp-content\/uploads\/2025\/07\/54678457949_58c9ef4460_k.jpg\" alt=\"\" srcset=\"https:\/\/vermelho.org.br\/wp-content\/uploads\/2025\/07\/54678457949_58c9ef4460_k-1024x656.jpg 1024w, https:\/\/vermelho.org.br\/wp-content\/uploads\/2025\/07\/54678457949_58c9ef4460_k-300x192.jpg 300w, https:\/\/vermelho.org.br\/wp-content\/uploads\/2025\/07\/54678457949_58c9ef4460_k-768x492.jpg 768w, https:\/\/vermelho.org.br\/wp-content\/uploads\/2025\/07\/54678457949_58c9ef4460_k-1536x984.jpg 1536w, https:\/\/redept.org\/blogosfera\/wp-content\/uploads\/2025\/07\/54678457949_58c9ef4460_k.jpg 2048w\" sizes=\"auto, (max-width: 1024px) 100vw, 1024px\"><figcaption>Visita de Lula em Osasco. Foto: Ricardo Stuckert \/ PR<\/figcaption><\/figure>\n<p>Somente em S\u00e3o Paulo s\u00e3o R$ 2 bilh\u00f5es para atender 13 comunidades. Em Osasco s\u00e3o R$ 200 milh\u00f5es para 240 novas unidades habitacionais na Favela da 13, no bairro Jaguaripe, e 194 moradias para a comunidade do Limite, no bairro Santa Maria. O munic\u00edpio ainda contar\u00e1 com assessoria da equipe do Periferia Viva para obras de infraestrutura.<\/p>\n<p>O Jardim Rochdale, que historicamente sofre com alagamentos, passar\u00e1 por uma segunda fase da urbaniza\u00e7\u00e3o. O territ\u00f3rio j\u00e1 havia sido atendido com recursos do PAC e agora, com o Novo Programa, receber\u00e1 mais R$ 82 milh\u00f5es para a urbaniza\u00e7\u00e3o, incluindo a constru\u00e7\u00e3o de infraestrutura urbana, recupera\u00e7\u00e3o ambiental, regulariza\u00e7\u00e3o fundi\u00e1ria, constru\u00e7\u00e3o de 166 novas moradias e melhorias em 319 unidades habitacionais.<\/p>\n<figure>\n<figure><img loading=\"lazy\" loading=\"lazy\" decoding=\"async\" width=\"1024\" height=\"683\" data-id=\"723110\"src=\"https:\/\/redept.org\/blogosfera\/wp-content\/uploads\/2025\/07\/54678699089_d73e102b31_k.jpg\" alt=\"\" srcset=\"https:\/\/vermelho.org.br\/wp-content\/uploads\/2025\/07\/54678699089_d73e102b31_k-1024x683.jpg 1024w, https:\/\/vermelho.org.br\/wp-content\/uploads\/2025\/07\/54678699089_d73e102b31_k-300x200.jpg 300w, https:\/\/vermelho.org.br\/wp-content\/uploads\/2025\/07\/54678699089_d73e102b31_k-768x512.jpg 768w, https:\/\/vermelho.org.br\/wp-content\/uploads\/2025\/07\/54678699089_d73e102b31_k-1536x1024.jpg 1536w, https:\/\/vermelho.org.br\/wp-content\/uploads\/2025\/07\/54678699089_d73e102b31_k-272x182.jpg 272w, https:\/\/redept.org\/blogosfera\/wp-content\/uploads\/2025\/07\/54678699089_d73e102b31_k.jpg 2048w\" sizes=\"auto, (max-width: 1024px) 100vw, 1024px\"><figcaption>Foto: Ricardo Stuckert \/ PR<\/figcaption><\/figure>\n<figure><img loading=\"lazy\" loading=\"lazy\" decoding=\"async\" width=\"800\" height=\"575\" data-id=\"723109\"src=\"https:\/\/redept.org\/blogosfera\/wp-content\/uploads\/2025\/07\/54678803595_c4fcddaa3c_c.jpg\" alt=\"\" srcset=\"https:\/\/redept.org\/blogosfera\/wp-content\/uploads\/2025\/07\/54678803595_c4fcddaa3c_c.jpg 800w, https:\/\/vermelho.org.br\/wp-content\/uploads\/2025\/07\/54678803595_c4fcddaa3c_c-300x216.jpg 300w, https:\/\/vermelho.org.br\/wp-content\/uploads\/2025\/07\/54678803595_c4fcddaa3c_c-768x552.jpg 768w\" sizes=\"auto, (max-width: 800px) 100vw, 800px\"><figcaption>Foto: Ricardo Stuckert \/ PR<\/figcaption><\/figure>\n<\/figure>\n<p>O post <a href=\"https:\/\/vermelho.org.br\/2025\/07\/25\/lula-critica-apoio-ao-tarifaco-estao-agarrados-nas-botas-do-trump\/\">Lula critica apoio ao \u2018tarifa\u00e7o\u2019: \u201cEst\u00e3o agarrados nas botas do Trump\u201d<\/a> apareceu primeiro em <a href=\"https:\/\/vermelho.org.br\/\">Vermelho<\/a>.<\/p>\n<!-- Begin Yuzo --><div class='yuzo_related_post style-1'  data-version='5.12.89'><!-- without result --><div class='yuzo_clearfixed yuzo__title yuzo__title'><h3>Related Post<\/h3><\/div>\n\t\t\t\t\t\t  <div class=\"relatedthumb \" style=\"width:125px;float:left;overflow:hidden;\">  \n\t\t\t\t\t\t\t  \n\t\t\t\t\t\t\t  <a  href=\"https:\/\/redept.com.br\/blogosfera\/protestos-globais-e-resistencia-rnterna-contra-acoes-dos-eua-na-venezuela\/\"  >\n\t\t\t\t\t\t\t\t\t  <div class=\"yuzo-img-wrap \" style=\"width: 125px;height:90px;\">\n\t\t\t\t\t\t\t\t\t\t\n\t\t\t\t\t\t\t\t\t\t<div class=\"yuzo-img\" style=\"background:url('https:\/\/redept.com.br\/blogosfera\/wp-content\/uploads\/2026\/01\/Design-sem-nome-3-150x150.png') 50% 50% no-repeat;width: 125px;height:90px;margin-bottom: 5px;background-size: cover; \"><\/div>\n\t\t\t\t\t\t\t\t\t  <\/div>\n\t\t\t\t\t\t\t\t\t  \n\t\t\t\t\t\t\t\t   <span class=\"yuzo__text--title\" style=\"font-size:13px;\">Protestos globais e resist\u00eancia rnterna contra a\u00e7\u00f5...<\/span>\n\t\t\t\t\t\t\t  \n\t\t\t\t\t\t\t  \n\t\t\t\t\t\t\t  <\/a>\n\n\t\t\t\t\t\t  <\/div>\n\t\t\t\t\t\t  <div class=\"relatedthumb \" style=\"width:125px;float:left;overflow:hidden;\">  \n\t\t\t\t\t\t\t  \n\t\t\t\t\t\t\t  <a  href=\"https:\/\/redept.com.br\/blogosfera\/trump-e-a-sombra-do-capitalismo-de-finitude\/\"  >\n\t\t\t\t\t\t\t\t\t  <div class=\"yuzo-img-wrap \" style=\"width: 125px;height:90px;\">\n\t\t\t\t\t\t\t\t\t\t\n\t\t\t\t\t\t\t\t\t\t<div class=\"yuzo-img\" style=\"background:url('https:\/\/redept.com.br\/blogosfera\/wp-content\/uploads\/2025\/03\/250320-Africa-1024x680-1-150x150.jpg') 50% 50% no-repeat;width: 125px;height:90px;margin-bottom: 5px;background-size: cover; \"><\/div>\n\t\t\t\t\t\t\t\t\t  <\/div>\n\t\t\t\t\t\t\t\t\t  \n\t\t\t\t\t\t\t\t   <span class=\"yuzo__text--title\" style=\"font-size:13px;\">Trump e a sombra do Capitalismo de Finitude<\/span>\n\t\t\t\t\t\t\t  \n\t\t\t\t\t\t\t  \n\t\t\t\t\t\t\t  <\/a>\n\n\t\t\t\t\t\t  <\/div>\n\t\t\t\t\t\t  <div class=\"relatedthumb \" style=\"width:125px;float:left;overflow:hidden;\">  \n\t\t\t\t\t\t\t  \n\t\t\t\t\t\t\t  <a  href=\"https:\/\/redept.com.br\/blogosfera\/qual-a-receita-do-prefeito-do-recife-joao-campos-para-a-comunicacao-do-governo-lula\/\"  >\n\t\t\t\t\t\t\t\t\t  <div class=\"yuzo-img-wrap \" style=\"width: 125px;height:90px;\">\n\t\t\t\t\t\t\t\t\t\t\n\t\t\t\t\t\t\t\t\t\t<div class=\"yuzo-img\" style=\"background:url('https:\/\/redept.org\/blogosfera\/wp-content\/plugins\/yuzo-related-post\/assets\/images\/default.png') 50% 50% no-repeat;width: 125px;height:90px;margin-bottom: 5px;background-size: cover; \"><\/div>\n\t\t\t\t\t\t\t\t\t  <\/div>\n\t\t\t\t\t\t\t\t\t  \n\t\t\t\t\t\t\t\t   <span class=\"yuzo__text--title\" style=\"font-size:13px;\">Qual a receita do prefeito do Recife, Jo\u00e3o Campos,...<\/span>\n\t\t\t\t\t\t\t  \n\t\t\t\t\t\t\t  \n\t\t\t\t\t\t\t  <\/a>\n\n\t\t\t\t\t\t  <\/div>\n\t\t\t\t\t\t  <div class=\"relatedthumb \" style=\"width:125px;float:left;overflow:hidden;\">  \n\t\t\t\t\t\t\t  \n\t\t\t\t\t\t\t  <a  href=\"https:\/\/redept.com.br\/blogosfera\/em-visita-a-assentamento-do-mst-ministro-anuncia-avancos-para-reforma-agraria-em-campos-rj\/\"  >\n\t\t\t\t\t\t\t\t\t  <div class=\"yuzo-img-wrap \" style=\"width: 125px;height:90px;\">\n\t\t\t\t\t\t\t\t\t\t\n\t\t\t\t\t\t\t\t\t\t<div class=\"yuzo-img\" style=\"background:url('https:\/\/redept.com.br\/blogosfera\/wp-content\/uploads\/2025\/08\/image_processing20200201-29235-c3ci44-150x150.jpg') 50% 50% no-repeat;width: 125px;height:90px;margin-bottom: 5px;background-size: cover; \"><\/div>\n\t\t\t\t\t\t\t\t\t  <\/div>\n\t\t\t\t\t\t\t\t\t  \n\t\t\t\t\t\t\t\t   <span class=\"yuzo__text--title\" style=\"font-size:13px;\">Em visita a assentamento do MST, ministro anuncia ...<\/span>\n\t\t\t\t\t\t\t  \n\t\t\t\t\t\t\t  \n\t\t\t\t\t\t\t  <\/a>\n\n\t\t\t\t\t\t  <\/div>\n<\/div> <script>\n\t\t\t\t\t\t  jQuery(document).ready(function( $ ){\n\t\t\t\t\t\t\t\/\/jQuery('.yuzo_related_post').equalizer({ overflow : 'relatedthumb' });\n\t\t\t\t\t\t\tjQuery('.yuzo_related_post .yuzo_wraps').equalizer({ columns : '> div' });\n\t\t\t\t\t\t   })\n\t\t\t\t\t\t  <\/script> <!-- End Yuzo :) -->","protected":false},"excerpt":{"rendered":"<p>O presidente Lula esteve nesta sexta-feira (25) em Osasco, na Grande S\u00e3o Paulo, para anunciar R$ 4,67 bilh\u00f5es em investimentos do governo federal para a urbaniza\u00e7\u00e3o de favelas, por meio do novo PAC Sele\u00e7\u00f5es 2025 \u2013 Periferia Viva. Ao p\u00fablico, Lula celebrou as a\u00e7\u00f5es que atender\u00e3o 32 munic\u00edpios de 12 estados. Mas grande parte do [&hellip;]<\/p>\n","protected":false},"author":2,"featured_media":0,"comment_status":"open","ping_status":"closed","sticky":false,"template":"","format":"standard","meta":{"fifu_image_url":"","fifu_image_alt":"","footnotes":""},"categories":[586,17,112,5011,10526,2383,132,3641,4160,1453],"tags":[],"class_list":["post-40314","post","type-post","status-publish","format-standard","hentry","category-geraldo-alckmin","category-governo-lula","category-lula","category-novo-pac-selecoes","category-osasco","category-periferia-viva","category-politica","category-tarifaco","category-tarifas-comerciais","category-trump"],"_links":{"self":[{"href":"https:\/\/redept.com.br\/blogosfera\/wp-json\/wp\/v2\/posts\/40314","targetHints":{"allow":["GET"]}}],"collection":[{"href":"https:\/\/redept.com.br\/blogosfera\/wp-json\/wp\/v2\/posts"}],"about":[{"href":"https:\/\/redept.com.br\/blogosfera\/wp-json\/wp\/v2\/types\/post"}],"author":[{"embeddable":true,"href":"https:\/\/redept.com.br\/blogosfera\/wp-json\/wp\/v2\/users\/2"}],"replies":[{"embeddable":true,"href":"https:\/\/redept.com.br\/blogosfera\/wp-json\/wp\/v2\/comments?post=40314"}],"version-history":[{"count":0,"href":"https:\/\/redept.com.br\/blogosfera\/wp-json\/wp\/v2\/posts\/40314\/revisions"}],"wp:attachment":[{"href":"https:\/\/redept.com.br\/blogosfera\/wp-json\/wp\/v2\/media?parent=40314"}],"wp:term":[{"taxonomy":"category","embeddable":true,"href":"https:\/\/redept.com.br\/blogosfera\/wp-json\/wp\/v2\/categories?post=40314"},{"taxonomy":"post_tag","embeddable":true,"href":"https:\/\/redept.com.br\/blogosfera\/wp-json\/wp\/v2\/tags?post=40314"}],"curies":[{"name":"wp","href":"https:\/\/api.w.org\/{rel}","templated":true}]}}