{"id":40639,"date":"2025-07-28T15:04:17","date_gmt":"2025-07-28T18:04:17","guid":{"rendered":"https:\/\/redept.org\/blogosfera\/dallagnol-deve-pagar-r-135-mil-a-lula-por-caso-powerpoint-em-15-dias\/"},"modified":"2025-07-28T15:04:17","modified_gmt":"2025-07-28T18:04:17","slug":"dallagnol-deve-pagar-r-135-mil-a-lula-por-caso-powerpoint-em-15-dias","status":"publish","type":"post","link":"https:\/\/redept.com.br\/blogosfera\/dallagnol-deve-pagar-r-135-mil-a-lula-por-caso-powerpoint-em-15-dias\/","title":{"rendered":"Dallagnol deve pagar R$ 135 mil a Lula por \u201ccaso PowerPoint\u201d em 15 dias"},"content":{"rendered":"<p><img fetchpriority=\"high\" width=\"1024\" height=\"643\"src=\"https:\/\/redept.org\/blogosfera\/wp-content\/uploads\/2025\/07\/dallagnol-powerpoint-1.jpg\" alt=\"\" decoding=\"async\" srcset=\"https:\/\/vermelho.org.br\/wp-content\/uploads\/2024\/04\/dallagnol-powerpoint-1-1024x643.jpg 1024w, https:\/\/vermelho.org.br\/wp-content\/uploads\/2024\/04\/dallagnol-powerpoint-1-300x189.jpg 300w, https:\/\/vermelho.org.br\/wp-content\/uploads\/2024\/04\/dallagnol-powerpoint-1-768x483.jpg 768w, https:\/\/redept.org\/blogosfera\/wp-content\/uploads\/2025\/07\/dallagnol-powerpoint-1.jpg 1200w\" sizes=\"(max-width: 1024px) 100vw, 1024px\"><\/p>\n<p>A Justi\u00e7a de S\u00e3o Paulo determinou que o ex-procurador Deltan Dallagnol deposite, em at\u00e9 15 dias, a quantia de R$ 135,4 mil em favor do presidente Luiz In\u00e1cio Lula da Silva. A decis\u00e3o, proferida na \u00faltima sexta-feira (26) pelo juiz Carlo Brito Melfi, executa a condena\u00e7\u00e3o definitiva por danos morais no caso que ficou conhecido como \u201cPowerPoint\u201d, em raz\u00e3o da apresenta\u00e7\u00e3o feita por Dallagnol em rede nacional em 2016.<\/p>\n<p>O valor inclui a indeniza\u00e7\u00e3o estipulada, acrescida de juros, corre\u00e7\u00e3o monet\u00e1ria e honor\u00e1rios advocat\u00edcios. Caso n\u00e3o cumpra o pagamento no prazo estabelecido, o ex-procurador poder\u00e1 sofrer acr\u00e9scimo de 10% de multa. O processo j\u00e1 transitou em julgado quanto ao m\u00e9rito \u2014 ou seja, n\u00e3o cabe mais discuss\u00e3o sobre o conte\u00fado da condena\u00e7\u00e3o, apenas sobre o valor.<\/p>\n<p>O \u201ccaso PowerPoint\u201d tornou-se um marco negativo da judicializa\u00e7\u00e3o da pol\u00edtica e da espetaculariza\u00e7\u00e3o do processo penal. Ao final, o Judici\u00e1rio reconheceu que, ao tentar condenar Lula antes do tempo, Dallagnol feriu n\u00e3o apenas a imagem do r\u00e9u, mas o pr\u00f3prio sistema de justi\u00e7a \u2014 e agora, deve pagar por isso. <\/p>\n<p>Dallagnol, que renunciou ao cargo no Minist\u00e9rio P\u00fablico para disputar elei\u00e7\u00e3o e teve o mandato de deputado federal cassado pelo Tribunal Superior Eleitoral por irregularidades, tornou-se um dos rostos mais emblem\u00e1ticos do lavajatismo. Sua condena\u00e7\u00e3o por danos morais, hoje irrecorr\u00edvel, soma-se a uma s\u00e9rie de derrotas jur\u00eddicas e pol\u00edticas que refletem o esgotamento do ciclo iniciado com a opera\u00e7\u00e3o Lava Jato.<\/p>\n<p><strong>O caso que simbolizou o \u201clavajatismo\u201d e sua derrocada<\/strong><\/p>\n<p>A origem da a\u00e7\u00e3o remonta \u00e0 coletiva de imprensa concedida por Dallagnol, ent\u00e3o coordenador da for\u00e7a-tarefa da Lava Jato em Curitiba. Na ocasi\u00e3o, ele utilizou um slide do PowerPoint para associar o nome de Lula a 14 t\u00f3picos que, segundo ele, compunham um esquema de corrup\u00e7\u00e3o na Petrobras. Chamando o petista de \u201cgrande general\u201d e o sistema de governo de \u201cpropinocracia\u201d, o procurador fez imputa\u00e7\u00f5es antes mesmo da formaliza\u00e7\u00e3o da den\u00fancia criminal.<\/p>\n<p>Powerpoint \u00e9 uma proje\u00e7\u00e3o de gr\u00e1ficos que deveriam alinhar documentos, fatos e argumentos que levem a uma conclus\u00e3o. O ris\u00edvel da apresenta\u00e7\u00e3o do ex-procurador foi ter colocado Lula ao centro do gr\u00e1fico como autor de todo tipo de crime da Rep\u00fablica sem qualquer ind\u00edcio concreto, tornando-se um meme viralizado pelo rid\u00edculo.<\/p>\n<figure><img decoding=\"async\" width=\"1024\" height=\"794\"src=\"https:\/\/redept.org\/blogosfera\/wp-content\/uploads\/2025\/07\/Captura-de-Tela-2025-07-28-as-145700.png\" alt=\"\" srcset=\"https:\/\/vermelho.org.br\/wp-content\/uploads\/2025\/07\/Captura-de-Tela-2025-07-28-as-14.57.00-1024x794.png 1024w, https:\/\/vermelho.org.br\/wp-content\/uploads\/2025\/07\/Captura-de-Tela-2025-07-28-as-14.57.00-300x233.png 300w, https:\/\/vermelho.org.br\/wp-content\/uploads\/2025\/07\/Captura-de-Tela-2025-07-28-as-14.57.00-768x596.png 768w, https:\/\/redept.org\/blogosfera\/wp-content\/uploads\/2025\/07\/Captura-de-Tela-2025-07-28-as-145700.png 1256w\" sizes=\"(max-width: 1024px) 100vw, 1024px\"><figcaption><em><sup>O famoso powerpoint que demonstrou o amadorismo do ex-procurador e levou \u00e0 condena\u00e7\u00e3o \u00e0 indeniza\u00e7\u00e3o por cal\u00fania<\/sup><\/em><\/figcaption><\/figure>\n<p>A Justi\u00e7a paulista entendeu que Dallagnol extrapolou os limites de sua fun\u00e7\u00e3o, feriu direitos de personalidade e desrespeitou o princ\u00edpio da presun\u00e7\u00e3o de inoc\u00eancia. A linguagem utilizada foi considerada n\u00e3o t\u00e9cnica e ofensiva, com a apresenta\u00e7\u00e3o configurando um \u201cjulgamento midi\u00e1tico\u201d com impacto direto na imagem p\u00fablica de Lula \u2014 o que contribuiu para o entendimento de que houve abuso da fun\u00e7\u00e3o p\u00fablica com vi\u00e9s pol\u00edtico.<\/p>\n<p><strong>STF anulou condena\u00e7\u00f5es e reconheceu parcialidade de Moro<\/strong><\/p>\n<p>O caso do tr\u00edplex, citado na apresenta\u00e7\u00e3o, foi posteriormente anulado pelo Supremo Tribunal Federal, que considerou a 13\u00aa Vara Federal de Curitiba incompetente para julgar o ex-presidente. Al\u00e9m disso, o STF declarou a atua\u00e7\u00e3o de Sergio Moro \u2014 respons\u00e1vel pelas condena\u00e7\u00f5es de Lula \u2014 como parcial, invalidando todas as decis\u00f5es tomadas no \u00e2mbito da Lava Jato contra o petista.<\/p>\n<p>Essa reviravolta jur\u00eddica refor\u00e7ou os argumentos da defesa de Lula, que desde o in\u00edcio sustentava que as acusa\u00e7\u00f5es tinham motiva\u00e7\u00e3o pol\u00edtica e foram conduzidas sem garantias plenas de defesa. A anula\u00e7\u00e3o das condena\u00e7\u00f5es ocorreu dois anos e meio depois de Moro deixar a magistratura para integrar o governo de Jair Bolsonaro, movimento que consolidou a percep\u00e7\u00e3o de conluio pol\u00edtico entre Judici\u00e1rio e Executivo naquele per\u00edodo.<\/p>\n<p><strong>\u201cRea\u00e7\u00e3o do sistema\u201d: Dallagnol se vitimiza<\/strong><\/p>\n<p>Ap\u00f3s a decis\u00e3o da Justi\u00e7a paulista, Dallagnol reagiu nas redes sociais com um discurso de vitimiza\u00e7\u00e3o: \u201cBrasileiros, entendam: isso \u00e9 o que acontece quando se luta contra a corrup\u00e7\u00e3o e a injusti\u00e7a no BR. Essa \u00e9 a rea\u00e7\u00e3o do sistema, nua e crua. Lula sai impune e n\u00f3s pagamos o pre\u00e7o da corrup\u00e7\u00e3o.\u201d<\/p>\n<p>A declara\u00e7\u00e3o segue a t\u00f4nica de defesa t\u00edpica do ex-procurador, que acusa o sistema judicial de \u201crevidar\u201d contra quem combateu a corrup\u00e7\u00e3o. No entanto, a Justi\u00e7a foi clara ao distinguir o combate \u00e0 corrup\u00e7\u00e3o do desrespeito \u00e0 legalidade e \u00e0s garantias constitucionais \u2014 princ\u00edpios que teriam sido violados na condu\u00e7\u00e3o da Lava Jato e na exposi\u00e7\u00e3o p\u00fablica de Lula sem respaldo t\u00e9cnico ou processual.<\/p>\n<\/p>\n<p>O post <a href=\"https:\/\/vermelho.org.br\/2025\/07\/28\/dallagnol-deve-pagar-r-135-mil-a-lula-por-caso-powerpoint-em-15-dias\/\">Dallagnol deve pagar R$ 135 mil a Lula por \u201ccaso PowerPoint\u201d em 15 dias<\/a> apareceu primeiro em <a href=\"https:\/\/vermelho.org.br\/\">Vermelho<\/a>.<\/p>\n<!-- Begin Yuzo --><div class='yuzo_related_post style-1'  data-version='5.12.89'><!-- without result --><div class='yuzo_clearfixed yuzo__title yuzo__title'><h3>Related Post<\/h3><\/div>\n\t\t\t\t\t\t  <div class=\"relatedthumb \" style=\"width:125px;float:left;overflow:hidden;\">  \n\t\t\t\t\t\t\t  \n\t\t\t\t\t\t\t  <a  href=\"https:\/\/redept.com.br\/blogosfera\/estudantes-de-medicina-da-upe-iniciam-greve-apos-cortes-em-alimentacao\/\"  >\n\t\t\t\t\t\t\t\t\t  <div class=\"yuzo-img-wrap \" style=\"width: 125px;height:90px;\">\n\t\t\t\t\t\t\t\t\t\t\n\t\t\t\t\t\t\t\t\t\t<div class=\"yuzo-img\" style=\"background:url('https:\/\/redept.org\/blogosfera\/wp-content\/plugins\/yuzo-related-post\/assets\/images\/default.png') 50% 50% no-repeat;width: 125px;height:90px;margin-bottom: 5px;background-size: cover; \"><\/div>\n\t\t\t\t\t\t\t\t\t  <\/div>\n\t\t\t\t\t\t\t\t\t  \n\t\t\t\t\t\t\t\t   <span class=\"yuzo__text--title\" style=\"font-size:13px;\">Estudantes de Medicina da UPE iniciam greve ap\u00f3s c...<\/span>\n\t\t\t\t\t\t\t  \n\t\t\t\t\t\t\t  \n\t\t\t\t\t\t\t  <\/a>\n\n\t\t\t\t\t\t  <\/div>\n\t\t\t\t\t\t  <div class=\"relatedthumb \" style=\"width:125px;float:left;overflow:hidden;\">  \n\t\t\t\t\t\t\t  \n\t\t\t\t\t\t\t  <a  href=\"https:\/\/redept.com.br\/blogosfera\/influenciadora-japonesa-pede-perdao-de-joelhos-apos-viralizar-insultos-a-ambulante-no-peru\/\"  >\n\t\t\t\t\t\t\t\t\t  <div class=\"yuzo-img-wrap \" style=\"width: 125px;height:90px;\">\n\t\t\t\t\t\t\t\t\t\t\n\t\t\t\t\t\t\t\t\t\t<div class=\"yuzo-img\" style=\"background:url('https:\/\/redept.org\/blogosfera\/wp-content\/plugins\/yuzo-related-post\/assets\/images\/default.png') 50% 50% no-repeat;width: 125px;height:90px;margin-bottom: 5px;background-size: cover; \"><\/div>\n\t\t\t\t\t\t\t\t\t  <\/div>\n\t\t\t\t\t\t\t\t\t  \n\t\t\t\t\t\t\t\t   <span class=\"yuzo__text--title\" style=\"font-size:13px;\">Influenciadora japonesa pede perd\u00e3o de joelhos ap\u00f3...<\/span>\n\t\t\t\t\t\t\t  \n\t\t\t\t\t\t\t  \n\t\t\t\t\t\t\t  <\/a>\n\n\t\t\t\t\t\t  <\/div>\n\t\t\t\t\t\t  <div class=\"relatedthumb \" style=\"width:125px;float:left;overflow:hidden;\">  \n\t\t\t\t\t\t\t  \n\t\t\t\t\t\t\t  <a  href=\"https:\/\/redept.com.br\/blogosfera\/grampos-ilegais-de-moro-contra-autoridades-revelou-crimes-mas-juiz-nada-fez-e-usou-informacoes-como-chantagem\/\"  >\n\t\t\t\t\t\t\t\t\t  <div class=\"yuzo-img-wrap \" style=\"width: 125px;height:90px;\">\n\t\t\t\t\t\t\t\t\t\t\n\t\t\t\t\t\t\t\t\t\t<div class=\"yuzo-img\" style=\"background:url('https:\/\/redept.org\/blogosfera\/wp-content\/plugins\/yuzo-related-post\/assets\/images\/default.png') 50% 50% no-repeat;width: 125px;height:90px;margin-bottom: 5px;background-size: cover; \"><\/div>\n\t\t\t\t\t\t\t\t\t  <\/div>\n\t\t\t\t\t\t\t\t\t  \n\t\t\t\t\t\t\t\t   <span class=\"yuzo__text--title\" style=\"font-size:13px;\">Grampos ilegais de Moro contra autoridades revelou...<\/span>\n\t\t\t\t\t\t\t  \n\t\t\t\t\t\t\t  \n\t\t\t\t\t\t\t  <\/a>\n\n\t\t\t\t\t\t  <\/div>\n\t\t\t\t\t\t  <div class=\"relatedthumb \" style=\"width:125px;float:left;overflow:hidden;\">  \n\t\t\t\t\t\t\t  \n\t\t\t\t\t\t\t  <a  href=\"https:\/\/redept.com.br\/blogosfera\/reforma-trabalhista-brasileira-nao-pode-ser-exemplo-para-argentina\/\"  >\n\t\t\t\t\t\t\t\t\t  <div class=\"yuzo-img-wrap \" style=\"width: 125px;height:90px;\">\n\t\t\t\t\t\t\t\t\t\t\n\t\t\t\t\t\t\t\t\t\t<div class=\"yuzo-img\" style=\"background:url('https:\/\/redept.com.br\/blogosfera\/wp-content\/uploads\/2026\/02\/Reforma-trabalhista-brasileira-nao-pode-ser-exemplo-para-Argentina-780x470-1-150x150.png') 50% 50% no-repeat;width: 125px;height:90px;margin-bottom: 5px;background-size: cover; \"><\/div>\n\t\t\t\t\t\t\t\t\t  <\/div>\n\t\t\t\t\t\t\t\t\t  \n\t\t\t\t\t\t\t\t   <span class=\"yuzo__text--title\" style=\"font-size:13px;\">Reforma trabalhista brasileira n\u00e3o pode ser exempl...<\/span>\n\t\t\t\t\t\t\t  \n\t\t\t\t\t\t\t  \n\t\t\t\t\t\t\t  <\/a>\n\n\t\t\t\t\t\t  <\/div>\n<\/div> <script>\n\t\t\t\t\t\t  jQuery(document).ready(function( $ ){\n\t\t\t\t\t\t\t\/\/jQuery('.yuzo_related_post').equalizer({ overflow : 'relatedthumb' });\n\t\t\t\t\t\t\tjQuery('.yuzo_related_post .yuzo_wraps').equalizer({ columns : '> div' });\n\t\t\t\t\t\t   })\n\t\t\t\t\t\t  <\/script> <!-- End Yuzo :) -->","protected":false},"excerpt":{"rendered":"<p>A Justi\u00e7a de S\u00e3o Paulo determinou que o ex-procurador Deltan Dallagnol deposite, em at\u00e9 15 dias, a quantia de R$ 135,4 mil em favor do presidente Luiz In\u00e1cio Lula da Silva. A decis\u00e3o, proferida na \u00faltima sexta-feira (26) pelo juiz Carlo Brito Melfi, executa a condena\u00e7\u00e3o definitiva por danos morais no caso que ficou conhecido [&hellip;]<\/p>\n","protected":false},"author":2,"featured_media":0,"comment_status":"open","ping_status":"closed","sticky":false,"template":"","format":"standard","meta":{"fifu_image_url":"","fifu_image_alt":"","footnotes":""},"categories":[10608,10609,3086,1421,288,4324,10610,10611],"tags":[],"class_list":["post-40639","post","type-post","status-publish","format-standard","hentry","category-abuso-de-funcao","category-deltan-dallagnol","category-estado-democratico-de-direito","category-indenizacao","category-justica","category-operacao-lava-jato","category-powerpoint","category-presuncao-de-inocencia"],"_links":{"self":[{"href":"https:\/\/redept.com.br\/blogosfera\/wp-json\/wp\/v2\/posts\/40639","targetHints":{"allow":["GET"]}}],"collection":[{"href":"https:\/\/redept.com.br\/blogosfera\/wp-json\/wp\/v2\/posts"}],"about":[{"href":"https:\/\/redept.com.br\/blogosfera\/wp-json\/wp\/v2\/types\/post"}],"author":[{"embeddable":true,"href":"https:\/\/redept.com.br\/blogosfera\/wp-json\/wp\/v2\/users\/2"}],"replies":[{"embeddable":true,"href":"https:\/\/redept.com.br\/blogosfera\/wp-json\/wp\/v2\/comments?post=40639"}],"version-history":[{"count":0,"href":"https:\/\/redept.com.br\/blogosfera\/wp-json\/wp\/v2\/posts\/40639\/revisions"}],"wp:attachment":[{"href":"https:\/\/redept.com.br\/blogosfera\/wp-json\/wp\/v2\/media?parent=40639"}],"wp:term":[{"taxonomy":"category","embeddable":true,"href":"https:\/\/redept.com.br\/blogosfera\/wp-json\/wp\/v2\/categories?post=40639"},{"taxonomy":"post_tag","embeddable":true,"href":"https:\/\/redept.com.br\/blogosfera\/wp-json\/wp\/v2\/tags?post=40639"}],"curies":[{"name":"wp","href":"https:\/\/api.w.org\/{rel}","templated":true}]}}