{"id":40655,"date":"2025-07-28T15:06:38","date_gmt":"2025-07-28T18:06:38","guid":{"rendered":"https:\/\/redept.org\/blogosfera\/conferencia-livre-da-ubm-debate-dia-30-a-luta-contra-a-escala-6x1\/"},"modified":"2025-07-28T15:06:38","modified_gmt":"2025-07-28T18:06:38","slug":"conferencia-livre-da-ubm-debate-dia-30-a-luta-contra-a-escala-6x1","status":"publish","type":"post","link":"https:\/\/redept.com.br\/blogosfera\/conferencia-livre-da-ubm-debate-dia-30-a-luta-contra-a-escala-6x1\/","title":{"rendered":"Confer\u00eancia Livre da UBM debate, dia 30, a luta contra a escala 6\u00d71"},"content":{"rendered":"<p><img loading=\"lazy\" width=\"1024\" height=\"652\"src=\"https:\/\/redept.org\/blogosfera\/wp-content\/uploads\/2025\/07\/fim-escala-6x1_-Foto-Tania-Rego_Agencia-Brasil.jpg\" alt=\"\" decoding=\"async\" loading=\"lazy\" srcset=\"https:\/\/vermelho.org.br\/wp-content\/uploads\/2025\/07\/fim-escala-6x1_-Foto-Tania-Rego_Agencia-Brasil-1024x652.jpg 1024w, https:\/\/vermelho.org.br\/wp-content\/uploads\/2025\/07\/fim-escala-6x1_-Foto-Tania-Rego_Agencia-Brasil-300x191.jpg 300w, https:\/\/vermelho.org.br\/wp-content\/uploads\/2025\/07\/fim-escala-6x1_-Foto-Tania-Rego_Agencia-Brasil-768x489.jpg 768w, https:\/\/redept.org\/blogosfera\/wp-content\/uploads\/2025\/07\/fim-escala-6x1_-Foto-Tania-Rego_Agencia-Brasil.jpg 1299w\" sizes=\"auto, (max-width: 1024px) 100vw, 1024px\"><\/p>\n<p>A Uni\u00e3o Brasileira de Mulheres (UBM) re\u00fane, nesta quarta-feira (30), mulheres de todo o pa\u00eds para um importante debate sobre a luta pelo fim da escala 6\u00d71. A atividade \u00e9 preparat\u00f3ria para a 5\u00aa Confer\u00eancia Nacional de Pol\u00edticas para as Mulheres e acontece de maneira virtual, a partir das 18h30.<\/p>\n<p>A escala de trabalho 6\u00d71, vigente em diversos setores da economia, impacta diretamente a sa\u00fade, a conviv\u00eancia familiar e a qualidade de vida das mulheres \u2014 especialmente daquelas que acumulam duplas e triplas jornadas di\u00e1rias.<\/p>\n<p>Por isso, para a UBM, \u201clutar por uma jornada mais humana \u00e9 parte da nossa defesa de direitos e de um projeto de pa\u00eds que valorize o cuidado, o trabalho digno e a justi\u00e7a social\u201d.<\/p>\n<p><strong>Leia tamb\u00e9m: <\/strong><a href=\"https:\/\/vermelho.org.br\/2025\/07\/23\/ubm-recorre-ao-stjd-para-aumentar-punicao-ao-jogador-dudu-por-misoginia\/\">UBM recorre para aumentar puni\u00e7\u00e3o a Dudu por misoginia<\/a><\/p>\n<p>O encontro virtual contar\u00e1 com as participa\u00e7\u00f5es de Marilane Teixeira, professora e pesquisadora do Cesit (Centro de Estudos Sindicais e de Economia do Trabalho) da Unicamp, especialista em rela\u00e7\u00f5es de trabalho, sindicalismo e g\u00eanero e consultora do Minist\u00e9rio das Mulheres; e Lucia Rinc\u00f3n, historiadora, pesquisadora, professora, integrante da Associa\u00e7\u00e3o de Professores da PUC de Goi\u00e1s e dirigente da UBM nacional.<\/p>\n<p>O objetivo do debate \u00e9 fortalecer a organiza\u00e7\u00e3o das mulheres e elaborar propostas coletivas para as confer\u00eancias que ainda v\u00e3o ocorrer nos munic\u00edpios e estados at\u00e9 a etapa nacional.<\/p>\n<p>Para receber o acesso ao link da atividade, \u00e9 preciso realizar inscri\u00e7\u00e3o pr\u00e9via, <a href=\"https:\/\/forms.gle\/R9XpL7ANvC4eonka6\">clicando aqui. <\/a><\/p>\n<p><strong>5\u00aa CNPM<\/strong><\/p>\n<p>A UBM tem participado diretamente do <a href=\"https:\/\/vermelho.org.br\/2025\/07\/22\/mobilizacao-e-engajamento-no-plebiscito-o-povo-voltou-a-fazer-fila-para-votar\/\">Plebiscito Popular<\/a> \u2014 que tem como uma de suas pautas a redu\u00e7\u00e3o da jornada sem redu\u00e7\u00e3o salarial \u2014 e vem realizando, tamb\u00e9m, uma s\u00e9rie de confer\u00eancias livres tem\u00e1ticas, preparat\u00f3rias para a 5\u00aa Confer\u00eancia Nacional de Pol\u00edticas para as Mulheres.<\/p>\n<p>A etapa nacional da 5\u00aa CNPM ser\u00e1 realizada de 29 de setembro a 1\u00ba de outubro de 2025, em Bras\u00edlia, com o tema \u201cMais Democracia, Mais Igualdade, Mais Conquistas para Todas\u201d.<\/p>\n<p>A iniciativa busca a ampla participa\u00e7\u00e3o das diversas vozes de mulheres representadas por entidades, organiza\u00e7\u00f5es e movimentos sociais, estabelecendo um di\u00e1logo entre sociedade civil e \u00f3rg\u00e3os de promo\u00e7\u00e3o de pol\u00edticas para as mulheres municipais, estaduais e do Distrito Federal, al\u00e9m do governo federal.<\/p>\n<p>Promovida pelo Minist\u00e9rio das Mulheres e pelo Conselho Nacional dos Direitos das Mulheres, a 5\u00aa CNPM conta com quatro etapas. A primeira, focada nas confer\u00eancias livres, teve in\u00edcio em 28 de abril e se estende at\u00e9 o dia 15 de agosto.<\/p>\n<p>A segunda, de 28 de abril a 28 de julho, abarca as confer\u00eancias municipais e regionais. De 1\u00ba de julho a 31 de agosto, acontecem as confer\u00eancias estaduais e distrital, culminando no evento nacional.<\/p>\n<p>(PL)<\/p>\n<p>O post <a href=\"https:\/\/vermelho.org.br\/2025\/07\/28\/conferencia-livre-da-ubm-debate-na-quarta-30-a-luta-contra-a-escala-6x1\/\">Confer\u00eancia Livre da UBM debate, dia 30, a luta contra a escala 6\u00d71<\/a> apareceu primeiro em <a href=\"https:\/\/vermelho.org.br\/\">Vermelho<\/a>.<\/p>\n<!-- Begin Yuzo --><div class='yuzo_related_post style-1'  data-version='5.12.89'><!-- without result --><div class='yuzo_clearfixed yuzo__title yuzo__title'><h3>Related Post<\/h3><\/div>\n\t\t\t\t\t\t  <div class=\"relatedthumb \" style=\"width:125px;float:left;overflow:hidden;\">  \n\t\t\t\t\t\t\t  \n\t\t\t\t\t\t\t  <a  href=\"https:\/\/redept.com.br\/blogosfera\/moraes-pede-27-anos-e-tres-meses-de-prisao-para-bolsonaro-por-tentativa-de-golpe\/\"  >\n\t\t\t\t\t\t\t\t\t  <div class=\"yuzo-img-wrap \" style=\"width: 125px;height:90px;\">\n\t\t\t\t\t\t\t\t\t\t\n\t\t\t\t\t\t\t\t\t\t<div class=\"yuzo-img\" style=\"background:url('https:\/\/redept.org\/blogosfera\/wp-content\/plugins\/yuzo-related-post\/assets\/images\/default.png') 50% 50% no-repeat;width: 125px;height:90px;margin-bottom: 5px;background-size: cover; \"><\/div>\n\t\t\t\t\t\t\t\t\t  <\/div>\n\t\t\t\t\t\t\t\t\t  \n\t\t\t\t\t\t\t\t   <span class=\"yuzo__text--title\" style=\"font-size:13px;\">Moraes pede 27 anos e tr\u00eas meses de pris\u00e3o para Bo...<\/span>\n\t\t\t\t\t\t\t  \n\t\t\t\t\t\t\t  \n\t\t\t\t\t\t\t  <\/a>\n\n\t\t\t\t\t\t  <\/div>\n\t\t\t\t\t\t  <div class=\"relatedthumb \" style=\"width:125px;float:left;overflow:hidden;\">  \n\t\t\t\t\t\t\t  \n\t\t\t\t\t\t\t  <a  href=\"https:\/\/redept.com.br\/blogosfera\/mesmo-com-bloqueio-venezuela-se-torna-3o-maior-exportador-de-petroleo-para-os-eua\/\"  >\n\t\t\t\t\t\t\t\t\t  <div class=\"yuzo-img-wrap \" style=\"width: 125px;height:90px;\">\n\t\t\t\t\t\t\t\t\t\t\n\t\t\t\t\t\t\t\t\t\t<div class=\"yuzo-img\" style=\"background:url('https:\/\/redept.org\/blogosfera\/wp-content\/plugins\/yuzo-related-post\/assets\/images\/default.png') 50% 50% no-repeat;width: 125px;height:90px;margin-bottom: 5px;background-size: cover; \"><\/div>\n\t\t\t\t\t\t\t\t\t  <\/div>\n\t\t\t\t\t\t\t\t\t  \n\t\t\t\t\t\t\t\t   <span class=\"yuzo__text--title\" style=\"font-size:13px;\">Mesmo com bloqueio, Venezuela se torna 3\u00ba maior ex...<\/span>\n\t\t\t\t\t\t\t  \n\t\t\t\t\t\t\t  \n\t\t\t\t\t\t\t  <\/a>\n\n\t\t\t\t\t\t  <\/div>\n\t\t\t\t\t\t  <div class=\"relatedthumb \" style=\"width:125px;float:left;overflow:hidden;\">  \n\t\t\t\t\t\t\t  \n\t\t\t\t\t\t\t  <a  href=\"https:\/\/redept.com.br\/blogosfera\/enem-prazo-para-recurso-de-isencao-da-taxa-de-inscricao-termina-hoje\/\"  >\n\t\t\t\t\t\t\t\t\t  <div class=\"yuzo-img-wrap \" style=\"width: 125px;height:90px;\">\n\t\t\t\t\t\t\t\t\t\t\n\t\t\t\t\t\t\t\t\t\t<div class=\"yuzo-img\" style=\"background:url('https:\/\/redept.org\/blogosfera\/wp-content\/plugins\/yuzo-related-post\/assets\/images\/default.png') 50% 50% no-repeat;width: 125px;height:90px;margin-bottom: 5px;background-size: cover; \"><\/div>\n\t\t\t\t\t\t\t\t\t  <\/div>\n\t\t\t\t\t\t\t\t\t  \n\t\t\t\t\t\t\t\t   <span class=\"yuzo__text--title\" style=\"font-size:13px;\">Enem: prazo para recurso de isen\u00e7\u00e3o da taxa de ins...<\/span>\n\t\t\t\t\t\t\t  \n\t\t\t\t\t\t\t  \n\t\t\t\t\t\t\t  <\/a>\n\n\t\t\t\t\t\t  <\/div>\n\t\t\t\t\t\t  <div class=\"relatedthumb \" style=\"width:125px;float:left;overflow:hidden;\">  \n\t\t\t\t\t\t\t  \n\t\t\t\t\t\t\t  <a  href=\"https:\/\/redept.com.br\/blogosfera\/pioneiro-da-agroecologia-celebra-40-anos-com-evento-na-feira-ecologica-do-bom-fim-neste-sabado-7\/\"  >\n\t\t\t\t\t\t\t\t\t  <div class=\"yuzo-img-wrap \" style=\"width: 125px;height:90px;\">\n\t\t\t\t\t\t\t\t\t\t\n\t\t\t\t\t\t\t\t\t\t<div class=\"yuzo-img\" style=\"background:url('https:\/\/redept.org\/blogosfera\/wp-content\/plugins\/yuzo-related-post\/assets\/images\/default.png') 50% 50% no-repeat;width: 125px;height:90px;margin-bottom: 5px;background-size: cover; \"><\/div>\n\t\t\t\t\t\t\t\t\t  <\/div>\n\t\t\t\t\t\t\t\t\t  \n\t\t\t\t\t\t\t\t   <span class=\"yuzo__text--title\" style=\"font-size:13px;\">Pioneiro da agroecologia celebra 40 anos com event...<\/span>\n\t\t\t\t\t\t\t  \n\t\t\t\t\t\t\t  \n\t\t\t\t\t\t\t  <\/a>\n\n\t\t\t\t\t\t  <\/div>\n<\/div> <script>\n\t\t\t\t\t\t  jQuery(document).ready(function( $ ){\n\t\t\t\t\t\t\t\/\/jQuery('.yuzo_related_post').equalizer({ overflow : 'relatedthumb' });\n\t\t\t\t\t\t\tjQuery('.yuzo_related_post .yuzo_wraps').equalizer({ columns : '> div' });\n\t\t\t\t\t\t   })\n\t\t\t\t\t\t  <\/script> <!-- End Yuzo :) -->","protected":false},"excerpt":{"rendered":"<p>A Uni\u00e3o Brasileira de Mulheres (UBM) re\u00fane, nesta quarta-feira (30), mulheres de todo o pa\u00eds para um importante debate sobre a luta pelo fim da escala 6\u00d71. A atividade \u00e9 preparat\u00f3ria para a 5\u00aa Confer\u00eancia Nacional de Pol\u00edticas para as Mulheres e acontece de maneira virtual, a partir das 18h30. A escala de trabalho 6\u00d71, [&hellip;]<\/p>\n","protected":false},"author":2,"featured_media":0,"comment_status":"open","ping_status":"closed","sticky":false,"template":"","format":"standard","meta":{"fifu_image_url":"","fifu_image_alt":"","footnotes":""},"categories":[1719,1014,2008,1970,377,5743,9054],"tags":[],"class_list":["post-40655","post","type-post","status-publish","format-standard","hentry","category-5a-conferencia-nacional-de-politicas-para-as-mulheres","category-classe-trabalhadora","category-fim-da-escala-6x1","category-reducao-da-jornada-de-trabalho","category-trabalho","category-ubm","category-uniao-brasileira-de-mulheres-ubm"],"_links":{"self":[{"href":"https:\/\/redept.com.br\/blogosfera\/wp-json\/wp\/v2\/posts\/40655","targetHints":{"allow":["GET"]}}],"collection":[{"href":"https:\/\/redept.com.br\/blogosfera\/wp-json\/wp\/v2\/posts"}],"about":[{"href":"https:\/\/redept.com.br\/blogosfera\/wp-json\/wp\/v2\/types\/post"}],"author":[{"embeddable":true,"href":"https:\/\/redept.com.br\/blogosfera\/wp-json\/wp\/v2\/users\/2"}],"replies":[{"embeddable":true,"href":"https:\/\/redept.com.br\/blogosfera\/wp-json\/wp\/v2\/comments?post=40655"}],"version-history":[{"count":0,"href":"https:\/\/redept.com.br\/blogosfera\/wp-json\/wp\/v2\/posts\/40655\/revisions"}],"wp:attachment":[{"href":"https:\/\/redept.com.br\/blogosfera\/wp-json\/wp\/v2\/media?parent=40655"}],"wp:term":[{"taxonomy":"category","embeddable":true,"href":"https:\/\/redept.com.br\/blogosfera\/wp-json\/wp\/v2\/categories?post=40655"},{"taxonomy":"post_tag","embeddable":true,"href":"https:\/\/redept.com.br\/blogosfera\/wp-json\/wp\/v2\/tags?post=40655"}],"curies":[{"name":"wp","href":"https:\/\/api.w.org\/{rel}","templated":true}]}}