{"id":40723,"date":"2025-07-28T18:45:26","date_gmt":"2025-07-28T21:45:26","guid":{"rendered":"https:\/\/redept.org\/blogosfera\/lula-sanciona-programa-acredita-exportacao-para-incentivar-pequenos-negocios\/"},"modified":"2025-07-28T18:45:26","modified_gmt":"2025-07-28T21:45:26","slug":"lula-sanciona-programa-acredita-exportacao-para-incentivar-pequenos-negocios","status":"publish","type":"post","link":"https:\/\/redept.com.br\/blogosfera\/lula-sanciona-programa-acredita-exportacao-para-incentivar-pequenos-negocios\/","title":{"rendered":"Lula sanciona Programa Acredita Exporta\u00e7\u00e3o para incentivar pequenos neg\u00f3cios"},"content":{"rendered":"<p><img fetchpriority=\"high\" width=\"835\" height=\"465\"src=\"https:\/\/redept.org\/blogosfera\/wp-content\/uploads\/2025\/07\/Acredita-Exportacao-1.jpg\" alt=\"\" decoding=\"async\" srcset=\"https:\/\/redept.org\/blogosfera\/wp-content\/uploads\/2025\/07\/Acredita-Exportacao-1.jpg 835w, https:\/\/vermelho.org.br\/wp-content\/uploads\/2025\/07\/Acredita-Exportacao-1-300x166.jpg 300w, https:\/\/vermelho.org.br\/wp-content\/uploads\/2025\/07\/Acredita-Exportacao-1-768x428.jpg 768w, https:\/\/vermelho.org.br\/wp-content\/uploads\/2025\/07\/Acredita-Exportacao-1-219x121.jpg 219w\" sizes=\"(max-width: 835px) 100vw, 835px\"><\/p>\n<p>O presidente Luiz In\u00e1cio Lula da Silva sancionou nesta segunda-feira (28) o projeto de lei complementar que criou o Programa Acredita Exporta\u00e7\u00e3o. O governo quer impulsionar as exporta\u00e7\u00f5es de micros e pequenas empresas (MPEs), incluindo aquelas optantes pelo Simples Nacional, por meio de devolu\u00e7\u00e3o de tributos.<\/p>\n<p>Essas empresas, a partir de 1\u00ba de agosto, poder\u00e3o receber o equivalente a 3% de suas receitas com vendas externas, por meio de compensa\u00e7\u00e3o com tributos federais ou de ressarcimento direto.<\/p>\n<p>o vice-presidente e ministro do Desenvolvimento, Ind\u00fastria, Com\u00e9rcio e Servi\u00e7os, Geraldo Alckmin, disse que se trata de mais um \u201cimpulso importante para aumentar a competitividade e ampliar a base de empresas exportadoras brasileiras.\u201d<\/p>\n<p>Alckmin explica que a medida antecipa efeitos da reforma tribut\u00e1ria, contribui para a redu\u00e7\u00e3o do custo nas exporta\u00e7\u00f5es e amplia a competitividade das MPEs no mercado internacional.<\/p>\n<p>Leia mais: <a href=\"https:\/\/vermelho.org.br\/2025\/01\/29\/parceria-de-r-550-milhoes-para-pequenos-negocios-atende-60-mil-familias\/\">Parceria de R$ 550 milh\u00f5es para pequenos neg\u00f3cios atende 60 mil fam\u00edlias<\/a><\/p>\n<p>Em 2024, esse segmento foi composto por 11,5 mil empresas, que representam 40% do total de exportadores brasileiros, com um volume de vendas externas de US$ 2,6 bilh\u00f5es.<\/p>\n<p>\u201cO Acredita Exporta\u00e7\u00e3o visa corrigir distor\u00e7\u00f5es do sistema tribut\u00e1rio atual que penalizam os pequenos exportadores. Com a devolu\u00e7\u00e3o dos res\u00edduos tribut\u00e1rios, essas empresas \u2013 que exportam produtos como m\u00f3veis, cal\u00e7ados e vestu\u00e1rio \u2013 ganham f\u00f4lego para competir em igualdade de condi\u00e7\u00f5es no mercado global\u201d, afirma o vice-presidente.<\/p>\n<p>Alckmin lembra que a medida \u00e9 v\u00e1lida at\u00e9 2027, quando entra em vigor a nova Contribui\u00e7\u00e3o Social sobre Bens e Servi\u00e7os (CBS), prevista na reforma tribut\u00e1ria. Com a mudan\u00e7a, ser\u00e1 eliminada a cumulatividade que hoje encarece as exporta\u00e7\u00f5es brasileiras.<\/p>\n<p>\u201cHistoricamente, empresas optantes pelo Simples Nacional n\u00e3o podiam recuperar tributos pagos em etapas anteriores da cadeia produtiva. Com a nova lei, cerca de 50% das MPEs exportadoras passam a ter acesso a esse direito, corrigindo uma distor\u00e7\u00e3o que impactava diretamente sua competitividade\u201d, explica a pasta do Desenvolvimento, Ind\u00fastria, Com\u00e9rcio e Servi\u00e7os<\/p>\n<p>O post <a href=\"https:\/\/vermelho.org.br\/2025\/07\/28\/lula-sanciona-programa-acredita-exportacao-para-incentivar-pequenos-negocios\/\">Lula sanciona Programa Acredita Exporta\u00e7\u00e3o para incentivar pequenos neg\u00f3cios<\/a> apareceu primeiro em <a href=\"https:\/\/vermelho.org.br\/\">Vermelho<\/a>.<\/p>\n<!-- Begin Yuzo --><div class='yuzo_related_post style-1'  data-version='5.12.89'><!-- without result --><div class='yuzo_clearfixed yuzo__title yuzo__title'><h3>Related Post<\/h3><\/div>\n\t\t\t\t\t\t  <div class=\"relatedthumb \" style=\"width:125px;float:left;overflow:hidden;\">  \n\t\t\t\t\t\t\t  \n\t\t\t\t\t\t\t  <a  href=\"https:\/\/sul21.com.br\/noticias\/politica\/2025\/10\/lula-aguarda-reuniao-com-trump-e-aposta-em-solucao-a-tarifaco\/\"  >\n\t\t\t\t\t\t\t\t\t  <div class=\"yuzo-img-wrap \" style=\"width: 125px;height:90px;\">\n\t\t\t\t\t\t\t\t\t\t\n\t\t\t\t\t\t\t\t\t\t<div class=\"yuzo-img\" style=\"background:url('https:\/\/redept.org\/blogosfera\/wp-content\/plugins\/yuzo-related-post\/assets\/images\/default.png') 50% 50% no-repeat;width: 125px;height:90px;margin-bottom: 5px;background-size: cover; \"><\/div>\n\t\t\t\t\t\t\t\t\t  <\/div>\n\t\t\t\t\t\t\t\t\t  \n\t\t\t\t\t\t\t\t   <span class=\"yuzo__text--title\" style=\"font-size:13px;\">Lula aguarda reuni\u00e3o com Trump e aposta em solu\u00e7\u00e3o...<\/span>\n\t\t\t\t\t\t\t  \n\t\t\t\t\t\t\t  \n\t\t\t\t\t\t\t  <\/a>\n\n\t\t\t\t\t\t  <\/div>\n\t\t\t\t\t\t  <div class=\"relatedthumb \" style=\"width:125px;float:left;overflow:hidden;\">  \n\t\t\t\t\t\t\t  \n\t\t\t\t\t\t\t  <a  href=\"https:\/\/redept.com.br\/blogosfera\/poema-homenagem-ao-jornal-a-verdade\/\"  >\n\t\t\t\t\t\t\t\t\t  <div class=\"yuzo-img-wrap \" style=\"width: 125px;height:90px;\">\n\t\t\t\t\t\t\t\t\t\t\n\t\t\t\t\t\t\t\t\t\t<div class=\"yuzo-img\" style=\"background:url('https:\/\/redept.com.br\/blogosfera\/wp-content\/uploads\/2026\/04\/54312913481_e3916f0a09_o-150x150.jpg') 50% 50% no-repeat;width: 125px;height:90px;margin-bottom: 5px;background-size: cover; \"><\/div>\n\t\t\t\t\t\t\t\t\t  <\/div>\n\t\t\t\t\t\t\t\t\t  \n\t\t\t\t\t\t\t\t   <span class=\"yuzo__text--title\" style=\"font-size:13px;\">Poema: Homenagem ao Jornal A Verdade<\/span>\n\t\t\t\t\t\t\t  \n\t\t\t\t\t\t\t  \n\t\t\t\t\t\t\t  <\/a>\n\n\t\t\t\t\t\t  <\/div>\n\t\t\t\t\t\t  <div class=\"relatedthumb \" style=\"width:125px;float:left;overflow:hidden;\">  \n\t\t\t\t\t\t\t  \n\t\t\t\t\t\t\t  <a  href=\"https:\/\/redept.com.br\/blogosfera\/nota-em-soliedariedade-a-deputada-federal-celia-xakriaba\/\"  >\n\t\t\t\t\t\t\t\t\t  <div class=\"yuzo-img-wrap \" style=\"width: 125px;height:90px;\">\n\t\t\t\t\t\t\t\t\t\t\n\t\t\t\t\t\t\t\t\t\t<div class=\"yuzo-img\" style=\"background:url('https:\/\/redept.org\/blogosfera\/wp-content\/plugins\/yuzo-related-post\/assets\/images\/default.png') 50% 50% no-repeat;width: 125px;height:90px;margin-bottom: 5px;background-size: cover; \"><\/div>\n\t\t\t\t\t\t\t\t\t  <\/div>\n\t\t\t\t\t\t\t\t\t  \n\t\t\t\t\t\t\t\t   <span class=\"yuzo__text--title\" style=\"font-size:13px;\">Nota em soliedariedade a Deputada Federal  C\u00e9lia X...<\/span>\n\t\t\t\t\t\t\t  \n\t\t\t\t\t\t\t  \n\t\t\t\t\t\t\t  <\/a>\n\n\t\t\t\t\t\t  <\/div>\n\t\t\t\t\t\t  <div class=\"relatedthumb \" style=\"width:125px;float:left;overflow:hidden;\">  \n\t\t\t\t\t\t\t  \n\t\t\t\t\t\t\t  <a  href=\"https:\/\/redept.com.br\/blogosfera\/trump-nao-merece-credito-pelo-cessar-fogo-entre-israel-e-ira\/\"  >\n\t\t\t\t\t\t\t\t\t  <div class=\"yuzo-img-wrap \" style=\"width: 125px;height:90px;\">\n\t\t\t\t\t\t\t\t\t\t\n\t\t\t\t\t\t\t\t\t\t<div class=\"yuzo-img\" style=\"background:url('https:\/\/redept.com.br\/blogosfera\/wp-content\/uploads\/2025\/06\/67ff7f25-512e-472b-a7ad-58ebfdf8651d-54611570278-95491756b6-k-150x150.webp') 50% 50% no-repeat;width: 125px;height:90px;margin-bottom: 5px;background-size: cover; \"><\/div>\n\t\t\t\t\t\t\t\t\t  <\/div>\n\t\t\t\t\t\t\t\t\t  \n\t\t\t\t\t\t\t\t   <span class=\"yuzo__text--title\" style=\"font-size:13px;\">Trump n\u00e3o merece cr\u00e9dito pelo cessar-fogo entre Is...<\/span>\n\t\t\t\t\t\t\t  \n\t\t\t\t\t\t\t  \n\t\t\t\t\t\t\t  <\/a>\n\n\t\t\t\t\t\t  <\/div>\n<\/div> <script>\n\t\t\t\t\t\t  jQuery(document).ready(function( $ ){\n\t\t\t\t\t\t\t\/\/jQuery('.yuzo_related_post').equalizer({ overflow : 'relatedthumb' });\n\t\t\t\t\t\t\tjQuery('.yuzo_related_post .yuzo_wraps').equalizer({ columns : '> div' });\n\t\t\t\t\t\t   })\n\t\t\t\t\t\t  <\/script> <!-- End Yuzo :) -->","protected":false},"excerpt":{"rendered":"<p>O presidente Luiz In\u00e1cio Lula da Silva sancionou nesta segunda-feira (28) o projeto de lei complementar que criou o Programa Acredita Exporta\u00e7\u00e3o. O governo quer impulsionar as exporta\u00e7\u00f5es de micros e pequenas empresas (MPEs), incluindo aquelas optantes pelo Simples Nacional, por meio de devolu\u00e7\u00e3o de tributos. Essas empresas, a partir de 1\u00ba de agosto, poder\u00e3o [&hellip;]<\/p>\n","protected":false},"author":2,"featured_media":0,"comment_status":"open","ping_status":"closed","sticky":false,"template":"","format":"standard","meta":{"fifu_image_url":"","fifu_image_alt":"","footnotes":""},"categories":[221,112,10623,10624,10625],"tags":[],"class_list":["post-40723","post","type-post","status-publish","format-standard","hentry","category-economia","category-lula","category-micro","category-pequena-empresa","category-programa-acredita-exportacao"],"_links":{"self":[{"href":"https:\/\/redept.com.br\/blogosfera\/wp-json\/wp\/v2\/posts\/40723","targetHints":{"allow":["GET"]}}],"collection":[{"href":"https:\/\/redept.com.br\/blogosfera\/wp-json\/wp\/v2\/posts"}],"about":[{"href":"https:\/\/redept.com.br\/blogosfera\/wp-json\/wp\/v2\/types\/post"}],"author":[{"embeddable":true,"href":"https:\/\/redept.com.br\/blogosfera\/wp-json\/wp\/v2\/users\/2"}],"replies":[{"embeddable":true,"href":"https:\/\/redept.com.br\/blogosfera\/wp-json\/wp\/v2\/comments?post=40723"}],"version-history":[{"count":0,"href":"https:\/\/redept.com.br\/blogosfera\/wp-json\/wp\/v2\/posts\/40723\/revisions"}],"wp:attachment":[{"href":"https:\/\/redept.com.br\/blogosfera\/wp-json\/wp\/v2\/media?parent=40723"}],"wp:term":[{"taxonomy":"category","embeddable":true,"href":"https:\/\/redept.com.br\/blogosfera\/wp-json\/wp\/v2\/categories?post=40723"},{"taxonomy":"post_tag","embeddable":true,"href":"https:\/\/redept.com.br\/blogosfera\/wp-json\/wp\/v2\/tags?post=40723"}],"curies":[{"name":"wp","href":"https:\/\/api.w.org\/{rel}","templated":true}]}}