{"id":40742,"date":"2025-07-28T22:13:20","date_gmt":"2025-07-29T01:13:20","guid":{"rendered":"https:\/\/redept.org\/blogosfera\/china-reforca-posicao-contra-tarifas-dos-eua-ao-brasil-e-se-diz-pronta-para-defender-equidade\/"},"modified":"2025-07-28T22:13:20","modified_gmt":"2025-07-29T01:13:20","slug":"china-reforca-posicao-contra-tarifas-dos-eua-ao-brasil-e-se-diz-pronta-para-defender-equidade","status":"publish","type":"post","link":"https:\/\/redept.com.br\/blogosfera\/china-reforca-posicao-contra-tarifas-dos-eua-ao-brasil-e-se-diz-pronta-para-defender-equidade\/","title":{"rendered":"China refor\u00e7a posi\u00e7\u00e3o contra tarifas dos EUA ao Brasil e se diz pronta para \u2018defender equidade\u2019"},"content":{"rendered":"<p>Em coletiva de imprensa nesta segunda-feira (28), o porta-voz do Minist\u00e9rio das Rela\u00e7\u00f5es Exteriores da China, Guo Jiakun, afirmou que pa\u00eds est\u00e1 pronto para estreitar coopera\u00e7\u00e3o comercial com o Brasil em resposta ao tarifa\u00e7o promovido pelos Estados Unidos.<\/p>\n<p>Na pr\u00f3xima sexta-feira (1\u00ba), se mantendo o atual cen\u00e1rio, <a href=\"https:\/\/www.brasildefato.com.br\/2025\/07\/27\/secretario-de-comercio-dos-eua-afirma-que-tarifas-entram-em-vigor-em-1o-de-agosto\/\">todas as exporta\u00e7\u00f5es brasileiras aos Estados Unidos ser\u00e3o taxadas em 50%<\/a>. Lula tem reiterado a falta de disposi\u00e7\u00e3o do governo Trump em conversar ou encontrar sa\u00eddas para a guerra comercial.<\/p>\n<p>\u201cA China est\u00e1 pronta para trabalhar com o Brasil, outros pa\u00edses da Am\u00e9rica Latina e do Caribe e os pa\u00edses do Brics para, em conjunto, defender o sistema multilateral de com\u00e9rcio e a equidade e justi\u00e7a internacionais\u201d, disse o diplomata. <\/p>\n<p>Ele refor\u00e7ou a posi\u00e7\u00e3o chinesa, <a href=\"https:\/\/www.brasildefato.com.br\/2025\/07\/22\/tarifaco-nao-reduziu-deficit-comercial\/\">que chegou a ser tarifada em 145% pelos Estados Unidos em abril<\/a>. \u201cA China <a href=\"https:\/\/www.brasildefato.com.br\/2025\/07\/11\/china-reage-a-taxacao-de-trump-contra-o-brasil-e-critica-coercao-intimidacao-ou-interferencia-dos-eua\/\">j\u00e1 deixou clara sua posi\u00e7\u00e3o sobre os aumentos de tarifas dos EUA sobre o Brasil<\/a>. Guerras tarif\u00e1rias n\u00e3o t\u00eam vencedores e a\u00e7\u00f5es unilaterais n\u00e3o atendem aos interesses de nenhuma das partes\u201d.<\/p>\n<p>Em termos pr\u00e1ticos, Jiakun disse que h\u00e1 possibilidade de abertura do mercado chin\u00eas a produtos que seriam exportados pelo Brasil aos Estados Unidos, como aeronaves. <\/p>\n<p>Uma das maiores fabricantes de avi\u00f5es do mundo, a Embraer projeta um custo bilion\u00e1rio e a possibilidade de impactos em empregos em n\u00edveis similares aos da pandemia da Covid-19 caso as tarifas entrem em vigor. Hoje, 52% das encomendas de aeronaves da montadora s\u00e3o de companhias estadunidenses.<\/p>\n<p>Na entrevista, Jiakun afirmou que a China \u201c<a href=\"https:\/\/www.brasildefato.com.br\/2025\/04\/16\/grande-potencia-aeronautica-china-elogia-embraer-em-meio-a-rumores-sobre-suspensao-de-compra-de-avioes-da-boeing-dos-eua\/\">valoriza a coopera\u00e7\u00e3o com o Brasil em setores como o aeroespacial<\/a> e est\u00e1 disposta a promov\u00ea-la com base em princ\u00edpios de mercado, contribuindo para o desenvolvimento de ambos os pa\u00edses\u201d.\u00a0<\/p>\n<p>O post <a href=\"https:\/\/www.brasildefato.com.br\/2025\/07\/28\/china-reforca-posicao-contra-tarifas-dos-eua-ao-brasil-e-se-diz-pronta-para-defender-equidade\/\">China refor\u00e7a posi\u00e7\u00e3o contra tarifas dos EUA ao Brasil e se diz pronta para \u2018defender equidade\u2019<\/a> apareceu primeiro em <a href=\"https:\/\/www.brasildefato.com.br\/\">Brasil de Fato<\/a>.<\/p>\n<!-- Begin Yuzo --><div class='yuzo_related_post style-1'  data-version='5.12.89'><!-- without result --><div class='yuzo_clearfixed yuzo__title yuzo__title'><h3>Related Post<\/h3><\/div>\n\t\t\t\t\t\t  <div class=\"relatedthumb \" style=\"width:125px;float:left;overflow:hidden;\">  \n\t\t\t\t\t\t\t  \n\t\t\t\t\t\t\t  <a  href=\"https:\/\/redept.com.br\/blogosfera\/o-dia-em-que-o-brasil-ousou-encarar-o-google\/\"  >\n\t\t\t\t\t\t\t\t\t  <div class=\"yuzo-img-wrap \" style=\"width: 125px;height:90px;\">\n\t\t\t\t\t\t\t\t\t\t\n\t\t\t\t\t\t\t\t\t\t<div class=\"yuzo-img\" style=\"background:url('https:\/\/redept.com.br\/blogosfera\/wp-content\/uploads\/2026\/04\/photo_5141226478275070952_y-150x150.jpg') 50% 50% no-repeat;width: 125px;height:90px;margin-bottom: 5px;background-size: cover; \"><\/div>\n\t\t\t\t\t\t\t\t\t  <\/div>\n\t\t\t\t\t\t\t\t\t  \n\t\t\t\t\t\t\t\t   <span class=\"yuzo__text--title\" style=\"font-size:13px;\">O dia em que o Brasil ousou encarar o Google<\/span>\n\t\t\t\t\t\t\t  \n\t\t\t\t\t\t\t  \n\t\t\t\t\t\t\t  <\/a>\n\n\t\t\t\t\t\t  <\/div>\n\t\t\t\t\t\t  <div class=\"relatedthumb \" style=\"width:125px;float:left;overflow:hidden;\">  \n\t\t\t\t\t\t\t  \n\t\t\t\t\t\t\t  <a  href=\"https:\/\/redept.com.br\/blogosfera\/petro-rebate-ameacas-de-trump-rude-e-ignorante\/\"  >\n\t\t\t\t\t\t\t\t\t  <div class=\"yuzo-img-wrap \" style=\"width: 125px;height:90px;\">\n\t\t\t\t\t\t\t\t\t\t\n\t\t\t\t\t\t\t\t\t\t<div class=\"yuzo-img\" style=\"background:url('https:\/\/redept.com.br\/blogosfera\/wp-content\/uploads\/2025\/10\/251017-07-alocucion-del-presidente-de-la-republica-gustavo-petro-urrego-1280-150x150.jpg') 50% 50% no-repeat;width: 125px;height:90px;margin-bottom: 5px;background-size: cover; \"><\/div>\n\t\t\t\t\t\t\t\t\t  <\/div>\n\t\t\t\t\t\t\t\t\t  \n\t\t\t\t\t\t\t\t   <span class=\"yuzo__text--title\" style=\"font-size:13px;\">Petro rebate amea\u00e7as de Trump: \u2018rude e ignorante\u2019...<\/span>\n\t\t\t\t\t\t\t  \n\t\t\t\t\t\t\t  \n\t\t\t\t\t\t\t  <\/a>\n\n\t\t\t\t\t\t  <\/div>\n\t\t\t\t\t\t  <div class=\"relatedthumb \" style=\"width:125px;float:left;overflow:hidden;\">  \n\t\t\t\t\t\t\t  \n\t\t\t\t\t\t\t  <a  href=\"https:\/\/redept.com.br\/blogosfera\/brasil-inaugura-o-primeiro-samu-indigena\/\"  >\n\t\t\t\t\t\t\t\t\t  <div class=\"yuzo-img-wrap \" style=\"width: 125px;height:90px;\">\n\t\t\t\t\t\t\t\t\t\t\n\t\t\t\t\t\t\t\t\t\t<div class=\"yuzo-img\" style=\"background:url('https:\/\/redept.org\/blogosfera\/wp-content\/plugins\/yuzo-related-post\/assets\/images\/default.png') 50% 50% no-repeat;width: 125px;height:90px;margin-bottom: 5px;background-size: cover; \"><\/div>\n\t\t\t\t\t\t\t\t\t  <\/div>\n\t\t\t\t\t\t\t\t\t  \n\t\t\t\t\t\t\t\t   <span class=\"yuzo__text--title\" style=\"font-size:13px;\">Brasil inaugura o primeiro SAMU Ind\u00edgena<\/span>\n\t\t\t\t\t\t\t  \n\t\t\t\t\t\t\t  \n\t\t\t\t\t\t\t  <\/a>\n\n\t\t\t\t\t\t  <\/div>\n\t\t\t\t\t\t  <div class=\"relatedthumb \" style=\"width:125px;float:left;overflow:hidden;\">  \n\t\t\t\t\t\t\t  \n\t\t\t\t\t\t\t  <a  href=\"https:\/\/redept.com.br\/blogosfera\/jubileu-2025-da-igreja-catolica-tera-evento-dedicado-a-comunidade-lgbtqia-em-setembro\/\"  >\n\t\t\t\t\t\t\t\t\t  <div class=\"yuzo-img-wrap \" style=\"width: 125px;height:90px;\">\n\t\t\t\t\t\t\t\t\t\t\n\t\t\t\t\t\t\t\t\t\t<div class=\"yuzo-img\" style=\"background:url('https:\/\/redept.org\/blogosfera\/wp-content\/plugins\/yuzo-related-post\/assets\/images\/default.png') 50% 50% no-repeat;width: 125px;height:90px;margin-bottom: 5px;background-size: cover; \"><\/div>\n\t\t\t\t\t\t\t\t\t  <\/div>\n\t\t\t\t\t\t\t\t\t  \n\t\t\t\t\t\t\t\t   <span class=\"yuzo__text--title\" style=\"font-size:13px;\">Jubileu 2025 da Igreja Cat\u00f3lica ter\u00e1 evento dedica...<\/span>\n\t\t\t\t\t\t\t  \n\t\t\t\t\t\t\t  \n\t\t\t\t\t\t\t  <\/a>\n\n\t\t\t\t\t\t  <\/div>\n<\/div> <script>\n\t\t\t\t\t\t  jQuery(document).ready(function( $ ){\n\t\t\t\t\t\t\t\/\/jQuery('.yuzo_related_post').equalizer({ overflow : 'relatedthumb' });\n\t\t\t\t\t\t\tjQuery('.yuzo_related_post .yuzo_wraps').equalizer({ columns : '> div' });\n\t\t\t\t\t\t   })\n\t\t\t\t\t\t  <\/script> <!-- End Yuzo :) -->","protected":false},"excerpt":{"rendered":"<p>Em coletiva de imprensa nesta segunda-feira (28), o porta-voz do Minist\u00e9rio das Rela\u00e7\u00f5es Exteriores da China, Guo Jiakun, afirmou que pa\u00eds est\u00e1 pronto para estreitar coopera\u00e7\u00e3o comercial com o Brasil em resposta ao tarifa\u00e7o promovido pelos Estados Unidos. Na pr\u00f3xima sexta-feira (1\u00ba), se mantendo o atual cen\u00e1rio, todas as exporta\u00e7\u00f5es brasileiras aos Estados Unidos ser\u00e3o [&hellip;]<\/p>\n","protected":false},"author":2,"featured_media":0,"comment_status":"closed","ping_status":"closed","sticky":false,"template":"","format":"standard","meta":{"fifu_image_url":"","fifu_image_alt":"","footnotes":""},"categories":[292,221,4550,3641],"tags":[],"class_list":["post-40742","post","type-post","status-publish","format-standard","hentry","category-china","category-economia","category-embraer","category-tarifaco"],"_links":{"self":[{"href":"https:\/\/redept.com.br\/blogosfera\/wp-json\/wp\/v2\/posts\/40742","targetHints":{"allow":["GET"]}}],"collection":[{"href":"https:\/\/redept.com.br\/blogosfera\/wp-json\/wp\/v2\/posts"}],"about":[{"href":"https:\/\/redept.com.br\/blogosfera\/wp-json\/wp\/v2\/types\/post"}],"author":[{"embeddable":true,"href":"https:\/\/redept.com.br\/blogosfera\/wp-json\/wp\/v2\/users\/2"}],"replies":[{"embeddable":true,"href":"https:\/\/redept.com.br\/blogosfera\/wp-json\/wp\/v2\/comments?post=40742"}],"version-history":[{"count":0,"href":"https:\/\/redept.com.br\/blogosfera\/wp-json\/wp\/v2\/posts\/40742\/revisions"}],"wp:attachment":[{"href":"https:\/\/redept.com.br\/blogosfera\/wp-json\/wp\/v2\/media?parent=40742"}],"wp:term":[{"taxonomy":"category","embeddable":true,"href":"https:\/\/redept.com.br\/blogosfera\/wp-json\/wp\/v2\/categories?post=40742"},{"taxonomy":"post_tag","embeddable":true,"href":"https:\/\/redept.com.br\/blogosfera\/wp-json\/wp\/v2\/tags?post=40742"}],"curies":[{"name":"wp","href":"https:\/\/api.w.org\/{rel}","templated":true}]}}