{"id":40856,"date":"2025-07-29T12:40:40","date_gmt":"2025-07-29T15:40:40","guid":{"rendered":"https:\/\/redept.org\/blogosfera\/governo-estuda-acabar-com-a-obrigatoriedade-da-autoescola-para-tirar-cnh\/"},"modified":"2025-07-29T12:40:40","modified_gmt":"2025-07-29T15:40:40","slug":"governo-estuda-acabar-com-a-obrigatoriedade-da-autoescola-para-tirar-cnh","status":"publish","type":"post","link":"https:\/\/redept.com.br\/blogosfera\/governo-estuda-acabar-com-a-obrigatoriedade-da-autoescola-para-tirar-cnh\/","title":{"rendered":"Governo estuda acabar com a obrigatoriedade da autoescola para tirar CNH"},"content":{"rendered":"<p>O ministro dos Transportes, Renan Filho, anunciou que o Governo Federal est\u00e1 analisando uma proposta para desburocratizar e baratear a obten\u00e7\u00e3o da <strong>Carteira Nacional de Habilita\u00e7\u00e3o (CNH)<\/strong>. A ideia central, segundo Filho, \u00e9 eliminar a obrigatoriedade das aulas em autoescolas, tornando-as uma op\u00e7\u00e3o facultativa para os futuros motoristas. Entenda na <strong><a href=\"https:\/\/tvtnews.com.br\/\">TVT News<\/a><\/strong>.<\/p>\n<p>A medida, que foi divulgada pelo ministro em entrevistas \u00e0 <a href=\"https:\/\/www1.folha.uol.com.br\/cotidiano\/2025\/07\/governo-lula-estuda-acabar-com-obrigacao-de-autoescola-para-carteira-de-motorista-diz-ministro.shtml\" target=\"_blank\" rel=\"noreferrer noopener nofollow\">Folha de S. Paulo<\/a> e \u00e0 <a href=\"https:\/\/g1.globo.com\/carros\/motos\/noticia\/2025\/07\/29\/governo-quer-revisar-a-obrigatoriedade-de-autoescolas-para-cnh.ghtml\" target=\"_blank\" rel=\"noreferrer noopener nofollow\">GloboNews<\/a>, tem o objetivo de permitir que os candidatos realizem os exames para a CNH ap\u00f3s aprenderem a dirigir por meios informais, como com familiares ou amigos, desde que em vias fechadas. O modelo se inspira em pa\u00edses como Reino Unido e Estados Unidos, onde n\u00e3o h\u00e1 exig\u00eancia legal de frequentar autoescolas.<\/p>\n<h2>Justificativas para a mudan\u00e7a<\/h2>\n<p>A principal justificativa para essa altera\u00e7\u00e3o \u00e9 o alto custo para tirar a CNH, que pode chegar a R$ 4 mil em alguns estados. Esse valor elevado \u00e9 apontado como o principal impeditivo para milh\u00f5es de brasileiros obterem o documento. Estima-se que cerca de 20 milh\u00f5es de pessoas no Brasil j\u00e1 dirijam sem habilita\u00e7\u00e3o e outros 60 milh\u00f5es em idade apta ainda n\u00e3o a possuem, gerando uma vasta informalidade que, segundo o governo, aumenta o risco de acidentes.<\/p>\n<p>Outro ponto crucial \u00e9 o combate \u00e0s \u201cm\u00e1fias\u201d que, segundo o governo, operam em autoescolas e exames, reprovando candidatos propositalmente para for\u00e7ar pagamentos adicionais. A desburocratiza\u00e7\u00e3o e o barateamento buscam eliminar o incentivo econ\u00f4mico para essas pr\u00e1ticas il\u00edcitas.<\/p>\n<p>A proposta tamb\u00e9m visa reduzir desigualdades sociais, mencionando situa\u00e7\u00f5es em que mulheres podem ser preteridas na obten\u00e7\u00e3o da CNH devido \u00e0 limita\u00e7\u00e3o de recursos familiares.<\/p>\n<h2>Impactos da medida<\/h2>\n<p>Se aprovada, a medida promete uma significativa redu\u00e7\u00e3o de gastos individuais para a obten\u00e7\u00e3o da CNH. Renan Filho projeta que os bilh\u00f5es de reais (entre R$ 9 bilh\u00f5es e R$ 16 bilh\u00f5es anuais) que deixariam de ser gastos com aulas obrigat\u00f3rias seriam injetados em outros setores da economia, contribuindo para seu dinamismo e gera\u00e7\u00e3o de empregos.<\/p>\n<p>Apesar da elimina\u00e7\u00e3o da obrigatoriedade, a oferta de cursos por instrutores qualificados, sob a supervis\u00e3o da Senatran e dos Detrans, ser\u00e1 mantida, buscando estimular a qualifica\u00e7\u00e3o, inclusive daqueles que j\u00e1 dirigem sem qualquer forma\u00e7\u00e3o.<\/p>\n<p>Apesar dos benef\u00edcios projetados, o governo espera uma forte resist\u00eancia do setor de autoescolas, que movimenta at\u00e9 R$ 12 bilh\u00f5es por ano. No entanto, o Ministro Renan Filho acredita que apenas as empresas eficientes e que ofere\u00e7am servi\u00e7os de qualidade permanecer\u00e3o no mercado.<\/p>\n<h2>Pr\u00f3ximos passos<\/h2>\n<p>A proposta, que foi desenvolvida pelo Minist\u00e9rio dos Transportes, ser\u00e1 apresentada ao presidente Lula. Sua implementa\u00e7\u00e3o n\u00e3o necessitar\u00e1 de aprova\u00e7\u00e3o do Congresso Nacional, podendo ser realizada por meio de regulamenta\u00e7\u00e3o do pr\u00f3prio governo, caracterizando-a como uma \u201creforma de regulamenta\u00e7\u00e3o\u201d.<\/p>\n<p>Contudo, a condu\u00e7\u00e3o de ve\u00edculos em vias p\u00fablicas sem a devida habilita\u00e7\u00e3o continua sendo proibida e pass\u00edvel de penaliza\u00e7\u00e3o, j\u00e1 que o aprendizado informal da dire\u00e7\u00e3o dever\u00e1 ocorrer em vias fechadas, como as de condom\u00ednios.<\/p>\n<\/p>\n<p>The post <a rel=\"nofollow\" href=\"https:\/\/tvtnews.com.br\/governo-acabar-obrigatoriedade-autoescola-cnh\/\">Governo estuda acabar com a obrigatoriedade da autoescola para tirar CNH<\/a> appeared first on <a rel=\"nofollow\" href=\"https:\/\/tvtnews.com.br\/\">TVT News<\/a>.<\/p>\n<!-- Begin Yuzo --><div class='yuzo_related_post style-1'  data-version='5.12.89'><!-- without result --><div class='yuzo_clearfixed yuzo__title yuzo__title'><h3>Related Post<\/h3><\/div>\n\t\t\t\t\t\t  <div class=\"relatedthumb \" style=\"width:125px;float:left;overflow:hidden;\">  \n\t\t\t\t\t\t\t  \n\t\t\t\t\t\t\t  <a  href=\"https:\/\/redept.com.br\/blogosfera\/policia-federal-indicia-bruno-henrique-do-flamengo-por-suspeita-de-fraude-em-partida-do-brasileirao\/\"  >\n\t\t\t\t\t\t\t\t\t  <div class=\"yuzo-img-wrap \" style=\"width: 125px;height:90px;\">\n\t\t\t\t\t\t\t\t\t\t\n\t\t\t\t\t\t\t\t\t\t<div class=\"yuzo-img\" style=\"background:url('https:\/\/redept.com.br\/blogosfera\/wp-content\/uploads\/2025\/04\/1741476737-150x150.webp') 50% 50% no-repeat;width: 125px;height:90px;margin-bottom: 5px;background-size: cover; \"><\/div>\n\t\t\t\t\t\t\t\t\t  <\/div>\n\t\t\t\t\t\t\t\t\t  \n\t\t\t\t\t\t\t\t   <span class=\"yuzo__text--title\" style=\"font-size:13px;\">Pol\u00edcia Federal indicia Bruno Henrique, do Flameng...<\/span>\n\t\t\t\t\t\t\t  \n\t\t\t\t\t\t\t  \n\t\t\t\t\t\t\t  <\/a>\n\n\t\t\t\t\t\t  <\/div>\n\t\t\t\t\t\t  <div class=\"relatedthumb \" style=\"width:125px;float:left;overflow:hidden;\">  \n\t\t\t\t\t\t\t  \n\t\t\t\t\t\t\t  <a  href=\"https:\/\/redept.com.br\/blogosfera\/livro-discute-legado-de-kwame-nkrumah-para-a-uniao-africana-temos-de-olhar-para-nossos-proprios-visionarios\/\"  >\n\t\t\t\t\t\t\t\t\t  <div class=\"yuzo-img-wrap \" style=\"width: 125px;height:90px;\">\n\t\t\t\t\t\t\t\t\t\t\n\t\t\t\t\t\t\t\t\t\t<div class=\"yuzo-img\" style=\"background:url('https:\/\/redept.com.br\/blogosfera\/wp-content\/uploads\/2025\/06\/000_Par1188413-2048x1591-1-150x150.jpg') 50% 50% no-repeat;width: 125px;height:90px;margin-bottom: 5px;background-size: cover; \"><\/div>\n\t\t\t\t\t\t\t\t\t  <\/div>\n\t\t\t\t\t\t\t\t\t  \n\t\t\t\t\t\t\t\t   <span class=\"yuzo__text--title\" style=\"font-size:13px;\">Livro discute legado de Kwame Nkrumah para a uni\u00e3o...<\/span>\n\t\t\t\t\t\t\t  \n\t\t\t\t\t\t\t  \n\t\t\t\t\t\t\t  <\/a>\n\n\t\t\t\t\t\t  <\/div>\n\t\t\t\t\t\t  <div class=\"relatedthumb \" style=\"width:125px;float:left;overflow:hidden;\">  \n\t\t\t\t\t\t\t  \n\t\t\t\t\t\t\t  <a  href=\"https:\/\/redept.com.br\/blogosfera\/petro-afirma-ter-escapado-de-atentado-durante-viagem-de-helicoptero\/\"  >\n\t\t\t\t\t\t\t\t\t  <div class=\"yuzo-img-wrap \" style=\"width: 125px;height:90px;\">\n\t\t\t\t\t\t\t\t\t\t\n\t\t\t\t\t\t\t\t\t\t<div class=\"yuzo-img\" style=\"background:url('https:\/\/redept.org\/blogosfera\/wp-content\/plugins\/yuzo-related-post\/assets\/images\/default.png') 50% 50% no-repeat;width: 125px;height:90px;margin-bottom: 5px;background-size: cover; \"><\/div>\n\t\t\t\t\t\t\t\t\t  <\/div>\n\t\t\t\t\t\t\t\t\t  \n\t\t\t\t\t\t\t\t   <span class=\"yuzo__text--title\" style=\"font-size:13px;\">Petro afirma ter escapado de atentado durante viag...<\/span>\n\t\t\t\t\t\t\t  \n\t\t\t\t\t\t\t  \n\t\t\t\t\t\t\t  <\/a>\n\n\t\t\t\t\t\t  <\/div>\n\t\t\t\t\t\t  <div class=\"relatedthumb \" style=\"width:125px;float:left;overflow:hidden;\">  \n\t\t\t\t\t\t\t  \n\t\t\t\t\t\t\t  <a  href=\"https:\/\/redept.com.br\/blogosfera\/governo-lanca-fundo-de-r-20-bilhoes-para-educacao-e-saude-nos-estados-e-municipios\/\"  >\n\t\t\t\t\t\t\t\t\t  <div class=\"yuzo-img-wrap \" style=\"width: 125px;height:90px;\">\n\t\t\t\t\t\t\t\t\t\t\n\t\t\t\t\t\t\t\t\t\t<div class=\"yuzo-img\" style=\"background:url('https:\/\/redept.org\/blogosfera\/wp-content\/plugins\/yuzo-related-post\/assets\/images\/default.png') 50% 50% no-repeat;width: 125px;height:90px;margin-bottom: 5px;background-size: cover; \"><\/div>\n\t\t\t\t\t\t\t\t\t  <\/div>\n\t\t\t\t\t\t\t\t\t  \n\t\t\t\t\t\t\t\t   <span class=\"yuzo__text--title\" style=\"font-size:13px;\">Governo lan\u00e7a fundo de R$ 20 bilh\u00f5es para educa\u00e7\u00e3o...<\/span>\n\t\t\t\t\t\t\t  \n\t\t\t\t\t\t\t  \n\t\t\t\t\t\t\t  <\/a>\n\n\t\t\t\t\t\t  <\/div>\n<\/div> <script>\n\t\t\t\t\t\t  jQuery(document).ready(function( $ ){\n\t\t\t\t\t\t\t\/\/jQuery('.yuzo_related_post').equalizer({ overflow : 'relatedthumb' });\n\t\t\t\t\t\t\tjQuery('.yuzo_related_post .yuzo_wraps').equalizer({ columns : '> div' });\n\t\t\t\t\t\t   })\n\t\t\t\t\t\t  <\/script> <!-- End Yuzo :) -->","protected":false},"excerpt":{"rendered":"<p>O ministro dos Transportes, Renan Filho, anunciou que o Governo Federal est\u00e1 analisando uma proposta para desburocratizar e baratear a obten\u00e7\u00e3o da Carteira Nacional de Habilita\u00e7\u00e3o (CNH). A ideia central, segundo Filho, \u00e9 eliminar a obrigatoriedade das aulas em autoescolas, tornando-as uma op\u00e7\u00e3o facultativa para os futuros motoristas. Entenda na TVT News. A medida, que [&hellip;]<\/p>\n","protected":false},"author":2,"featured_media":0,"comment_status":"open","ping_status":"closed","sticky":false,"template":"","format":"standard","meta":{"fifu_image_url":"","fifu_image_alt":"","footnotes":""},"categories":[473,17,61,2921],"tags":[],"class_list":["post-40856","post","type-post","status-publish","format-standard","hentry","category-destaque-medio","category-governo-lula","category-sociedade","category-transportes"],"_links":{"self":[{"href":"https:\/\/redept.com.br\/blogosfera\/wp-json\/wp\/v2\/posts\/40856","targetHints":{"allow":["GET"]}}],"collection":[{"href":"https:\/\/redept.com.br\/blogosfera\/wp-json\/wp\/v2\/posts"}],"about":[{"href":"https:\/\/redept.com.br\/blogosfera\/wp-json\/wp\/v2\/types\/post"}],"author":[{"embeddable":true,"href":"https:\/\/redept.com.br\/blogosfera\/wp-json\/wp\/v2\/users\/2"}],"replies":[{"embeddable":true,"href":"https:\/\/redept.com.br\/blogosfera\/wp-json\/wp\/v2\/comments?post=40856"}],"version-history":[{"count":0,"href":"https:\/\/redept.com.br\/blogosfera\/wp-json\/wp\/v2\/posts\/40856\/revisions"}],"wp:attachment":[{"href":"https:\/\/redept.com.br\/blogosfera\/wp-json\/wp\/v2\/media?parent=40856"}],"wp:term":[{"taxonomy":"category","embeddable":true,"href":"https:\/\/redept.com.br\/blogosfera\/wp-json\/wp\/v2\/categories?post=40856"},{"taxonomy":"post_tag","embeddable":true,"href":"https:\/\/redept.com.br\/blogosfera\/wp-json\/wp\/v2\/tags?post=40856"}],"curies":[{"name":"wp","href":"https:\/\/api.w.org\/{rel}","templated":true}]}}