{"id":41075,"date":"2025-07-29T14:44:05","date_gmt":"2025-07-29T17:44:05","guid":{"rendered":"https:\/\/redept.org\/blogosfera\/efeito-bumerangue-dallagnol-tem-15-dias-para-indenizar-lula-por-powerpoint\/"},"modified":"2025-07-29T14:44:05","modified_gmt":"2025-07-29T17:44:05","slug":"efeito-bumerangue-dallagnol-tem-15-dias-para-indenizar-lula-por-powerpoint","status":"publish","type":"post","link":"https:\/\/redept.com.br\/blogosfera\/efeito-bumerangue-dallagnol-tem-15-dias-para-indenizar-lula-por-powerpoint\/","title":{"rendered":"Efeito bumerangue: Dallagnol tem 15 dias para indenizar Lula por PowerPoint"},"content":{"rendered":"<p>A Justi\u00e7a de S\u00e3o Paulo determinou que o ex-procurador Deltan Dallagnol pague, no prazo de 15 dias, uma indeniza\u00e7\u00e3o de R$ 135,4 mil ao presidente Luiz In\u00e1cio Lula da Silva (PT) por danos morais no chamado caso do PowerPoint. A decis\u00e3o foi proferida na \u00faltima sexta-feira (26) pelo juiz Carlo Brito Melfi.<\/p>\n<p>O valor inclui juros, corre\u00e7\u00e3o monet\u00e1ria e honor\u00e1rios advocat\u00edcios, e o ex-coordenador da for\u00e7a-tarefa da Lava Jato poder\u00e1 apenas contestar os c\u00e1lculos, j\u00e1 que a senten\u00e7a transitou em julgado \u2014 ou seja, n\u00e3o cabe mais recurso sobre o m\u00e9rito da a\u00e7\u00e3o. Caso n\u00e3o cumpra a determina\u00e7\u00e3o, Dallagnol poder\u00e1 sofrer uma multa de 10% sobre o valor devido.<\/p>\n<p><strong>Caso teve repercuss\u00e3o nacional<\/strong><br \/>\nO processo teve origem em uma coletiva de imprensa concedida por Dallagnol em 2016, na qual ele apresentou, por meio de um slide em PowerPoint, um esquema que relacionava Lula ao comando de um suposto esquema de corrup\u00e7\u00e3o na Petrobras. Durante a apresenta\u00e7\u00e3o, o ent\u00e3o procurador afirmou que Lula era o \u201cgrande general\u201d de uma organiza\u00e7\u00e3o criminosa e usou o termo \u201cpropinocracia\u201d para descrever o suposto modelo de governo.<\/p>\n<p>A Justi\u00e7a entendeu que Dallagnol extrapolou os limites de sua fun\u00e7\u00e3o p\u00fablica, ao fazer acusa\u00e7\u00f5es em rede nacional antes mesmo da abertura formal de uma a\u00e7\u00e3o penal. De acordo com a Forum, a linguagem empregada foi classificada como n\u00e3o t\u00e9cnica e ofensiva, violando os direitos de personalidade do ex-presidente.<\/p>\n<hr>\n<h5>Apoie o Antropofagista com qualquer valor<br \/>\nPIX: 45013993768<br \/>\nAgradecemos imensamente<\/h5>\n<hr>\n<p><strong>Siga-nos no Whatsapp:<\/strong> https:\/\/chat.whatsapp.com\/HlpAeWDAUrD8Qq1AjWiCK5<\/p>\n<p><strong>Siga-nos no Facebook:<\/strong> https:\/\/www.facebook.com\/profile.php?id=100070790366110<\/p>\n<p><strong>Siga-nos no X:<\/strong> https:\/\/x.com\/Antropofagista1<\/p>\n<p><strong>Siga-nos no Instagram:<\/strong> https:\/\/www.instagram.com\/blogantropofagista?igsh=YzljYTk1ODg3Zg<\/p>\n<p>\u00a0<\/p>\n<p>The post Efeito bumerangue: Dallagnol tem 15 dias para indenizar Lula por PowerPoint first appeared on Antropofagista.<\/p>\n<!-- Begin Yuzo --><div class='yuzo_related_post style-1'  data-version='5.12.89'><!-- without result --><div class='yuzo_clearfixed yuzo__title yuzo__title'><h3>Related Post<\/h3><\/div>\n\t\t\t\t\t\t  <div class=\"relatedthumb \" style=\"width:125px;float:left;overflow:hidden;\">  \n\t\t\t\t\t\t\t  \n\t\t\t\t\t\t\t  <a  href=\"https:\/\/redept.com.br\/blogosfera\/morre-o-jornalista-mino-carta-fundador-da-cartacapital-aos-91-anos\/\"  >\n\t\t\t\t\t\t\t\t\t  <div class=\"yuzo-img-wrap \" style=\"width: 125px;height:90px;\">\n\t\t\t\t\t\t\t\t\t\t\n\t\t\t\t\t\t\t\t\t\t<div class=\"yuzo-img\" style=\"background:url('https:\/\/redept.org\/blogosfera\/wp-content\/plugins\/yuzo-related-post\/assets\/images\/default.png') 50% 50% no-repeat;width: 125px;height:90px;margin-bottom: 5px;background-size: cover; \"><\/div>\n\t\t\t\t\t\t\t\t\t  <\/div>\n\t\t\t\t\t\t\t\t\t  \n\t\t\t\t\t\t\t\t   <span class=\"yuzo__text--title\" style=\"font-size:13px;\">Morre o jornalista Mino Carta, fundador da CartaCa...<\/span>\n\t\t\t\t\t\t\t  \n\t\t\t\t\t\t\t  \n\t\t\t\t\t\t\t  <\/a>\n\n\t\t\t\t\t\t  <\/div>\n\t\t\t\t\t\t  <div class=\"relatedthumb \" style=\"width:125px;float:left;overflow:hidden;\">  \n\t\t\t\t\t\t\t  \n\t\t\t\t\t\t\t  <a  href=\"https:\/\/redept.com.br\/blogosfera\/servidores-de-porto-alegre-rs-rejeitam-proposta-da-prefeitura-e-seguem-em-greve\/\"  >\n\t\t\t\t\t\t\t\t\t  <div class=\"yuzo-img-wrap \" style=\"width: 125px;height:90px;\">\n\t\t\t\t\t\t\t\t\t\t\n\t\t\t\t\t\t\t\t\t\t<div class=\"yuzo-img\" style=\"background:url('https:\/\/redept.com.br\/blogosfera\/wp-content\/uploads\/2025\/04\/WhatsApp-Image-2025-04-08-at-174517-2048x1037-1-150x150.jpeg') 50% 50% no-repeat;width: 125px;height:90px;margin-bottom: 5px;background-size: cover; \"><\/div>\n\t\t\t\t\t\t\t\t\t  <\/div>\n\t\t\t\t\t\t\t\t\t  \n\t\t\t\t\t\t\t\t   <span class=\"yuzo__text--title\" style=\"font-size:13px;\">Servidores de Porto Alegre (RS) rejeitam proposta ...<\/span>\n\t\t\t\t\t\t\t  \n\t\t\t\t\t\t\t  \n\t\t\t\t\t\t\t  <\/a>\n\n\t\t\t\t\t\t  <\/div>\n\t\t\t\t\t\t  <div class=\"relatedthumb \" style=\"width:125px;float:left;overflow:hidden;\">  \n\t\t\t\t\t\t\t  \n\t\t\t\t\t\t\t  <a  href=\"https:\/\/redept.com.br\/blogosfera\/pauta-estagnada-enfrentar-a-fome-crise-ambiental-e-desigualdades-passa-pela-reforma-agraria-popular\/\"  >\n\t\t\t\t\t\t\t\t\t  <div class=\"yuzo-img-wrap \" style=\"width: 125px;height:90px;\">\n\t\t\t\t\t\t\t\t\t\t\n\t\t\t\t\t\t\t\t\t\t<div class=\"yuzo-img\" style=\"background:url('https:\/\/redept.com.br\/blogosfera\/wp-content\/uploads\/2025\/12\/livre-pensar-17_page-0001-150x150.jpg') 50% 50% no-repeat;width: 125px;height:90px;margin-bottom: 5px;background-size: cover; \"><\/div>\n\t\t\t\t\t\t\t\t\t  <\/div>\n\t\t\t\t\t\t\t\t\t  \n\t\t\t\t\t\t\t\t   <span class=\"yuzo__text--title\" style=\"font-size:13px;\">Pauta estagnada: enfrentar a fome, crise ambiental...<\/span>\n\t\t\t\t\t\t\t  \n\t\t\t\t\t\t\t  \n\t\t\t\t\t\t\t  <\/a>\n\n\t\t\t\t\t\t  <\/div>\n\t\t\t\t\t\t  <div class=\"relatedthumb \" style=\"width:125px;float:left;overflow:hidden;\">  \n\t\t\t\t\t\t\t  \n\t\t\t\t\t\t\t  <a  href=\"https:\/\/redept.com.br\/blogosfera\/urgente-o-antropofagista-precisa-do-apoio-dos-seus-leitores\/\"  >\n\t\t\t\t\t\t\t\t\t  <div class=\"yuzo-img-wrap \" style=\"width: 125px;height:90px;\">\n\t\t\t\t\t\t\t\t\t\t\n\t\t\t\t\t\t\t\t\t\t<div class=\"yuzo-img\" style=\"background:url('https:\/\/redept.org\/blogosfera\/wp-content\/plugins\/yuzo-related-post\/assets\/images\/default.png') 50% 50% no-repeat;width: 125px;height:90px;margin-bottom: 5px;background-size: cover; \"><\/div>\n\t\t\t\t\t\t\t\t\t  <\/div>\n\t\t\t\t\t\t\t\t\t  \n\t\t\t\t\t\t\t\t   <span class=\"yuzo__text--title\" style=\"font-size:13px;\">Urgente: O Antropofagista precisa do apoio dos seu...<\/span>\n\t\t\t\t\t\t\t  \n\t\t\t\t\t\t\t  \n\t\t\t\t\t\t\t  <\/a>\n\n\t\t\t\t\t\t  <\/div>\n<\/div> <script>\n\t\t\t\t\t\t  jQuery(document).ready(function( $ ){\n\t\t\t\t\t\t\t\/\/jQuery('.yuzo_related_post').equalizer({ overflow : 'relatedthumb' });\n\t\t\t\t\t\t\tjQuery('.yuzo_related_post .yuzo_wraps').equalizer({ columns : '> div' });\n\t\t\t\t\t\t   })\n\t\t\t\t\t\t  <\/script> <!-- End Yuzo :) -->","protected":false},"excerpt":{"rendered":"<p>A Justi\u00e7a de S\u00e3o Paulo determinou que o ex-procurador Deltan Dallagnol pague, no prazo de 15 dias, uma indeniza\u00e7\u00e3o de R$ 135,4 mil ao presidente Luiz In\u00e1cio Lula da Silva (PT) por danos morais no chamado caso do PowerPoint. A decis\u00e3o foi proferida na \u00faltima sexta-feira (26) pelo juiz Carlo Brito Melfi. O valor inclui [\u2026]<\/p>\n<p>The post <a href=\"https:\/\/antropofagista.com.br\/2025\/07\/29\/efeito-bumerangue-dallagnol-tem-15-dias-para-indenizar-lula-por-powerpoint\/\">Efeito bumerangue: Dallagnol tem 15 dias para indenizar Lula por PowerPoint<\/a> first appeared on <a href=\"https:\/\/antropofagista.com.br\/\">Antropofagista<\/a>.<\/p>\n","protected":false},"author":2,"featured_media":0,"comment_status":"open","ping_status":"closed","sticky":false,"template":"","format":"standard","meta":{"fifu_image_url":"","fifu_image_alt":"","footnotes":""},"categories":[10985,10986,132,10610],"tags":[],"class_list":["post-41075","post","type-post","status-publish","format-standard","hentry","category-dallagnol","category-indenizar-lula","category-politica","category-powerpoint"],"_links":{"self":[{"href":"https:\/\/redept.com.br\/blogosfera\/wp-json\/wp\/v2\/posts\/41075","targetHints":{"allow":["GET"]}}],"collection":[{"href":"https:\/\/redept.com.br\/blogosfera\/wp-json\/wp\/v2\/posts"}],"about":[{"href":"https:\/\/redept.com.br\/blogosfera\/wp-json\/wp\/v2\/types\/post"}],"author":[{"embeddable":true,"href":"https:\/\/redept.com.br\/blogosfera\/wp-json\/wp\/v2\/users\/2"}],"replies":[{"embeddable":true,"href":"https:\/\/redept.com.br\/blogosfera\/wp-json\/wp\/v2\/comments?post=41075"}],"version-history":[{"count":0,"href":"https:\/\/redept.com.br\/blogosfera\/wp-json\/wp\/v2\/posts\/41075\/revisions"}],"wp:attachment":[{"href":"https:\/\/redept.com.br\/blogosfera\/wp-json\/wp\/v2\/media?parent=41075"}],"wp:term":[{"taxonomy":"category","embeddable":true,"href":"https:\/\/redept.com.br\/blogosfera\/wp-json\/wp\/v2\/categories?post=41075"},{"taxonomy":"post_tag","embeddable":true,"href":"https:\/\/redept.com.br\/blogosfera\/wp-json\/wp\/v2\/tags?post=41075"}],"curies":[{"name":"wp","href":"https:\/\/api.w.org\/{rel}","templated":true}]}}