{"id":41079,"date":"2025-07-30T00:54:32","date_gmt":"2025-07-30T03:54:32","guid":{"rendered":"https:\/\/redept.org\/blogosfera\/terremoto-de-magnitude-8-8-na-russia-desencadeia-tsunami-e-ondas-de-ate-4-metros-tambem-aguardadas-no-japao-videos\/"},"modified":"2025-07-30T00:54:32","modified_gmt":"2025-07-30T03:54:32","slug":"terremoto-de-magnitude-8-8-na-russia-desencadeia-tsunami-e-ondas-de-ate-4-metros-tambem-aguardadas-no-japao-videos","status":"publish","type":"post","link":"https:\/\/redept.com.br\/blogosfera\/terremoto-de-magnitude-8-8-na-russia-desencadeia-tsunami-e-ondas-de-ate-4-metros-tambem-aguardadas-no-japao-videos\/","title":{"rendered":"Terremoto de magnitude 8.8 na R\u00fassia desencadeia Tsunami e ondas de at\u00e9 4 metros, tamb\u00e9m aguardadas no Jap\u00e3o (v\u00eddeos)"},"content":{"rendered":"<p>Clickable caption Ondas chegam ao Jap\u00e3o ap\u00f3s terremoto na R\u00fassia e alerta de Tsunami em todo o Pac\u00edfico at\u00e9 a costa do Chile | Imagem reprodu\u00e7\u00e3o Pa\u00edses do Oceano Pac\u00edfico evacuam \u00e1reas costeiras ap\u00f3s forte tremor na costa russa \u2013 ASSISTA Bras\u00edlia, 29 de julho de 2025 No in\u00edcio da manh\u00e3 de quarta-feira (hor\u00e1rio local\u2026\u00a0<span>Terremoto de magnitude 8.8 na R\u00fassia desencadeia Tsunami e ondas de at\u00e9 4 metros, tamb\u00e9m aguardadas no Jap\u00e3o (v\u00eddeos)<\/span><\/p>\n<p>O post Terremoto de magnitude 8.8 na R\u00fassia desencadeia Tsunami e ondas de at\u00e9 4 metros, tamb\u00e9m aguardadas no Jap\u00e3o (v\u00eddeos) apareceu primeiro em .<\/p>\n<!-- Begin Yuzo --><div class='yuzo_related_post style-1'  data-version='5.12.89'><!-- without result --><div class='yuzo_clearfixed yuzo__title yuzo__title'><h3>Related Post<\/h3><\/div>\n\t\t\t\t\t\t  <div class=\"relatedthumb \" style=\"width:125px;float:left;overflow:hidden;\">  \n\t\t\t\t\t\t\t  \n\t\t\t\t\t\t\t  <a  href=\"https:\/\/redept.com.br\/blogosfera\/reforma-tributaria-e-reparacao-historica\/\"  >\n\t\t\t\t\t\t\t\t\t  <div class=\"yuzo-img-wrap \" style=\"width: 125px;height:90px;\">\n\t\t\t\t\t\t\t\t\t\t\n\t\t\t\t\t\t\t\t\t\t<div class=\"yuzo-img\" style=\"background:url('https:\/\/redept.com.br\/blogosfera\/wp-content\/uploads\/2025\/01\/haddad-reforma-tributaria-150x150.jpg') 50% 50% no-repeat;width: 125px;height:90px;margin-bottom: 5px;background-size: cover; \"><\/div>\n\t\t\t\t\t\t\t\t\t  <\/div>\n\t\t\t\t\t\t\t\t\t  \n\t\t\t\t\t\t\t\t   <span class=\"yuzo__text--title\" style=\"font-size:13px;\">Reforma tribut\u00e1ria \u00e9 repara\u00e7\u00e3o hist\u00f3rica<\/span>\n\t\t\t\t\t\t\t  \n\t\t\t\t\t\t\t  \n\t\t\t\t\t\t\t  <\/a>\n\n\t\t\t\t\t\t  <\/div>\n\t\t\t\t\t\t  <div class=\"relatedthumb \" style=\"width:125px;float:left;overflow:hidden;\">  \n\t\t\t\t\t\t\t  \n\t\t\t\t\t\t\t  <a  href=\"https:\/\/redept.com.br\/blogosfera\/agu-quer-monitorar-escavadeiras-apos-denuncias-de-uso-em-garimpos-ilegais\/\"  >\n\t\t\t\t\t\t\t\t\t  <div class=\"yuzo-img-wrap \" style=\"width: 125px;height:90px;\">\n\t\t\t\t\t\t\t\t\t\t\n\t\t\t\t\t\t\t\t\t\t<div class=\"yuzo-img\" style=\"background:url('https:\/\/redept.org\/blogosfera\/wp-content\/plugins\/yuzo-related-post\/assets\/images\/default.png') 50% 50% no-repeat;width: 125px;height:90px;margin-bottom: 5px;background-size: cover; \"><\/div>\n\t\t\t\t\t\t\t\t\t  <\/div>\n\t\t\t\t\t\t\t\t\t  \n\t\t\t\t\t\t\t\t   <span class=\"yuzo__text--title\" style=\"font-size:13px;\">AGU quer monitorar escavadeiras ap\u00f3s den\u00fancias de ...<\/span>\n\t\t\t\t\t\t\t  \n\t\t\t\t\t\t\t  \n\t\t\t\t\t\t\t  <\/a>\n\n\t\t\t\t\t\t  <\/div>\n\t\t\t\t\t\t  <div class=\"relatedthumb \" style=\"width:125px;float:left;overflow:hidden;\">  \n\t\t\t\t\t\t\t  \n\t\t\t\t\t\t\t  <a  href=\"https:\/\/redept.com.br\/blogosfera\/democracia-em-disputa-por-que-ainda-precisamos-defende-la-todos-os-dias\/\"  >\n\t\t\t\t\t\t\t\t\t  <div class=\"yuzo-img-wrap \" style=\"width: 125px;height:90px;\">\n\t\t\t\t\t\t\t\t\t\t\n\t\t\t\t\t\t\t\t\t\t<div class=\"yuzo-img\" style=\"background:url('https:\/\/redept.org\/blogosfera\/wp-content\/plugins\/yuzo-related-post\/assets\/images\/default.png') 50% 50% no-repeat;width: 125px;height:90px;margin-bottom: 5px;background-size: cover; \"><\/div>\n\t\t\t\t\t\t\t\t\t  <\/div>\n\t\t\t\t\t\t\t\t\t  \n\t\t\t\t\t\t\t\t   <span class=\"yuzo__text--title\" style=\"font-size:13px;\">Democracia em disputa: por que ainda precisamos de...<\/span>\n\t\t\t\t\t\t\t  \n\t\t\t\t\t\t\t  \n\t\t\t\t\t\t\t  <\/a>\n\n\t\t\t\t\t\t  <\/div>\n\t\t\t\t\t\t  <div class=\"relatedthumb \" style=\"width:125px;float:left;overflow:hidden;\">  \n\t\t\t\t\t\t\t  \n\t\t\t\t\t\t\t  <a  href=\"https:\/\/redept.com.br\/blogosfera\/jbs-e-autuada-por-trabalho-escravo-na-producao-de-frangos-no-rs\/\"  >\n\t\t\t\t\t\t\t\t\t  <div class=\"yuzo-img-wrap \" style=\"width: 125px;height:90px;\">\n\t\t\t\t\t\t\t\t\t\t\n\t\t\t\t\t\t\t\t\t\t<div class=\"yuzo-img\" style=\"background:url('https:\/\/redept.com.br\/blogosfera\/wp-content\/uploads\/2025\/05\/apanhador-150x150.jpg') 50% 50% no-repeat;width: 125px;height:90px;margin-bottom: 5px;background-size: cover; \"><\/div>\n\t\t\t\t\t\t\t\t\t  <\/div>\n\t\t\t\t\t\t\t\t\t  \n\t\t\t\t\t\t\t\t   <span class=\"yuzo__text--title\" style=\"font-size:13px;\">JBS \u00e9 autuada por trabalho escravo na produ\u00e7\u00e3o de ...<\/span>\n\t\t\t\t\t\t\t  \n\t\t\t\t\t\t\t  \n\t\t\t\t\t\t\t  <\/a>\n\n\t\t\t\t\t\t  <\/div>\n<\/div> <script>\n\t\t\t\t\t\t  jQuery(document).ready(function( $ ){\n\t\t\t\t\t\t\t\/\/jQuery('.yuzo_related_post').equalizer({ overflow : 'relatedthumb' });\n\t\t\t\t\t\t\tjQuery('.yuzo_related_post .yuzo_wraps').equalizer({ columns : '> div' });\n\t\t\t\t\t\t   })\n\t\t\t\t\t\t  <\/script> <!-- End Yuzo :) -->","protected":false},"excerpt":{"rendered":"<p>Clickable caption Ondas chegam ao Jap\u00e3o ap\u00f3s terremoto na R\u00fassia e alerta de Tsunami em todo o Pac\u00edfico at\u00e9 a costa do Chile | Imagem reprodu\u00e7\u00e3o Pa\u00edses do Oceano Pac\u00edfico evacuam \u00e1reas costeiras ap\u00f3s forte tremor na costa russa \u2013 ASSISTA Bras\u00edlia, 29 de julho de 2025 No in\u00edcio da manh\u00e3 de quarta-feira (hor\u00e1rio local\u2026\u00a0<a href=\"https:\/\/urbsmagna.com\/terremoto-de-magnitude-8-8-na-russia-desencadeia-tsunami-e-ondas-de-ate-4-metros-tambem-aguardadas-no-japao-videos\/\" rel=\"bookmark\"><span>Terremoto de magnitude 8.8 na R\u00fassia desencadeia Tsunami e ondas de at\u00e9 4 metros, tamb\u00e9m aguardadas no Jap\u00e3o (v\u00eddeos)<\/span><\/a><\/p>\n<p>O post <a rel=\"nofollow\" href=\"https:\/\/urbsmagna.com\/terremoto-de-magnitude-8-8-na-russia-desencadeia-tsunami-e-ondas-de-ate-4-metros-tambem-aguardadas-no-japao-videos\/\">Terremoto de magnitude 8.8 na R\u00fassia desencadeia Tsunami e ondas de at\u00e9 4 metros, tamb\u00e9m aguardadas no Jap\u00e3o (v\u00eddeos)<\/a> apareceu primeiro em <a rel=\"nofollow\" href=\"https:\/\/urbsmagna.com\/\"><\/a>.<\/p>\n","protected":false},"author":2,"featured_media":0,"comment_status":"open","ping_status":"closed","sticky":false,"template":"","format":"standard","meta":{"fifu_image_url":"","fifu_image_alt":"","footnotes":""},"categories":[191,5471],"tags":[],"class_list":["post-41079","post","type-post","status-publish","format-standard","hentry","category-noticias","category-politica-nacional"],"_links":{"self":[{"href":"https:\/\/redept.com.br\/blogosfera\/wp-json\/wp\/v2\/posts\/41079","targetHints":{"allow":["GET"]}}],"collection":[{"href":"https:\/\/redept.com.br\/blogosfera\/wp-json\/wp\/v2\/posts"}],"about":[{"href":"https:\/\/redept.com.br\/blogosfera\/wp-json\/wp\/v2\/types\/post"}],"author":[{"embeddable":true,"href":"https:\/\/redept.com.br\/blogosfera\/wp-json\/wp\/v2\/users\/2"}],"replies":[{"embeddable":true,"href":"https:\/\/redept.com.br\/blogosfera\/wp-json\/wp\/v2\/comments?post=41079"}],"version-history":[{"count":0,"href":"https:\/\/redept.com.br\/blogosfera\/wp-json\/wp\/v2\/posts\/41079\/revisions"}],"wp:attachment":[{"href":"https:\/\/redept.com.br\/blogosfera\/wp-json\/wp\/v2\/media?parent=41079"}],"wp:term":[{"taxonomy":"category","embeddable":true,"href":"https:\/\/redept.com.br\/blogosfera\/wp-json\/wp\/v2\/categories?post=41079"},{"taxonomy":"post_tag","embeddable":true,"href":"https:\/\/redept.com.br\/blogosfera\/wp-json\/wp\/v2\/tags?post=41079"}],"curies":[{"name":"wp","href":"https:\/\/api.w.org\/{rel}","templated":true}]}}