{"id":41463,"date":"2025-07-31T11:45:42","date_gmt":"2025-07-31T14:45:42","guid":{"rendered":"https:\/\/redept.org\/blogosfera\/embraer-fica-livre-de-tarifaco-e-defende-tarifa-zero-para-setor\/"},"modified":"2025-07-31T11:45:42","modified_gmt":"2025-07-31T14:45:42","slug":"embraer-fica-livre-de-tarifaco-e-defende-tarifa-zero-para-setor","status":"publish","type":"post","link":"https:\/\/redept.com.br\/blogosfera\/embraer-fica-livre-de-tarifaco-e-defende-tarifa-zero-para-setor\/","title":{"rendered":"Embraer fica livre de tarifa\u00e7o e defende tarifa zero para setor"},"content":{"rendered":"<p>A\u00a0<strong>Embraer<\/strong> ficou livre do tarifa\u00e7o de 50% imposta por <strong>Trump<\/strong> a produtos do <strong>Brasil<\/strong>.\u00a0Aeronaves, motores, pe\u00e7as e componentes de avia\u00e7\u00e3o aparecem na\u00a0lista de cerca de 700 produtos considerados exce\u00e7\u00f5es. Para a empresa, terceira maior fabricante de aeronaves do mundo, a libera\u00e7\u00e3o \u00e9 o\u00a0reconhecimento da import\u00e2ncia estrat\u00e9gica das atividades da empresa para Brasil e Estados Unidos. Saiba mais na <strong>TVT News<\/strong>.<\/p>\n<blockquote>\n<p>\u201cContinuamos acreditando e defendendo firmemente o retorno \u00e0 regra de tarifa zero para a ind\u00fastria aeroespacial global\u201d, afirma a nota da Embraer. \u201cMais importante ainda, apoiamos o di\u00e1logo cont\u00ednuo entre os governos brasileiro e norte-americano e permanecemos confiantes em um resultado positivo para\u00a0os\u00a0dois\u00a0pa\u00edses\u201d, complementa.<\/p>\n<\/p>\n<\/blockquote>\n<p>Na semana passada, a\u00a0empresa informou que a taxa\u00e7\u00e3o de 50% elevaria\u00a0o pre\u00e7o de cada avi\u00e3o vendido aos EUA em cerca de R$ 50 milh\u00f5es, o que acabaria por inviabilizar a venda. Considerando o per\u00edodo at\u00e9 2030, o impacto poderia chegar a\u00a0R$ 20 bilh\u00f5es em tarifas.\u00a0<\/p>\n<p>Em nota publicada, no in\u00edcio da noite, a C\u00e2mara Americana de Com\u00e9rcio para o Brasil \u2013 Amcham Brasil\u00a0calcula\u00a0que os\u00a0694 produtos exclu\u00eddos\u00a0da Ordem Executiva\u00a0representam\u00a0US$ 18,4 bilh\u00f5es em exporta\u00e7\u00f5es brasileiras no \u00faltimo per\u00edodo apurado (2024).<\/p>\n<ul>\n<li>Leia tamb\u00e9m: Tarifa\u00e7o: veja quais itens ser\u00e3o taxados e isentos<\/li>\n<\/ul>\n<p>O\u00a0valor corresponde a 43,4% do total de US$ 42,3 bilh\u00f5es exportados pelo Brasil para os EUA, de acordo com a an\u00e1lise da entidade. Com a inclus\u00e3o de aeronaves na lista de exce\u00e7\u00f5es, as a\u00e7\u00f5es da Embraer valorizaram 10,93% nesta quarta-feira (30).\u00a0<\/p>\n<p>Somente o setor de aeronaves vendeu US$ 2 bilh\u00f5es no ano passado, sendo metade\u00a0apenas em aeronaves leves, principal produto da Embraer. Apenas o setor de combust\u00edveis exporta mais, com US$ 18,4 bilh\u00f5es em vendas em 2024.<\/p>\n<p>Desde o dia 2 de abril, os produtos da Embraer\u00a0est\u00e3o taxados em 10%, o que permanecer\u00e1 em agosto.<\/p>\n<h2>Entenda o tarifa\u00e7o<\/h2>\n<p>Na Ordem Executiva, que elevou a tarifa para os produtos brasileiros em 50%,\u00a0Trump argumenta que\u00a0o\u00a0Brasil \u00e9 uma amea\u00e7a incomum e extraordin\u00e1ria \u00e0 seguran\u00e7a nacional dos EUA,\u00a0classifica\u00e7\u00e3o semelhante \u00e0 adotada contra pa\u00edses considerados hostis a\u00a0Washington, como Cuba, Venezuela e Ir\u00e3.<\/p>\n<p>O documento afirma\u00a0que o\u00a0Brasil estaria\u00a0perseguindo, intimidando e censurando \u201co ex-presidente brasileiro Jair Bolsonaro e milhares de seus apoiadores que\u00a0s\u00e3o graves viola\u00e7\u00f5es dos direitos humanos que minaram o Estado de Direito no Brasil\u201d.\u00a0<\/p>\n<p>Al\u00e9m do julgamento do ex-presidente Jair Bolsonaro,\u00a0medidas do governo brasileiro em rela\u00e7\u00e3o a plataformas digitais e decis\u00f5es do ministro do Supremo Tribunal Federal (STF) Alexandre de Moraes\u00a0foram citadas como justificativas\u00a0para as tarifas aplicadas pelos Estados Unidos ao Brasil.\u00a0<\/p>\n<p>\u201cA persegui\u00e7\u00e3o pol\u00edtica, por meio de processos forjados, amea\u00e7a o desenvolvimento ordenado das institui\u00e7\u00f5es pol\u00edticas, administrativas e econ\u00f4micas do Brasil, inclusive minando a capacidade do Brasil de realizar uma elei\u00e7\u00e3o presidencial livre e justa em 2026. O tratamento dado pelo governo do Brasil ao ex-presidente Bolsonaro tamb\u00e9m contribui para o colapso deliberado do Estado de Direito no Brasil, para a intimida\u00e7\u00e3o politicamente motivada naquele pa\u00eds e para abusos de direitos humanos\u201d, diz o texto.<\/p>\n<p>No documento do governo norte-americano, o\u00a0ministro Alexandre de Moraes \u00e9 acusado de abusar de sua autoridade judicial\u00a0\u201cpara atingir oponentes pol\u00edticos, proteger aliados corruptos e suprimir dissid\u00eancias, muitas vezes em coordena\u00e7\u00e3o com outras autoridades brasileiras\u201d.\u00a0Trump acusa o ministro de confiscar passaportes, prender pessoas sem julgamento e impor multas a empresas que n\u00e3o cumpriram \u201csuas exig\u00eancias ilegais de censura\u201d.\u00a0\u00a0<\/p>\n<p><em>Com Ag\u00eancia Brasil<\/em><\/p>\n<\/p>\n<h2>Leia mais not\u00edcias na TVT News<\/h2>\n<ul>\n<li>Desemprego cai para 5,8% pela 1\u00aa vez no Brasil<\/li>\n<li>Lula tem a maior aprova\u00e7\u00e3o de 2025 e segue ganhando de opositores<\/li>\n<li>Maior atleta do Brasil na atualidade, Hugo Calderano destaca import\u00e2ncia do Bolsa Atleta<\/li>\n<\/ul>\n<p>The post Embraer fica livre de tarifa\u00e7o e defende tarifa zero para setor appeared first on TVT News.<\/p>\n<!-- Begin Yuzo --><div class='yuzo_related_post style-1'  data-version='5.12.89'><!-- without result --><div class='yuzo_clearfixed yuzo__title yuzo__title'><h3>Related Post<\/h3><\/div>\n\t\t\t\t\t\t  <div class=\"relatedthumb \" style=\"width:125px;float:left;overflow:hidden;\">  \n\t\t\t\t\t\t\t  \n\t\t\t\t\t\t\t  <a  href=\"https:\/\/redept.com.br\/blogosfera\/a-luta-por-tempo-livre-e-o-mito-do-capitalismo-justo\/\"  >\n\t\t\t\t\t\t\t\t\t  <div class=\"yuzo-img-wrap \" style=\"width: 125px;height:90px;\">\n\t\t\t\t\t\t\t\t\t\t\n\t\t\t\t\t\t\t\t\t\t<div class=\"yuzo-img\" style=\"background:url('https:\/\/redept.com.br\/blogosfera\/wp-content\/uploads\/2025\/11\/share_share_image-27287d04-0a51-494d-b6e4-ab3cb853ef58-1-150x150.jpg') 50% 50% no-repeat;width: 125px;height:90px;margin-bottom: 5px;background-size: cover; \"><\/div>\n\t\t\t\t\t\t\t\t\t  <\/div>\n\t\t\t\t\t\t\t\t\t  \n\t\t\t\t\t\t\t\t   <span class=\"yuzo__text--title\" style=\"font-size:13px;\">A luta por tempo livre e o mito do capitalismo jus...<\/span>\n\t\t\t\t\t\t\t  \n\t\t\t\t\t\t\t  \n\t\t\t\t\t\t\t  <\/a>\n\n\t\t\t\t\t\t  <\/div>\n\t\t\t\t\t\t  <div class=\"relatedthumb \" style=\"width:125px;float:left;overflow:hidden;\">  \n\t\t\t\t\t\t\t  \n\t\t\t\t\t\t\t  <a  href=\"https:\/\/redept.com.br\/blogosfera\/rubens-pereira-junior-defende-prisao-preventiva-de-bolsonaro-e-critica-conducao-do-congresso-2\/\"  >\n\t\t\t\t\t\t\t\t\t  <div class=\"yuzo-img-wrap \" style=\"width: 125px;height:90px;\">\n\t\t\t\t\t\t\t\t\t\t\n\t\t\t\t\t\t\t\t\t\t<div class=\"yuzo-img\" style=\"background:url('https:\/\/redept.org\/blogosfera\/wp-content\/plugins\/yuzo-related-post\/assets\/images\/default.png') 50% 50% no-repeat;width: 125px;height:90px;margin-bottom: 5px;background-size: cover; \"><\/div>\n\t\t\t\t\t\t\t\t\t  <\/div>\n\t\t\t\t\t\t\t\t\t  \n\t\t\t\t\t\t\t\t   <span class=\"yuzo__text--title\" style=\"font-size:13px;\">Rubens Pereira J\u00fanior defende pris\u00e3o preventiva de...<\/span>\n\t\t\t\t\t\t\t  \n\t\t\t\t\t\t\t  \n\t\t\t\t\t\t\t  <\/a>\n\n\t\t\t\t\t\t  <\/div>\n\t\t\t\t\t\t  <div class=\"relatedthumb \" style=\"width:125px;float:left;overflow:hidden;\">  \n\t\t\t\t\t\t\t  \n\t\t\t\t\t\t\t  <a  href=\"https:\/\/redept.com.br\/blogosfera\/frankenstein-legislativo-relatoria-de-derrite-no-pl-antifaccao-visa-penas-altas-a-eficacia-investigativa\/\"  >\n\t\t\t\t\t\t\t\t\t  <div class=\"yuzo-img-wrap \" style=\"width: 125px;height:90px;\">\n\t\t\t\t\t\t\t\t\t\t\n\t\t\t\t\t\t\t\t\t\t<div class=\"yuzo-img\" style=\"background:url('https:\/\/redept.org\/blogosfera\/wp-content\/plugins\/yuzo-related-post\/assets\/images\/default.png') 50% 50% no-repeat;width: 125px;height:90px;margin-bottom: 5px;background-size: cover; \"><\/div>\n\t\t\t\t\t\t\t\t\t  <\/div>\n\t\t\t\t\t\t\t\t\t  \n\t\t\t\t\t\t\t\t   <span class=\"yuzo__text--title\" style=\"font-size:13px;\">\u2018Frankenstein legislativo\u2019: relatoria de Derrite n...<\/span>\n\t\t\t\t\t\t\t  \n\t\t\t\t\t\t\t  \n\t\t\t\t\t\t\t  <\/a>\n\n\t\t\t\t\t\t  <\/div>\n\t\t\t\t\t\t  <div class=\"relatedthumb \" style=\"width:125px;float:left;overflow:hidden;\">  \n\t\t\t\t\t\t\t  \n\t\t\t\t\t\t\t  <a  href=\"https:\/\/redept.com.br\/blogosfera\/um-estupro-a-cada-seis-minutos-a-falencia-do-estado-brasileiro-em-proteger-meninas-e-mulheres\/\"  >\n\t\t\t\t\t\t\t\t\t  <div class=\"yuzo-img-wrap \" style=\"width: 125px;height:90px;\">\n\t\t\t\t\t\t\t\t\t\t\n\t\t\t\t\t\t\t\t\t\t<div class=\"yuzo-img\" style=\"background:url('https:\/\/redept.org\/blogosfera\/wp-content\/plugins\/yuzo-related-post\/assets\/images\/default.png') 50% 50% no-repeat;width: 125px;height:90px;margin-bottom: 5px;background-size: cover; \"><\/div>\n\t\t\t\t\t\t\t\t\t  <\/div>\n\t\t\t\t\t\t\t\t\t  \n\t\t\t\t\t\t\t\t   <span class=\"yuzo__text--title\" style=\"font-size:13px;\">Um estupro a cada seis minutos: a fal\u00eancia do Esta...<\/span>\n\t\t\t\t\t\t\t  \n\t\t\t\t\t\t\t  \n\t\t\t\t\t\t\t  <\/a>\n\n\t\t\t\t\t\t  <\/div>\n<\/div> <script>\n\t\t\t\t\t\t  jQuery(document).ready(function( $ ){\n\t\t\t\t\t\t\t\/\/jQuery('.yuzo_related_post').equalizer({ overflow : 'relatedthumb' });\n\t\t\t\t\t\t\tjQuery('.yuzo_related_post .yuzo_wraps').equalizer({ columns : '> div' });\n\t\t\t\t\t\t   })\n\t\t\t\t\t\t  <\/script> <!-- End Yuzo :) -->","protected":false},"excerpt":{"rendered":"<p>A\u00e7\u00f5es da empresa valorizaram mais de 10% ap\u00f3s an\u00fancio dos EUA<\/p>\n<p>The post <a rel=\"nofollow\" href=\"https:\/\/tvtnews.com.br\/embraer-livre-tarifaco-defende-tarifa-zero\/\">Embraer fica livre de tarifa\u00e7o e defende tarifa zero para setor<\/a> appeared first on <a rel=\"nofollow\" href=\"https:\/\/tvtnews.com.br\/\">TVT News<\/a>.<\/p>\n","protected":false},"author":2,"featured_media":0,"comment_status":"open","ping_status":"closed","sticky":false,"template":"","format":"standard","meta":{"fifu_image_url":"","fifu_image_alt":"","footnotes":""},"categories":[489,221,4550,3641],"tags":[],"class_list":["post-41463","post","type-post","status-publish","format-standard","hentry","category-destaque-pequeno","category-economia","category-embraer","category-tarifaco"],"_links":{"self":[{"href":"https:\/\/redept.com.br\/blogosfera\/wp-json\/wp\/v2\/posts\/41463","targetHints":{"allow":["GET"]}}],"collection":[{"href":"https:\/\/redept.com.br\/blogosfera\/wp-json\/wp\/v2\/posts"}],"about":[{"href":"https:\/\/redept.com.br\/blogosfera\/wp-json\/wp\/v2\/types\/post"}],"author":[{"embeddable":true,"href":"https:\/\/redept.com.br\/blogosfera\/wp-json\/wp\/v2\/users\/2"}],"replies":[{"embeddable":true,"href":"https:\/\/redept.com.br\/blogosfera\/wp-json\/wp\/v2\/comments?post=41463"}],"version-history":[{"count":0,"href":"https:\/\/redept.com.br\/blogosfera\/wp-json\/wp\/v2\/posts\/41463\/revisions"}],"wp:attachment":[{"href":"https:\/\/redept.com.br\/blogosfera\/wp-json\/wp\/v2\/media?parent=41463"}],"wp:term":[{"taxonomy":"category","embeddable":true,"href":"https:\/\/redept.com.br\/blogosfera\/wp-json\/wp\/v2\/categories?post=41463"},{"taxonomy":"post_tag","embeddable":true,"href":"https:\/\/redept.com.br\/blogosfera\/wp-json\/wp\/v2\/tags?post=41463"}],"curies":[{"name":"wp","href":"https:\/\/api.w.org\/{rel}","templated":true}]}}