{"id":41603,"date":"2025-07-31T18:21:42","date_gmt":"2025-07-31T21:21:42","guid":{"rendered":"https:\/\/redept.org\/blogosfera\/ministerio-da-saude-investe-r-53-milhoes-em-belem-para-a-cop-30\/"},"modified":"2025-07-31T18:21:42","modified_gmt":"2025-07-31T21:21:42","slug":"ministerio-da-saude-investe-r-53-milhoes-em-belem-para-a-cop-30","status":"publish","type":"post","link":"https:\/\/redept.com.br\/blogosfera\/ministerio-da-saude-investe-r-53-milhoes-em-belem-para-a-cop-30\/","title":{"rendered":"Minist\u00e9rio da Sa\u00fade investe R$ 53 milh\u00f5es em Bel\u00e9m para a COP 30"},"content":{"rendered":"<p><img loading=\"lazy\" width=\"1024\" height=\"683\"src=\"https:\/\/redept.org\/blogosfera\/wp-content\/uploads\/2025\/07\/54689488984_d668726d43_k.jpg\" alt=\"\" decoding=\"async\" loading=\"lazy\" srcset=\"https:\/\/vermelho.org.br\/wp-content\/uploads\/2025\/07\/54689488984_d668726d43_k-1024x683.jpg 1024w, https:\/\/vermelho.org.br\/wp-content\/uploads\/2025\/07\/54689488984_d668726d43_k-300x200.jpg 300w, https:\/\/vermelho.org.br\/wp-content\/uploads\/2025\/07\/54689488984_d668726d43_k-768x512.jpg 768w, https:\/\/vermelho.org.br\/wp-content\/uploads\/2025\/07\/54689488984_d668726d43_k-1536x1024.jpg 1536w, https:\/\/vermelho.org.br\/wp-content\/uploads\/2025\/07\/54689488984_d668726d43_k-272x182.jpg 272w, https:\/\/redept.org\/blogosfera\/wp-content\/uploads\/2025\/07\/54689488984_d668726d43_k.jpg 2048w\" sizes=\"auto, (max-width: 1024px) 100vw, 1024px\"><\/p>\n<p>Parte das iniciativas para preparar a cidade de Bel\u00e9m para receber a COP 30 (Confer\u00eancia das Na\u00e7\u00f5es Unidas sobre as Mudan\u00e7as Clim\u00e1ticas de 2025), em novembro, passa pelo refor\u00e7o do atendimento em sa\u00fade.<\/p>\n<p>Para alcan\u00e7ar este objetivo, o ministro da Sa\u00fade, Alexandre Padilha, anunciou nesta quarta-feira (30), R$ 53 milh\u00f5es em investimentos para fortalecer o Sistema \u00danico de Sa\u00fade (SUS) da capital paraense. O ministro esteve na cidade e destacou que os preparativos para a COP 30 visam deixar um legado.<\/p>\n<p>\u201cN\u00e3o estamos preparando a cidade apenas para o evento, mas para o futuro, com investimentos permanentes na sa\u00fade p\u00fablica\u201d, disse Padilha.<\/p>\n<p><strong>Leia mais: <\/strong>Guardi\u00e3o das florestas, Curupira \u00e9 escolhido mascote da COP30<\/p>\n<p>Dos recursos anunciados, parte ser\u00e1 destinada \u00e0 constru\u00e7\u00e3o de oito Unidades B\u00e1sicas de Sa\u00fade (UBS) e custeio das equipes. Para o Hospital Benem\u00e9rita Sociedade Portuguesa Beneficente do Par\u00e1 ser\u00e3o R$ 35,5 milh\u00f5es para amplia\u00e7\u00e3o de leitos e compra de equipamentos. O hospital ser\u00e1 respons\u00e1vel pelo mutir\u00e3o do programa \u201cAgora Tem Especialistas\u201d, que visa reduzir o tempo de espera por atendimento no SUS.<\/p>\n<p>Outra iniciativa \u00e9 a contrata\u00e7\u00e3o de 554 novos Agentes Comunit\u00e1rios de Sa\u00fade (ACS) em Bel\u00e9m. O minist\u00e9rio ir\u00e1 investir R$ 23,4 milh\u00f5es na iniciativa at\u00e9 2027.<\/p>\n<figure>\n<figure><img fetchpriority=\"high\" decoding=\"async\" width=\"1024\" height=\"683\" data-id=\"723572\"src=\"https:\/\/redept.org\/blogosfera\/wp-content\/uploads\/2025\/07\/54689211126_ecdbaa88a6_k.jpg\" alt=\"\" srcset=\"https:\/\/vermelho.org.br\/wp-content\/uploads\/2025\/07\/54689211126_ecdbaa88a6_k-1024x683.jpg 1024w, https:\/\/vermelho.org.br\/wp-content\/uploads\/2025\/07\/54689211126_ecdbaa88a6_k-300x200.jpg 300w, https:\/\/vermelho.org.br\/wp-content\/uploads\/2025\/07\/54689211126_ecdbaa88a6_k-768x512.jpg 768w, https:\/\/vermelho.org.br\/wp-content\/uploads\/2025\/07\/54689211126_ecdbaa88a6_k-1536x1024.jpg 1536w, https:\/\/vermelho.org.br\/wp-content\/uploads\/2025\/07\/54689211126_ecdbaa88a6_k-272x182.jpg 272w, https:\/\/redept.org\/blogosfera\/wp-content\/uploads\/2025\/07\/54689211126_ecdbaa88a6_k.jpg 2048w\" sizes=\"(max-width: 1024px) 100vw, 1024px\"><\/figure>\n<figure><img decoding=\"async\" width=\"1024\" height=\"688\" data-id=\"723571\"src=\"https:\/\/redept.org\/blogosfera\/wp-content\/uploads\/2025\/07\/54689678494_80f5f36f42_k.jpg\" alt=\"\" srcset=\"https:\/\/vermelho.org.br\/wp-content\/uploads\/2025\/07\/54689678494_80f5f36f42_k-1024x688.jpg 1024w, https:\/\/vermelho.org.br\/wp-content\/uploads\/2025\/07\/54689678494_80f5f36f42_k-300x202.jpg 300w, https:\/\/vermelho.org.br\/wp-content\/uploads\/2025\/07\/54689678494_80f5f36f42_k-768x516.jpg 768w, https:\/\/vermelho.org.br\/wp-content\/uploads\/2025\/07\/54689678494_80f5f36f42_k-1536x1032.jpg 1536w, https:\/\/vermelho.org.br\/wp-content\/uploads\/2025\/07\/54689678494_80f5f36f42_k-272x182.jpg 272w, https:\/\/redept.org\/blogosfera\/wp-content\/uploads\/2025\/07\/54689678494_80f5f36f42_k.jpg 2048w\" sizes=\"(max-width: 1024px) 100vw, 1024px\"><\/figure>\n<figure><img loading=\"lazy\" loading=\"lazy\" decoding=\"async\" width=\"1024\" height=\"683\" data-id=\"723573\"src=\"https:\/\/redept.org\/blogosfera\/wp-content\/uploads\/2025\/07\/54689431706_f777312cd5_k.jpg\" alt=\"\" srcset=\"https:\/\/vermelho.org.br\/wp-content\/uploads\/2025\/07\/54689431706_f777312cd5_k-1024x683.jpg 1024w, https:\/\/vermelho.org.br\/wp-content\/uploads\/2025\/07\/54689431706_f777312cd5_k-300x200.jpg 300w, https:\/\/vermelho.org.br\/wp-content\/uploads\/2025\/07\/54689431706_f777312cd5_k-768x512.jpg 768w, https:\/\/vermelho.org.br\/wp-content\/uploads\/2025\/07\/54689431706_f777312cd5_k-1536x1024.jpg 1536w, https:\/\/vermelho.org.br\/wp-content\/uploads\/2025\/07\/54689431706_f777312cd5_k-272x182.jpg 272w, https:\/\/redept.org\/blogosfera\/wp-content\/uploads\/2025\/07\/54689431706_f777312cd5_k.jpg 2048w\" sizes=\"auto, (max-width: 1024px) 100vw, 1024px\"><\/figure>\n<figure><img loading=\"lazy\" loading=\"lazy\" decoding=\"async\" width=\"799\" height=\"533\" data-id=\"723570\"src=\"https:\/\/redept.org\/blogosfera\/wp-content\/uploads\/2025\/07\/54689549810_82c4d8dd39_c.jpg\" alt=\"\" srcset=\"https:\/\/redept.org\/blogosfera\/wp-content\/uploads\/2025\/07\/54689549810_82c4d8dd39_c.jpg 799w, https:\/\/vermelho.org.br\/wp-content\/uploads\/2025\/07\/54689549810_82c4d8dd39_c-300x200.jpg 300w, https:\/\/vermelho.org.br\/wp-content\/uploads\/2025\/07\/54689549810_82c4d8dd39_c-768x512.jpg 768w, https:\/\/vermelho.org.br\/wp-content\/uploads\/2025\/07\/54689549810_82c4d8dd39_c-272x182.jpg 272w\" sizes=\"auto, (max-width: 799px) 100vw, 799px\"><figcaption>Fotos: Jo\u00e3o Risi \/ MS<\/figcaption><\/figure>\n<\/figure>\n<p><strong>Obras em andamento<\/strong><\/p>\n<p>O Par\u00e1 j\u00e1 recebeu R$ 4,7 bilh\u00f5es em investimentos do Minist\u00e9rio da Sa\u00fade desde 2023, sendo R$ 1,6 bilh\u00e3o somente na capital.<\/p>\n<p>Al\u00e9m dos novos recursos anunciados, o estado conta com R$ 460 milh\u00f5es em investimentos pelo Novo PAC (Plano de Acelera\u00e7\u00e3o do Crescimento).<\/p>\n<p><strong>Leia mais<\/strong>: Mutir\u00e3o nacional do SUS far\u00e1 mil cirurgias em um \u00fanico dia<\/p>\n<p>S\u00e3o 239 empreendimentos de sa\u00fade em andamento e \u201c<em>126 obras, incluindo UBS, CAPS, CER, Oficina Ortop\u00e9dica, Maternidades, Policl\u00ednicas e Unidades B\u00e1sicas de Sa\u00fade Ind\u00edgena, beneficiando cerca de 365 munic\u00edpios<\/em>\u201d, destaca o Minist\u00e9rio da Sa\u00fade.<\/p>\n<p>A capital paraense tamb\u00e9m receber\u00e1 86 ve\u00edculos do governo, entre Servi\u00e7o de Atendimento M\u00f3vel de Urg\u00eancia (Samu) e Unidade Odontol\u00f3gica M\u00f3vel (UOM).<\/p>\n<p>O post Minist\u00e9rio da Sa\u00fade investe R$ 53 milh\u00f5es em Bel\u00e9m para a COP 30 apareceu primeiro em Vermelho.<\/p>\n<!-- Begin Yuzo --><div class='yuzo_related_post style-1'  data-version='5.12.89'><!-- without result --><div class='yuzo_clearfixed yuzo__title yuzo__title'><h3>Related Post<\/h3><\/div>\n\t\t\t\t\t\t  <div class=\"relatedthumb \" style=\"width:125px;float:left;overflow:hidden;\">  \n\t\t\t\t\t\t\t  \n\t\t\t\t\t\t\t  <a  href=\"https:\/\/redept.com.br\/blogosfera\/bets-entre-18-e-3-milhoes-apostaram-bolsa-familia-e-nao-tem-previsao-de-reaver-dinheiro\/\"  >\n\t\t\t\t\t\t\t\t\t  <div class=\"yuzo-img-wrap \" style=\"width: 125px;height:90px;\">\n\t\t\t\t\t\t\t\t\t\t\n\t\t\t\t\t\t\t\t\t\t<div class=\"yuzo-img\" style=\"background:url('https:\/\/redept.org\/blogosfera\/wp-content\/plugins\/yuzo-related-post\/assets\/images\/default.png') 50% 50% no-repeat;width: 125px;height:90px;margin-bottom: 5px;background-size: cover; \"><\/div>\n\t\t\t\t\t\t\t\t\t  <\/div>\n\t\t\t\t\t\t\t\t\t  \n\t\t\t\t\t\t\t\t   <span class=\"yuzo__text--title\" style=\"font-size:13px;\">Bets: Entre 1,8 e 3 milh\u00f5es apostaram Bolsa Fam\u00edli...<\/span>\n\t\t\t\t\t\t\t  \n\t\t\t\t\t\t\t  \n\t\t\t\t\t\t\t  <\/a>\n\n\t\t\t\t\t\t  <\/div>\n\t\t\t\t\t\t  <div class=\"relatedthumb \" style=\"width:125px;float:left;overflow:hidden;\">  \n\t\t\t\t\t\t\t  \n\t\t\t\t\t\t\t  <a  href=\"https:\/\/redept.com.br\/blogosfera\/brasil-assume-presidencia-do-brics-com-foco-em-governanca-global-e-expansao-do-bloco\/\"  >\n\t\t\t\t\t\t\t\t\t  <div class=\"yuzo-img-wrap \" style=\"width: 125px;height:90px;\">\n\t\t\t\t\t\t\t\t\t\t\n\t\t\t\t\t\t\t\t\t\t<div class=\"yuzo-img\" style=\"background:url('https:\/\/redept.com.br\/blogosfera\/wp-content\/uploads\/2025\/01\/Captura-de-Tela-2025-01-02-as-18.12.39-150x150.png') 50% 50% no-repeat;width: 125px;height:90px;margin-bottom: 5px;background-size: cover; \"><\/div>\n\t\t\t\t\t\t\t\t\t  <\/div>\n\t\t\t\t\t\t\t\t\t  \n\t\t\t\t\t\t\t\t   <span class=\"yuzo__text--title\" style=\"font-size:13px;\">Brasil assume presid\u00eancia do BRICS com foco em gov...<\/span>\n\t\t\t\t\t\t\t  \n\t\t\t\t\t\t\t  \n\t\t\t\t\t\t\t  <\/a>\n\n\t\t\t\t\t\t  <\/div>\n\t\t\t\t\t\t  <div class=\"relatedthumb \" style=\"width:125px;float:left;overflow:hidden;\">  \n\t\t\t\t\t\t\t  \n\t\t\t\t\t\t\t  <a  href=\"https:\/\/redept.com.br\/blogosfera\/producao-industrial-avanca-12-em-marco-e-supera-projecoes\/\"  >\n\t\t\t\t\t\t\t\t\t  <div class=\"yuzo-img-wrap \" style=\"width: 125px;height:90px;\">\n\t\t\t\t\t\t\t\t\t\t\n\t\t\t\t\t\t\t\t\t\t<div class=\"yuzo-img\" style=\"background:url('https:\/\/redept.org\/blogosfera\/wp-content\/plugins\/yuzo-related-post\/assets\/images\/default.png') 50% 50% no-repeat;width: 125px;height:90px;margin-bottom: 5px;background-size: cover; \"><\/div>\n\t\t\t\t\t\t\t\t\t  <\/div>\n\t\t\t\t\t\t\t\t\t  \n\t\t\t\t\t\t\t\t   <span class=\"yuzo__text--title\" style=\"font-size:13px;\">Produ\u00e7\u00e3o industrial avan\u00e7a 1,2% em mar\u00e7o e supera ...<\/span>\n\t\t\t\t\t\t\t  \n\t\t\t\t\t\t\t  \n\t\t\t\t\t\t\t  <\/a>\n\n\t\t\t\t\t\t  <\/div>\n\t\t\t\t\t\t  <div class=\"relatedthumb \" style=\"width:125px;float:left;overflow:hidden;\">  \n\t\t\t\t\t\t\t  \n\t\t\t\t\t\t\t  <a  href=\"https:\/\/redept.com.br\/blogosfera\/grandes-substituicoes-por-luiz-marques\/\"  >\n\t\t\t\t\t\t\t\t\t  <div class=\"yuzo-img-wrap \" style=\"width: 125px;height:90px;\">\n\t\t\t\t\t\t\t\t\t\t\n\t\t\t\t\t\t\t\t\t\t<div class=\"yuzo-img\" style=\"background:url('https:\/\/redept.org\/blogosfera\/wp-content\/plugins\/yuzo-related-post\/assets\/images\/default.png') 50% 50% no-repeat;width: 125px;height:90px;margin-bottom: 5px;background-size: cover; \"><\/div>\n\t\t\t\t\t\t\t\t\t  <\/div>\n\t\t\t\t\t\t\t\t\t  \n\t\t\t\t\t\t\t\t   <span class=\"yuzo__text--title\" style=\"font-size:13px;\">Grandes substitui\u00e7\u00f5es (por Luiz Marques)<\/span>\n\t\t\t\t\t\t\t  \n\t\t\t\t\t\t\t  \n\t\t\t\t\t\t\t  <\/a>\n\n\t\t\t\t\t\t  <\/div>\n<\/div> <script>\n\t\t\t\t\t\t  jQuery(document).ready(function( $ ){\n\t\t\t\t\t\t\t\/\/jQuery('.yuzo_related_post').equalizer({ overflow : 'relatedthumb' });\n\t\t\t\t\t\t\tjQuery('.yuzo_related_post .yuzo_wraps').equalizer({ columns : '> div' });\n\t\t\t\t\t\t   })\n\t\t\t\t\t\t  <\/script> <!-- End Yuzo :) -->","protected":false},"excerpt":{"rendered":"<p><img decoding=\"async\" width=\"1024\" height=\"683\" src=\"https:\/\/vermelho.org.br\/wp-content\/uploads\/2025\/07\/54689488984_d668726d43_k-1024x683.jpg\" alt=\"\"><\/p>\n<p>Recursos visam ampliar a capacidade de atendimento na cidade com novos leitos, constru\u00e7\u00e3o de Unidades B\u00e1sicas de Sa\u00fade e contrata\u00e7\u00e3o de novos profissionais<\/p>\n<p>O post <a href=\"https:\/\/vermelho.org.br\/2025\/07\/31\/ministerio-da-saude-investe-r-53-milhoes-em-belem-para-a-cop-30\/\">Minist\u00e9rio da Sa\u00fade investe R$ 53 milh\u00f5es em Bel\u00e9m para a COP 30<\/a> apareceu primeiro em <a href=\"https:\/\/vermelho.org.br\/\">Vermelho<\/a>.<\/p>\n","protected":false},"author":2,"featured_media":41604,"comment_status":"open","ping_status":"closed","sticky":false,"template":"","format":"standard","meta":{"fifu_image_url":"","fifu_image_alt":"","footnotes":""},"categories":[3991,894,3294,2519,162,722,126],"tags":[],"class_list":["post-41603","post","type-post","status-publish","format-standard","has-post-thumbnail","hentry","category-alexandre-padilha","category-belem","category-cop-30-em-belem","category-cop30","category-ministerio-da-saude","category-para","category-saude"],"_links":{"self":[{"href":"https:\/\/redept.com.br\/blogosfera\/wp-json\/wp\/v2\/posts\/41603","targetHints":{"allow":["GET"]}}],"collection":[{"href":"https:\/\/redept.com.br\/blogosfera\/wp-json\/wp\/v2\/posts"}],"about":[{"href":"https:\/\/redept.com.br\/blogosfera\/wp-json\/wp\/v2\/types\/post"}],"author":[{"embeddable":true,"href":"https:\/\/redept.com.br\/blogosfera\/wp-json\/wp\/v2\/users\/2"}],"replies":[{"embeddable":true,"href":"https:\/\/redept.com.br\/blogosfera\/wp-json\/wp\/v2\/comments?post=41603"}],"version-history":[{"count":0,"href":"https:\/\/redept.com.br\/blogosfera\/wp-json\/wp\/v2\/posts\/41603\/revisions"}],"wp:featuredmedia":[{"embeddable":true,"href":"https:\/\/redept.com.br\/blogosfera\/wp-json\/wp\/v2\/media\/41604"}],"wp:attachment":[{"href":"https:\/\/redept.com.br\/blogosfera\/wp-json\/wp\/v2\/media?parent=41603"}],"wp:term":[{"taxonomy":"category","embeddable":true,"href":"https:\/\/redept.com.br\/blogosfera\/wp-json\/wp\/v2\/categories?post=41603"},{"taxonomy":"post_tag","embeddable":true,"href":"https:\/\/redept.com.br\/blogosfera\/wp-json\/wp\/v2\/tags?post=41603"}],"curies":[{"name":"wp","href":"https:\/\/api.w.org\/{rel}","templated":true}]}}