{"id":41779,"date":"2025-08-01T14:20:34","date_gmt":"2025-08-01T17:20:34","guid":{"rendered":"https:\/\/redept.org\/blogosfera\/lula-entrega-moradias-celebra-saida-do-mapa-da-fome-e-baixo-desemprego\/"},"modified":"2025-08-01T14:20:34","modified_gmt":"2025-08-01T17:20:34","slug":"lula-entrega-moradias-celebra-saida-do-mapa-da-fome-e-baixo-desemprego","status":"publish","type":"post","link":"https:\/\/redept.com.br\/blogosfera\/lula-entrega-moradias-celebra-saida-do-mapa-da-fome-e-baixo-desemprego\/","title":{"rendered":"Lula entrega moradias, celebra sa\u00edda do Mapa da Fome e baixo desemprego"},"content":{"rendered":"<p><img loading=\"lazy\" width=\"1024\" height=\"606\"src=\"https:\/\/redept.org\/blogosfera\/wp-content\/uploads\/2025\/08\/54693311364_3f8d248620_k-1.jpg\" alt=\"\" decoding=\"async\" loading=\"lazy\" srcset=\"https:\/\/vermelho.org.br\/wp-content\/uploads\/2025\/08\/54693311364_3f8d248620_k-1-1024x606.jpg 1024w, https:\/\/vermelho.org.br\/wp-content\/uploads\/2025\/08\/54693311364_3f8d248620_k-1-300x177.jpg 300w, https:\/\/vermelho.org.br\/wp-content\/uploads\/2025\/08\/54693311364_3f8d248620_k-1-768x454.jpg 768w, https:\/\/vermelho.org.br\/wp-content\/uploads\/2025\/08\/54693311364_3f8d248620_k-1-1536x908.jpg 1536w, https:\/\/redept.org\/blogosfera\/wp-content\/uploads\/2025\/08\/54693311364_3f8d248620_k-1.jpg 2048w\" sizes=\"auto, (max-width: 1024px) 100vw, 1024px\"><\/p>\n<p>O presidente Lula entregou, nesta sexta-feira (1), 1.876 unidades habitacionais do Minha Casa, Minha Vida (MCMV) em benef\u00edcio de 7,5 mil pessoas. As resid\u00eancias foram entregues simultaneamente a seis cidades em cinco estados. Do Pal\u00e1cio do Planalto, o presidente discursou e houve retransmiss\u00e3o nos munic\u00edpios beneficiados, onde ministros e governadores estavam presentes.<\/p>\n<p>\u201cO cidad\u00e3o tendo uma casa, emprego, condi\u00e7\u00f5es de estudar, a vida est\u00e1 realizada. O resto Deus ajuda a fazer e a gente vai em frente. Por isso \u00e9 que eu tenho um compromisso com o Minha Casa, Minha Vida. \u00c9 um compromisso que tenho. N\u00e3o \u00e9 nem um programa de governo, \u00e9 quase uma profiss\u00e3o de f\u00e9, pois todo mundo tem o direito de ter uma casa, isso est\u00e1 na Constitui\u00e7\u00e3o\u201d, destaca Lula.<\/p>\n<p>Na sua fala, o presidente ainda celebrou a menor taxa de desemprego da hist\u00f3ria do pa\u00eds alcan\u00e7ada nesta semana: \u201cvoc\u00eas n\u00e3o sabem como estou feliz de saber que ontem o Brasil atingiu o menor n\u00edvel de desemprego da hist\u00f3ria\u201d.<\/p>\n<p><strong>Leia mais:<\/strong> Aprova\u00e7\u00e3o do desempenho de Lula cresce e chega a 50,2%, aponta pesquisa<\/p>\n<p>Ele tamb\u00e9m ressaltou o an\u00fancio sobre a retirada do Brasil do Mapa da Fome pela ONU (Organiza\u00e7\u00e3o das Na\u00e7\u00f5es Unidas). \u201cAssumimos esse compromisso e, em 2014, acabamos com a fome no Brasil. A Dilma [Rousseff] depois foi impichada, deram um golpe, e 13 anos depois [ap\u00f3s Lula terminar o 2\u00ba mandato], quando eu voltei, j\u00e1 tinha 33 milh\u00f5es passando fome outra vez. Ou seja, o esfor\u00e7o que fizemos foi praticamente jogado fora pelos governos que entraram depois da Dilma. N\u00f3s assumimos [em 2023] o compromisso de acabar com a fome outra vez e, em apenas dois anos e meio, fomos premiados com o resultado do trabalho de todas as pessoas no Brasil que est\u00e3o comprometidas a acabar com a fome nesse pa\u00eds\u201d, comemora Lula.<\/p>\n<p>Por fim, o presidente cobrou o ministro das Cidades, Jader Filho, e o presidente da Caixa Econ\u00f4mica Federal, Carlos Vieira, por um lan\u00e7amento que amplie o Minha Casa, Minha Vida para as fam\u00edlias de classe m\u00e9dia no pa\u00eds, atendendo aos que recebem at\u00e9 R$ 12 mil.<\/p>\n<p><strong>Entregas<\/strong><\/p>\n<p>As 1.876 unidades habitacionais do Minha Casa, Minha Vida foram entregues simultaneamente em cada munic\u00edpio, por meio de eventos conectados online.<\/p>\n<p>O governador da Bahia, Jer\u00f4nimo Rodrigues, e o ministro da Casa Civil, Rui Costa, estavam em Pojuca (BA), enquanto o ministro de Pesca e Aquicultura, Andr\u00e9 de Paula, em Paulo Afonso (BA). J\u00e1 o ministro dos Esportes do Brasil, Andr\u00e9 Fufuca, esteve na cerim\u00f4nia em A\u00e7ail\u00e2ndia (MA), e o governador do Cear\u00e1, Elmano de Freitas, em Horizonte (CE). Em Teresina (PI), estavam o governador do Piau\u00ed, Rafael Fonteles, e o ministro do Desenvolvimento e Assist\u00eancia Social, Fam\u00edlia e Combate \u00e0 Fome, Wellington Dias. Ainda houve entregas na cidade de Chapada de Areia (TO).<\/p>\n<p>De acordo com o Minist\u00e9rio das Cidades, j\u00e1 s\u00e3o 1,64 milh\u00e3o de novas unidades do programa Minha Casa Minha Vida contratadas desde 2023, atendendo a 4.722 munic\u00edpios, o que representa 82,1% do territ\u00f3rio nacional. Segundo a pasta, at\u00e9 o final de 2026, o governo dever\u00e1 chegar aos tr\u00eas milh\u00f5es de contrata\u00e7\u00f5es com investimento de 400 bilh\u00f5es de reais do governo federal.<\/p>\n<p>\u201cO senhor [Lula] tra\u00e7ou uma meta para 2 milh\u00f5es de moradias em quatro anos. Vamos chegar ao final de 2025 com essa meta batida e j\u00e1 tra\u00e7amos o objetivo de chegar, at\u00e9 o final do seu governo, com 3 milh\u00f5es de casas contratadas no Brasil. Com isso, a gente reduz bastante o d\u00e9ficit habitacional\u201d, afirma Jader Filho.<\/p>\n<figure>\n<figure><img fetchpriority=\"high\" decoding=\"async\" width=\"1024\" height=\"683\" data-id=\"723637\"src=\"https:\/\/redept.org\/blogosfera\/wp-content\/uploads\/2025\/08\/54693357368_37f81a157e_k.jpg\" alt=\"\" srcset=\"https:\/\/vermelho.org.br\/wp-content\/uploads\/2025\/08\/54693357368_37f81a157e_k-1024x683.jpg 1024w, https:\/\/vermelho.org.br\/wp-content\/uploads\/2025\/08\/54693357368_37f81a157e_k-300x200.jpg 300w, https:\/\/vermelho.org.br\/wp-content\/uploads\/2025\/08\/54693357368_37f81a157e_k-768x512.jpg 768w, https:\/\/vermelho.org.br\/wp-content\/uploads\/2025\/08\/54693357368_37f81a157e_k-1536x1024.jpg 1536w, https:\/\/vermelho.org.br\/wp-content\/uploads\/2025\/08\/54693357368_37f81a157e_k-272x182.jpg 272w, https:\/\/redept.org\/blogosfera\/wp-content\/uploads\/2025\/08\/54693357368_37f81a157e_k.jpg 2048w\" sizes=\"(max-width: 1024px) 100vw, 1024px\"><figcaption>Foto: Ricardo Stuckert \/ PR<\/figcaption><\/figure>\n<figure><img decoding=\"async\" width=\"1024\" height=\"683\" data-id=\"723636\"src=\"https:\/\/redept.org\/blogosfera\/wp-content\/uploads\/2025\/08\/54693311459_30dc6f7021_k.jpg\" alt=\"\" srcset=\"https:\/\/vermelho.org.br\/wp-content\/uploads\/2025\/08\/54693311459_30dc6f7021_k-1024x683.jpg 1024w, https:\/\/vermelho.org.br\/wp-content\/uploads\/2025\/08\/54693311459_30dc6f7021_k-300x200.jpg 300w, https:\/\/vermelho.org.br\/wp-content\/uploads\/2025\/08\/54693311459_30dc6f7021_k-768x512.jpg 768w, https:\/\/vermelho.org.br\/wp-content\/uploads\/2025\/08\/54693311459_30dc6f7021_k-1536x1024.jpg 1536w, https:\/\/vermelho.org.br\/wp-content\/uploads\/2025\/08\/54693311459_30dc6f7021_k-272x182.jpg 272w, https:\/\/redept.org\/blogosfera\/wp-content\/uploads\/2025\/08\/54693311459_30dc6f7021_k.jpg 2048w\" sizes=\"(max-width: 1024px) 100vw, 1024px\"><figcaption>Foto: Ricardo Stuckert \/ PR<\/figcaption><\/figure>\n<\/figure>\n<p>O ministro ainda destacou a import\u00e2ncia do programa para a gera\u00e7\u00e3o de empregos no pa\u00eds. Segundo Filho, a C\u00e2mara Brasileira da Ind\u00fastria da Constru\u00e7\u00e3o (CBIC) apontou que a constru\u00e7\u00e3o civil atingiu o marco de 3 milh\u00f5es de empregos no Brasil.<\/p>\n<p>\u201cO Minha Casa, Minha Vida tem import\u00e2ncia nesse n\u00famero de empregos que est\u00e3o sendo gerados. No ano passado, em 2024, o programa foi respons\u00e1vel por mais de 50% de todos os lan\u00e7amentos imobili\u00e1rios do Brasil, obviamente, ajudando muito a quest\u00e3o dos empregos no nosso pa\u00eds. Se por um lado, o nosso PIB cresceu 3,4%, o PIB da Constru\u00e7\u00e3o Civil cresceu 4,1%, ajudando a tracionar a nossa economia\u201d, destaca o ministro das Cidades, que indicou que, no dia 20 de agosto, ser\u00e1 lan\u00e7ada nova sele\u00e7\u00e3o do Minha Casa, Minha Vida \u2013 Entidades e Rural.<\/p>\n<p>Confira abaixo os residenciais entregues em cada cidade:<\/p>\n<ul>\n<li><strong>Pojuca (BA):<\/strong> residenciais Everaldino Guimar\u00e3es, com 376 unidades, e Prof. Jo\u00e3o Assis, com 292 casas;<\/li>\n<\/ul>\n<ul>\n<li><strong>Paulo Afonso (BA):<\/strong> residencial Francisco Chagas de Carvalho, com 200 moradias;<\/li>\n<\/ul>\n<ul>\n<li><strong>Horizonte (CE): <\/strong>residencial Jo\u00e3o Severo, com 32 moradias;<\/li>\n<\/ul>\n<ul>\n<li><strong>A\u00e7ail\u00e2ndia (MA):<\/strong> \u00a0residenciais Jardim Aulidia 4 e 5, com 744 casas viabilizadas;<\/li>\n<\/ul>\n<ul>\n<li><strong>Teresina (PI):<\/strong> loteamento Diuza Gon\u00e7alves, com 132 unidades habitacionais;<\/li>\n<\/ul>\n<ul>\n<li><strong>Chapada de Areia (TO):<\/strong> residenciais Nova Esperan\u00e7a II e III, com 100 unidades habitacionais.<\/li>\n<\/ul>\n<p>O post Lula entrega moradias, celebra sa\u00edda do Mapa da Fome e baixo desemprego apareceu primeiro em Vermelho.<\/p>\n<!-- Begin Yuzo --><div class='yuzo_related_post style-1'  data-version='5.12.89'><!-- without result --><div class='yuzo_clearfixed yuzo__title yuzo__title'><h3>Related Post<\/h3><\/div>\n\t\t\t\t\t\t  <div class=\"relatedthumb \" style=\"width:125px;float:left;overflow:hidden;\">  \n\t\t\t\t\t\t\t  \n\t\t\t\t\t\t\t  <a  href=\"https:\/\/redept.com.br\/blogosfera\/mst-leva-duas-toneladas-de-alimentos-saudaveis-para-sambodromo-do-anhembi-no-desfile-da-tatuape\/\"  >\n\t\t\t\t\t\t\t\t\t  <div class=\"yuzo-img-wrap \" style=\"width: 125px;height:90px;\">\n\t\t\t\t\t\t\t\t\t\t\n\t\t\t\t\t\t\t\t\t\t<div class=\"yuzo-img\" style=\"background:url('https:\/\/redept.org\/blogosfera\/wp-content\/plugins\/yuzo-related-post\/assets\/images\/default.png') 50% 50% no-repeat;width: 125px;height:90px;margin-bottom: 5px;background-size: cover; \"><\/div>\n\t\t\t\t\t\t\t\t\t  <\/div>\n\t\t\t\t\t\t\t\t\t  \n\t\t\t\t\t\t\t\t   <span class=\"yuzo__text--title\" style=\"font-size:13px;\">MST leva duas toneladas de alimentos saud\u00e1veis par...<\/span>\n\t\t\t\t\t\t\t  \n\t\t\t\t\t\t\t  \n\t\t\t\t\t\t\t  <\/a>\n\n\t\t\t\t\t\t  <\/div>\n\t\t\t\t\t\t  <div class=\"relatedthumb \" style=\"width:125px;float:left;overflow:hidden;\">  \n\t\t\t\t\t\t\t  \n\t\t\t\t\t\t\t  <a  href=\"https:\/\/redept.com.br\/blogosfera\/estudo-reforca-aurgencia-da-reducao-da-jornada-de-trabalho\/\"  >\n\t\t\t\t\t\t\t\t\t  <div class=\"yuzo-img-wrap \" style=\"width: 125px;height:90px;\">\n\t\t\t\t\t\t\t\t\t\t\n\t\t\t\t\t\t\t\t\t\t<div class=\"yuzo-img\" style=\"background:url('https:\/\/redept.org\/blogosfera\/wp-content\/plugins\/yuzo-related-post\/assets\/images\/default.png') 50% 50% no-repeat;width: 125px;height:90px;margin-bottom: 5px;background-size: cover; \"><\/div>\n\t\t\t\t\t\t\t\t\t  <\/div>\n\t\t\t\t\t\t\t\t\t  \n\t\t\t\t\t\t\t\t   <span class=\"yuzo__text--title\" style=\"font-size:13px;\">Estudo refor\u00e7a aurg\u00eancia da redu\u00e7\u00e3o da jornada de ...<\/span>\n\t\t\t\t\t\t\t  \n\t\t\t\t\t\t\t  \n\t\t\t\t\t\t\t  <\/a>\n\n\t\t\t\t\t\t  <\/div>\n\t\t\t\t\t\t  <div class=\"relatedthumb \" style=\"width:125px;float:left;overflow:hidden;\">  \n\t\t\t\t\t\t\t  \n\t\t\t\t\t\t\t  <a  href=\"https:\/\/redept.com.br\/blogosfera\/apagao-em-portugal-e-espanha-afeta-trens-uniao-europeia-investiga-causas\/\"  >\n\t\t\t\t\t\t\t\t\t  <div class=\"yuzo-img-wrap \" style=\"width: 125px;height:90px;\">\n\t\t\t\t\t\t\t\t\t\t\n\t\t\t\t\t\t\t\t\t\t<div class=\"yuzo-img\" style=\"background:url('https:\/\/redept.org\/blogosfera\/wp-content\/plugins\/yuzo-related-post\/assets\/images\/default.png') 50% 50% no-repeat;width: 125px;height:90px;margin-bottom: 5px;background-size: cover; \"><\/div>\n\t\t\t\t\t\t\t\t\t  <\/div>\n\t\t\t\t\t\t\t\t\t  \n\t\t\t\t\t\t\t\t   <span class=\"yuzo__text--title\" style=\"font-size:13px;\">Apag\u00e3o em Portugal e Espanha afeta trens; Uni\u00e3o Eu...<\/span>\n\t\t\t\t\t\t\t  \n\t\t\t\t\t\t\t  \n\t\t\t\t\t\t\t  <\/a>\n\n\t\t\t\t\t\t  <\/div>\n\t\t\t\t\t\t  <div class=\"relatedthumb \" style=\"width:125px;float:left;overflow:hidden;\">  \n\t\t\t\t\t\t\t  \n\t\t\t\t\t\t\t  <a  href=\"https:\/\/redept.com.br\/blogosfera\/no-brasil-57-dos-casos-de-trabalho-escravo-acontecem-em-atividades-que-devastam-o-ambiente\/\"  >\n\t\t\t\t\t\t\t\t\t  <div class=\"yuzo-img-wrap \" style=\"width: 125px;height:90px;\">\n\t\t\t\t\t\t\t\t\t\t\n\t\t\t\t\t\t\t\t\t\t<div class=\"yuzo-img\" style=\"background:url('https:\/\/redept.org\/blogosfera\/wp-content\/plugins\/yuzo-related-post\/assets\/images\/default.png') 50% 50% no-repeat;width: 125px;height:90px;margin-bottom: 5px;background-size: cover; \"><\/div>\n\t\t\t\t\t\t\t\t\t  <\/div>\n\t\t\t\t\t\t\t\t\t  \n\t\t\t\t\t\t\t\t   <span class=\"yuzo__text--title\" style=\"font-size:13px;\">No Brasil, 57% dos casos de trabalho escravo acont...<\/span>\n\t\t\t\t\t\t\t  \n\t\t\t\t\t\t\t  \n\t\t\t\t\t\t\t  <\/a>\n\n\t\t\t\t\t\t  <\/div>\n<\/div> <script>\n\t\t\t\t\t\t  jQuery(document).ready(function( $ ){\n\t\t\t\t\t\t\t\/\/jQuery('.yuzo_related_post').equalizer({ overflow : 'relatedthumb' });\n\t\t\t\t\t\t\tjQuery('.yuzo_related_post .yuzo_wraps').equalizer({ columns : '> div' });\n\t\t\t\t\t\t   })\n\t\t\t\t\t\t  <\/script> <!-- End Yuzo :) -->","protected":false},"excerpt":{"rendered":"<p><img decoding=\"async\" width=\"1024\" height=\"606\" src=\"https:\/\/vermelho.org.br\/wp-content\/uploads\/2025\/08\/54693311364_3f8d248620_k-1-1024x606.jpg\" alt=\"\"><\/p>\n<p>Presidente entregou 1.876 unidades habitacionais do Minha Casa, Minha Vida para munic\u00edpios de cinco estados em eventos simult\u00e2neos e cobrou avan\u00e7os no programa para atender a classe m\u00e9dia <\/p>\n<p>O post <a href=\"https:\/\/vermelho.org.br\/2025\/08\/01\/lula-entrega-moradias-celebra-saida-do-mapa-da-fome-e-baixo-desemprego\/\">Lula entrega moradias, celebra sa\u00edda do Mapa da Fome e baixo desemprego<\/a> apareceu primeiro em <a href=\"https:\/\/vermelho.org.br\/\">Vermelho<\/a>.<\/p>\n","protected":false},"author":2,"featured_media":41780,"comment_status":"open","ping_status":"closed","sticky":false,"template":"","format":"standard","meta":{"fifu_image_url":"","fifu_image_alt":"","footnotes":""},"categories":[453,17,2512,112,1287,1536,485,64,4057,132,4679],"tags":[],"class_list":["post-41779","post","type-post","status-publish","format-standard","has-post-thumbnail","hentry","category-combate-a-fome","category-governo-lula","category-jader-filho","category-lula","category-mapa-da-fome","category-minha-casa-minha-vida","category-ministerio-das-cidades","category-moradia","category-moradia-digna","category-politica","category-taxa-de-desemprego"],"_links":{"self":[{"href":"https:\/\/redept.com.br\/blogosfera\/wp-json\/wp\/v2\/posts\/41779","targetHints":{"allow":["GET"]}}],"collection":[{"href":"https:\/\/redept.com.br\/blogosfera\/wp-json\/wp\/v2\/posts"}],"about":[{"href":"https:\/\/redept.com.br\/blogosfera\/wp-json\/wp\/v2\/types\/post"}],"author":[{"embeddable":true,"href":"https:\/\/redept.com.br\/blogosfera\/wp-json\/wp\/v2\/users\/2"}],"replies":[{"embeddable":true,"href":"https:\/\/redept.com.br\/blogosfera\/wp-json\/wp\/v2\/comments?post=41779"}],"version-history":[{"count":0,"href":"https:\/\/redept.com.br\/blogosfera\/wp-json\/wp\/v2\/posts\/41779\/revisions"}],"wp:featuredmedia":[{"embeddable":true,"href":"https:\/\/redept.com.br\/blogosfera\/wp-json\/wp\/v2\/media\/41780"}],"wp:attachment":[{"href":"https:\/\/redept.com.br\/blogosfera\/wp-json\/wp\/v2\/media?parent=41779"}],"wp:term":[{"taxonomy":"category","embeddable":true,"href":"https:\/\/redept.com.br\/blogosfera\/wp-json\/wp\/v2\/categories?post=41779"},{"taxonomy":"post_tag","embeddable":true,"href":"https:\/\/redept.com.br\/blogosfera\/wp-json\/wp\/v2\/tags?post=41779"}],"curies":[{"name":"wp","href":"https:\/\/api.w.org\/{rel}","templated":true}]}}