{"id":41928,"date":"2025-08-01T16:43:52","date_gmt":"2025-08-01T19:43:52","guid":{"rendered":"https:\/\/redept.org\/blogosfera\/trump-envia-dois-submarinos-nucleares-apos-declaracao-da-russia\/"},"modified":"2025-08-01T16:43:52","modified_gmt":"2025-08-01T19:43:52","slug":"trump-envia-dois-submarinos-nucleares-apos-declaracao-da-russia","status":"publish","type":"post","link":"https:\/\/redept.com.br\/blogosfera\/trump-envia-dois-submarinos-nucleares-apos-declaracao-da-russia\/","title":{"rendered":"Trump envia dois submarinos nucleares ap\u00f3s declara\u00e7\u00e3o da R\u00fassia"},"content":{"rendered":"<p><span>O presidente dos Estados Unidos, Donald Trump, anunciou nesta sexta-feira (01\/08) o envio de dois submarinos com capacidade nuclear \u00e0s \u201cregi\u00f5es apropriadas\u201d em resposta ao que considerou como \u201cdeclara\u00e7\u00f5es altamente provocativas\u201d do ex-presidente e atual vice-presidente do Conselho de Seguran\u00e7a da R\u00fassia, Dmitry Medvedev.<\/span><\/p>\n<p><span>No dia anterior, o pol\u00edtico aliado do l\u00edder russo Vladimir Putin, disse que Washington deveria lembrar que Moscou usufrui de um sistema sovi\u00e9tico de retalia\u00e7\u00e3o nuclear criado na Guerra Fria, conhecido como \u201cM\u00e3o Morta\u201d. O aparato altamente destrutivo foi criado pela Uni\u00e3o Sovi\u00e9tica para disparar m\u00edsseis nucleares autom\u00e1ticos caso uma lideran\u00e7a fosse morta pelo Ocidente.<\/span><\/p>\n<p><span>\u201cOrdenei que dois submarinos nucleares fossem posicionados nas regi\u00f5es apropriadas, caso essas declara\u00e7\u00f5es tolas e inflamat\u00f3rias sejam mais do que apenas isso\u201d, escreveu o mandat\u00e1rio norte-americano na plataforma Truth Social. \u201cAs palavras s\u00e3o muito importantes e muitas vezes podem levar a consequ\u00eancias n\u00e3o intencionais, espero que este n\u00e3o seja um desses casos.\u201d<\/span><\/p>\n<p><span>De acordo com a ag\u00eancia de not\u00edcias russa <\/span><i><span>TASS<\/span><\/i><span>, o Pent\u00e1gono n\u00e3o respondeu de imediato sobre a localidade exata em que os submarinos norte-americanos foram posicionados.<\/span><\/p>\n<figure aria-describedby=\"caption-attachment-227209\"><img loading=\"lazy\" loading=\"lazy\" decoding=\"async\"src=\"https:\/\/redept.org\/blogosfera\/wp-content\/uploads\/2025\/08\/1450513.jpg\" alt=\"\" width=\"1020\" height=\"650\" srcset=\"https:\/\/redept.org\/blogosfera\/wp-content\/uploads\/2025\/08\/1450513.jpg 1020w, https:\/\/operamundi.uol.com.br\/wp-content\/uploads\/2025\/08\/1450513-300x191.jpg 300w, https:\/\/operamundi.uol.com.br\/wp-content\/uploads\/2025\/08\/1450513-768x489.jpg 768w, https:\/\/operamundi.uol.com.br\/wp-content\/uploads\/2025\/08\/1450513-150x96.jpg 150w, https:\/\/operamundi.uol.com.br\/wp-content\/uploads\/2025\/08\/1450513-750x478.jpg 750w\" sizes=\"auto, (max-width: 1020px) 100vw, 1020px\"><figcaption>Presidente dos Estados Unidos, Donald Trump, anuncia envio de dois submarinos nucleares pr\u00f3ximos \u00e0 R\u00fassia <br \/>Anna Moneymaker \/ Getty Images<\/figcaption><\/figure>\n<p><span>Ainda no come\u00e7o desta semana, em 28 de julho, Medvedev havia comentado pela plataforma X que os ataques de Trump, que incluem san\u00e7\u00f5es \u00e0 R\u00fassia caso o pa\u00eds n\u00e3o solucione a guerra na Ucr\u00e2nia dentro de um prazo encurtado de 50 para 10 dias, tratam-se de \u201cuma amea\u00e7a e um passo em dire\u00e7\u00e3o \u00e0 guerra\u201d.<\/span><\/p>\n<p><span>\u201cTrump est\u00e1 jogando o jogo do ultimato com a R\u00fassia: 50 dias ou 10\u201d, escreveu Medvedev. \u201cEle deveria se lembrar de 2 coisas: 1. A R\u00fassia n\u00e3o \u00e9 Israel ou mesmo o Ir\u00e3. 2. Cada novo ultimato \u00e9 uma amea\u00e7a e um passo em dire\u00e7\u00e3o \u00e0 guerra. N\u00e3o entre a R\u00fassia e a Ucr\u00e2nia, mas com seu pr\u00f3prio pa\u00eds.\u201d<\/span><\/p>\n<p><span>O jornal brit\u00e2nico<\/span><i><span> The Guardian <\/span><\/i><span>classificou o ex-presidente russo como \u201cum \u00e1vido f\u00e3 do X\u201d, afirmando que Medvedev \u201ccostuma postar ataques agressivos e curiosamente formulados contra pa\u00edses e l\u00edderes ocidentais\u201d.<\/span><\/p>\n<p>Vale ressaltar que Putin n\u00e3o respondeu ao mais recente prazo dado por Trump. No entanto, nesta sexta-feira (01\/08), o presidente russo afirmou que queria uma \u201cpaz duradoura e est\u00e1vel\u201d.<\/p>\n<p>\u201cPrecisamos de uma paz duradoura e est\u00e1vel em bases s\u00f3lidas que satisfa\u00e7am tanto a R\u00fassia quanto a Ucr\u00e2nia e garantam a seguran\u00e7a de ambos os pa\u00edses\u201d, disse em coletiva.<\/p>\n<p>O post Trump envia dois submarinos nucleares ap\u00f3s declara\u00e7\u00e3o da R\u00fassia apareceu primeiro em Opera Mundi.<\/p>\n<!-- Begin Yuzo --><div class='yuzo_related_post style-1'  data-version='5.12.89'><!-- without result --><div class='yuzo_clearfixed yuzo__title yuzo__title'><h3>Related Post<\/h3><\/div>\n\t\t\t\t\t\t  <div class=\"relatedthumb \" style=\"width:125px;float:left;overflow:hidden;\">  \n\t\t\t\t\t\t\t  \n\t\t\t\t\t\t\t  <a  href=\"https:\/\/redept.com.br\/blogosfera\/dossie-mexico-a-rebeldia-e-suas-origens\/\"  >\n\t\t\t\t\t\t\t\t\t  <div class=\"yuzo-img-wrap \" style=\"width: 125px;height:90px;\">\n\t\t\t\t\t\t\t\t\t\t\n\t\t\t\t\t\t\t\t\t\t<div class=\"yuzo-img\" style=\"background:url('https:\/\/redept.com.br\/blogosfera\/wp-content\/uploads\/2025\/09\/9b74072c-f15a-4676-87c6-3a71df0ab7d0-150x150.jpeg') 50% 50% no-repeat;width: 125px;height:90px;margin-bottom: 5px;background-size: cover; \"><\/div>\n\t\t\t\t\t\t\t\t\t  <\/div>\n\t\t\t\t\t\t\t\t\t  \n\t\t\t\t\t\t\t\t   <span class=\"yuzo__text--title\" style=\"font-size:13px;\">Dossi\u00ea M\u00e9xico: A rebeldia e suas origens<\/span>\n\t\t\t\t\t\t\t  \n\t\t\t\t\t\t\t  \n\t\t\t\t\t\t\t  <\/a>\n\n\t\t\t\t\t\t  <\/div>\n\t\t\t\t\t\t  <div class=\"relatedthumb \" style=\"width:125px;float:left;overflow:hidden;\">  \n\t\t\t\t\t\t\t  \n\t\t\t\t\t\t\t  <a  href=\"https:\/\/redept.com.br\/blogosfera\/apos-avanco-no-stf-sobre-reajuste-idosos-podem-ter-derrota-para-planos-de-saude-na-camara\/\"  >\n\t\t\t\t\t\t\t\t\t  <div class=\"yuzo-img-wrap \" style=\"width: 125px;height:90px;\">\n\t\t\t\t\t\t\t\t\t\t\n\t\t\t\t\t\t\t\t\t\t<div class=\"yuzo-img\" style=\"background:url('https:\/\/redept.org\/blogosfera\/wp-content\/plugins\/yuzo-related-post\/assets\/images\/default.png') 50% 50% no-repeat;width: 125px;height:90px;margin-bottom: 5px;background-size: cover; \"><\/div>\n\t\t\t\t\t\t\t\t\t  <\/div>\n\t\t\t\t\t\t\t\t\t  \n\t\t\t\t\t\t\t\t   <span class=\"yuzo__text--title\" style=\"font-size:13px;\">Ap\u00f3s avan\u00e7o no STF sobre reajuste, idosos podem te...<\/span>\n\t\t\t\t\t\t\t  \n\t\t\t\t\t\t\t  \n\t\t\t\t\t\t\t  <\/a>\n\n\t\t\t\t\t\t  <\/div>\n\t\t\t\t\t\t  <div class=\"relatedthumb \" style=\"width:125px;float:left;overflow:hidden;\">  \n\t\t\t\t\t\t\t  \n\t\t\t\t\t\t\t  <a  href=\"https:\/\/redept.com.br\/blogosfera\/marcio-jerry-critica-pressao-do-mercado-financeiro-e-politica-de-juros-altos\/\"  >\n\t\t\t\t\t\t\t\t\t  <div class=\"yuzo-img-wrap \" style=\"width: 125px;height:90px;\">\n\t\t\t\t\t\t\t\t\t\t\n\t\t\t\t\t\t\t\t\t\t<div class=\"yuzo-img\" style=\"background:url('https:\/\/redept.com.br\/blogosfera\/wp-content\/uploads\/2024\/12\/whatsapp_image_2019-11-28_at_19.44.22136633-150x150.jpeg') 50% 50% no-repeat;width: 125px;height:90px;margin-bottom: 5px;background-size: cover; \"><\/div>\n\t\t\t\t\t\t\t\t\t  <\/div>\n\t\t\t\t\t\t\t\t\t  \n\t\t\t\t\t\t\t\t   <span class=\"yuzo__text--title\" style=\"font-size:13px;\">M\u00e1rcio Jerry critica press\u00e3o do mercado financeiro...<\/span>\n\t\t\t\t\t\t\t  \n\t\t\t\t\t\t\t  \n\t\t\t\t\t\t\t  <\/a>\n\n\t\t\t\t\t\t  <\/div>\n\t\t\t\t\t\t  <div class=\"relatedthumb \" style=\"width:125px;float:left;overflow:hidden;\">  \n\t\t\t\t\t\t\t  \n\t\t\t\t\t\t\t  <a  href=\"https:\/\/redept.com.br\/blogosfera\/noticias-do-dia-com-o-jornal-tvt-news-segunda-edicao-15-01-2025\/\"  >\n\t\t\t\t\t\t\t\t\t  <div class=\"yuzo-img-wrap \" style=\"width: 125px;height:90px;\">\n\t\t\t\t\t\t\t\t\t\t\n\t\t\t\t\t\t\t\t\t\t<div class=\"yuzo-img\" style=\"background:url('https:\/\/redept.com.br\/blogosfera\/wp-content\/uploads\/2026\/01\/jornal_tvt_news-16-150x150.jpeg') 50% 50% no-repeat;width: 125px;height:90px;margin-bottom: 5px;background-size: cover; \"><\/div>\n\t\t\t\t\t\t\t\t\t  <\/div>\n\t\t\t\t\t\t\t\t\t  \n\t\t\t\t\t\t\t\t   <span class=\"yuzo__text--title\" style=\"font-size:13px;\">Not\u00edcias do dia com o Jornal TVT News Segunda Edi\u00e7...<\/span>\n\t\t\t\t\t\t\t  \n\t\t\t\t\t\t\t  \n\t\t\t\t\t\t\t  <\/a>\n\n\t\t\t\t\t\t  <\/div>\n<\/div> <script>\n\t\t\t\t\t\t  jQuery(document).ready(function( $ ){\n\t\t\t\t\t\t\t\/\/jQuery('.yuzo_related_post').equalizer({ overflow : 'relatedthumb' });\n\t\t\t\t\t\t\tjQuery('.yuzo_related_post .yuzo_wraps').equalizer({ columns : '> div' });\n\t\t\t\t\t\t   })\n\t\t\t\t\t\t  <\/script> <!-- End Yuzo :) -->","protected":false},"excerpt":{"rendered":"<p>O presidente dos Estados Unidos, Donald Trump, anunciou nesta sexta-feira (01\/08) o envio de dois submarinos com capacidade nuclear \u00e0s \u201cregi\u00f5es apropriadas\u201d em resposta ao que considerou como \u201cdeclara\u00e7\u00f5es altamente provocativas\u201d do ex-presidente e atual vice-presidente do Conselho de Seguran\u00e7a da R\u00fassia, Dmitry Medvedev. No dia anterior, o pol\u00edtico aliado do l\u00edder russo Vladimir Putin, [\u2026]<\/p>\n<p>O post <a href=\"https:\/\/operamundi.uol.com.br\/guerra-na-ucrania\/trump-envia-dois-submarinos-nucleares-apos-provocacao-da-russia\/\">Trump envia dois submarinos nucleares ap\u00f3s declara\u00e7\u00e3o da R\u00fassia<\/a> apareceu primeiro em <a href=\"https:\/\/operamundi.uol.com.br\/\">Opera Mundi<\/a>.<\/p>\n","protected":false},"author":2,"featured_media":41929,"comment_status":"closed","ping_status":"closed","sticky":false,"template":"","format":"standard","meta":{"fifu_image_url":"","fifu_image_alt":"","footnotes":""},"categories":[11716,9,2147,11717,5855,43,1826,8319,1453,372],"tags":[],"class_list":["post-41928","post","type-post","status-publish","format-standard","has-post-thumbnail","hentry","category-dmitry-medvedev","category-eua","category-guerra-na-ucrania","category-mao-morta","category-nuclear","category-russia","category-sancao","category-submarino","category-trump","category-ucrania"],"_links":{"self":[{"href":"https:\/\/redept.com.br\/blogosfera\/wp-json\/wp\/v2\/posts\/41928","targetHints":{"allow":["GET"]}}],"collection":[{"href":"https:\/\/redept.com.br\/blogosfera\/wp-json\/wp\/v2\/posts"}],"about":[{"href":"https:\/\/redept.com.br\/blogosfera\/wp-json\/wp\/v2\/types\/post"}],"author":[{"embeddable":true,"href":"https:\/\/redept.com.br\/blogosfera\/wp-json\/wp\/v2\/users\/2"}],"replies":[{"embeddable":true,"href":"https:\/\/redept.com.br\/blogosfera\/wp-json\/wp\/v2\/comments?post=41928"}],"version-history":[{"count":0,"href":"https:\/\/redept.com.br\/blogosfera\/wp-json\/wp\/v2\/posts\/41928\/revisions"}],"wp:featuredmedia":[{"embeddable":true,"href":"https:\/\/redept.com.br\/blogosfera\/wp-json\/wp\/v2\/media\/41929"}],"wp:attachment":[{"href":"https:\/\/redept.com.br\/blogosfera\/wp-json\/wp\/v2\/media?parent=41928"}],"wp:term":[{"taxonomy":"category","embeddable":true,"href":"https:\/\/redept.com.br\/blogosfera\/wp-json\/wp\/v2\/categories?post=41928"},{"taxonomy":"post_tag","embeddable":true,"href":"https:\/\/redept.com.br\/blogosfera\/wp-json\/wp\/v2\/tags?post=41928"}],"curies":[{"name":"wp","href":"https:\/\/api.w.org\/{rel}","templated":true}]}}