{"id":42050,"date":"2025-08-02T14:00:27","date_gmt":"2025-08-02T17:00:27","guid":{"rendered":"https:\/\/redept.org\/blogosfera\/alianca-coreia-do-sul-eua-limita-debate-sobre-gaza-avalia-palestino-que-mora-em-seul\/"},"modified":"2025-08-02T14:00:27","modified_gmt":"2025-08-02T17:00:27","slug":"alianca-coreia-do-sul-eua-limita-debate-sobre-gaza-avalia-palestino-que-mora-em-seul","status":"publish","type":"post","link":"https:\/\/redept.com.br\/blogosfera\/alianca-coreia-do-sul-eua-limita-debate-sobre-gaza-avalia-palestino-que-mora-em-seul\/","title":{"rendered":"Alian\u00e7a Coreia do Sul-EUA limita debate sobre Gaza, avalia palestino que mora em Seul"},"content":{"rendered":"<p><span>Um dos problemas da Coreia do Sul no que diz respeito ao genoc\u00eddio israelense na Palestina \u00e9 a falta de atividades que promovam a conscientiza\u00e7\u00e3o e a fraca cobertura midi\u00e1tica sobre o assunto, de acordo com o ativista palestino Nassem Albakri, de 30 anos, que atualmente reside em Seul. Para ele, \u201cse os sul-coreanos realmente entendessem a causa, muitos a apoiariam naturalmente\u201d.<\/span><\/p>\n<p><span>Nascido e crescido na Cisjord\u00e2nia ocupada, na cidade de Hebron, Albakri migrou para a capital sul-coreana h\u00e1 tr\u00eas anos para concluir seu curso de doutorado em biomedicina e, desta forma, realizar o sonho de se tornar professor. Seus pais, que sobreviveram \u00e0 Nakba, em 1948, e \u00e0 Guerra dos Seis Dias, em 1967, permanecem l\u00e1 e ligam a cada dois dias para atualiz\u00e1-lo sobre o cen\u00e1rio na regi\u00e3o.<\/span><\/p>\n<p><span>\u201cEles me contam como a situa\u00e7\u00e3o vem piorando e quantos novos postos de controle foram estabelecidos [por Israel]. A ocupa\u00e7\u00e3o n\u00e3o parou de criar novos assentamentos desde 1948, mas agora o ritmo est\u00e1 se acelerando. Eles t\u00eam sinal verde para fazer o que quiserem\u201d, denunciou a<\/span><b> Opera Mundi<\/b><span>.<\/span><\/p>\n<p><span>No fim de maio, o governo de Israel aprovou a constru\u00e7\u00e3o de 22 assentamentos ilegais na Cisjord\u00e2nia ocupada, incluindo a legaliza\u00e7\u00e3o de alguns dos chamados \u201cpostos avan\u00e7ados\u201d, que s\u00e3o col\u00f4nias instaladas sem autoriza\u00e7\u00e3o da pr\u00f3pria gest\u00e3o.<\/span><\/p>\n<p><span>Quem anunciou essa decis\u00e3o, n<\/span><span>a ocasi\u00e3o, foram os ministros da Defesa, Israel Katz, e das Finan\u00e7as, Bezazel Smotrich, ambos membros da coaliz\u00e3o de extrema direita que sustenta o primeiro-ministro Benjamin Netanyahu.<\/span><\/p>\n<p><span>A expans\u00e3o de assentamentos tem sido condenada pela comunidade internacional, configurando motivo de san\u00e7\u00f5es por parte de pa\u00edses, inclusive alguns membros da Uni\u00e3o Europeia. Um exemplo recente \u00e9 a Holanda, que declarou ministros israelenses como \u201cpersonas non grata\u201d e proibiu seu ingresso ao pa\u00eds.<\/span><\/p>\n<p><span>\u00c0 reportagem, Albakri contou que ficou surpreso ao chegar na Coreia do Sul e notar que muitos cidad\u00e3os confundiam \u201cPalestina\u201d com \u201cPaquist\u00e3o\u201d sempre que se apresentava. Embora na l\u00edngua coreana \u201cPalestina\u201d (\u201c\ud314\ub808\uc2a4\ud0c0\uc778\u201d) e \u201cPaquist\u00e3o\u201d (\u201c\ud30c\ud0a4\uc2a4\ud0c4\u201d) tenham grafia e fon\u00e9tica muito pr\u00f3ximas, a confus\u00e3o envolvendo os pa\u00edses evidencia ainda mais que n\u00e3o se trata de uma quest\u00e3o comumente debatida no cotidiano, levando em considera\u00e7\u00e3o que o massacre televisionado \u00e9 manchete di\u00e1ria no notici\u00e1rio internacional.\u00a0<\/span><\/p>\n<p><span>\u201cFoi a\u00ed que percebi que muitos aqui n\u00e3o entendem ou simplesmente n\u00e3o sabem que a Palestina \u00e9 um pa\u00eds\u201d, indicou. O ativista tamb\u00e9m mencionou \u201ca forte rela\u00e7\u00e3o entre a Coreia do Sul e os Estados Unidos\u201d como um dos fatores que justificam a aus\u00eancia da pauta na sociedade sul-coreana. Para ele, este ponto tamb\u00e9m explica a \u201crara cobertura\u201d jornal\u00edstica do pa\u00eds sobre as hostilidades cometidas diariamente pelo regime sionista no enclave.<\/span><\/p>\n<figure aria-describedby=\"caption-attachment-226884\"><img loading=\"lazy\" loading=\"lazy\" decoding=\"async\"src=\"https:\/\/redept.org\/blogosfera\/wp-content\/uploads\/2025\/08\/captura-de-tela-2025-07-29-164515.png\" alt=\"\" width=\"675\" height=\"684\" srcset=\"https:\/\/redept.org\/blogosfera\/wp-content\/uploads\/2025\/08\/captura-de-tela-2025-07-29-164515.png 675w, https:\/\/operamundi.uol.com.br\/wp-content\/uploads\/2025\/07\/captura-de-tela-2025-07-29-164515-296x300.png 296w, https:\/\/operamundi.uol.com.br\/wp-content\/uploads\/2025\/07\/captura-de-tela-2025-07-29-164515-96x96.png 96w, https:\/\/operamundi.uol.com.br\/wp-content\/uploads\/2025\/07\/captura-de-tela-2025-07-29-164515-150x152.png 150w, https:\/\/operamundi.uol.com.br\/wp-content\/uploads\/2025\/07\/captura-de-tela-2025-07-29-164515-75x75.png 75w\" sizes=\"auto, (max-width: 675px) 100vw, 675px\"><figcaption>O ativista palestino Nassem Albakri, de 30 anos, reside na capital sul-coreana de Seul e luta em prol dos direitos do povo palestino <br \/>Instagram\/@nassemalbakri<\/figcaption><\/figure>\n<p><span>O militante reiterou que a luta pela conscientiza\u00e7\u00e3o na Coreia do Sul se faz mais urgente \u00e0 medida que cresce a preocupa\u00e7\u00e3o dos pa\u00edses sobre Gaza e chefes de Estado expressam recha\u00e7os mais contundentes contra o genoc\u00eddio no territ\u00f3rio ocupado e contra os crimes que ferem o direito internacional como uso da fome como \u201carma de guerra\u201d, pris\u00f5es arbitr\u00e1rias e bombardeios constantes desde 7 de outubro de 2023.<\/span><\/p>\n<p><span>\u201cQuando as pessoas entendem que a Palestina existe, fica mais f\u00e1cil obter apoio\u201d, disse.<\/span><\/p>\n<h3><span>Grupos de ativismo na Coreia do Sul<\/span><\/h3>\n<p><span>Apesar de seu ativismo independente, Albakri apontou que recentemente tem crescido o n\u00famero de grupos pr\u00f3-Palestina que semanalmente realizam marchas, protestos e eventos em diversas cidades sul-coreanas.<\/span><\/p>\n<p><span>\u201cO movimento [pr\u00f3-Palestina] tem crescido dia ap\u00f3s dia. Senti essa mudan\u00e7a nas ruas. As coisas definitivamente n\u00e3o s\u00e3o as mesmas de tempos atr\u00e1s\u201d, afirmou. \u201cClaro, ainda precisamos fazer mais. Por\u00e9m, honestamente, levando em considera\u00e7\u00e3o que estamos na Coreia do Sul, e n\u00e3o na Europa nem nos Estados Unidos, acredito que chegamos a um ponto positivo do ativismo\u201d.<\/span><\/p>\n<p><span>Em 11 de outubro de 2023 ocorreu o ato \u201cPessoas em Solidariedade com os Palestinos\u201d, que combate o genoc\u00eddio israelense, primeiro protesto pr\u00f3-Palestina foi realizado no pa\u00eds. A partir da\u00ed, as marchas foram se espalhando para cidades como Busan, Daegu, Ulsan, Incheon, Suwon e Wonju.<\/span><\/p>\n<p><span>Em seu site oficial, a entidade informa que, no decorrer do tempo, passou-se a formar uma comunidade solid\u00e1ria mais consolidada e diversificada, reunindo n\u00e3o apenas o povo palestino que reside na Coreia do Sul, como tamb\u00e9m organiza\u00e7\u00f5es da sociedade civil sul-coreana, universidades, sindicatos, imigrantes em geral, incluindo provenientes dos pa\u00edses do Oriente M\u00e9dio e da \u00c1frica do Norte.<\/span><\/p>\n<p><span>\u201cO que est\u00e1 acontecendo na Palestina \u00e9 muito claro, e a verdade toda est\u00e1 sendo documentada, vis\u00edvel para quem quer ver\u201d, <\/span><span>enfatizou Albakri, que segue firme na sua miss\u00e3o de \u201crepresentar a Palestina por onde quer que v\u00e1\u201d.<\/span><\/p>\n<p>O post Alian\u00e7a Coreia do Sul-EUA limita debate sobre Gaza, avalia palestino que mora em Seul apareceu primeiro em Opera Mundi.<\/p>\n<!-- Begin Yuzo --><div class='yuzo_related_post style-1'  data-version='5.12.89'><!-- without result --><div class='yuzo_clearfixed yuzo__title yuzo__title'><h3>Related Post<\/h3><\/div>\n\t\t\t\t\t\t  <div class=\"relatedthumb \" style=\"width:125px;float:left;overflow:hidden;\">  \n\t\t\t\t\t\t\t  \n\t\t\t\t\t\t\t  <a  href=\"https:\/\/redept.com.br\/blogosfera\/lula-assina-mp-e-piso-salarial-dos-professores-salta-para-r-5-130\/\"  >\n\t\t\t\t\t\t\t\t\t  <div class=\"yuzo-img-wrap \" style=\"width: 125px;height:90px;\">\n\t\t\t\t\t\t\t\t\t\t\n\t\t\t\t\t\t\t\t\t\t<div class=\"yuzo-img\" style=\"background:url('https:\/\/redept.org\/blogosfera\/wp-content\/plugins\/yuzo-related-post\/assets\/images\/default.png') 50% 50% no-repeat;width: 125px;height:90px;margin-bottom: 5px;background-size: cover; \"><\/div>\n\t\t\t\t\t\t\t\t\t  <\/div>\n\t\t\t\t\t\t\t\t\t  \n\t\t\t\t\t\t\t\t   <span class=\"yuzo__text--title\" style=\"font-size:13px;\">Lula assina MP e piso salarial dos professores sal...<\/span>\n\t\t\t\t\t\t\t  \n\t\t\t\t\t\t\t  \n\t\t\t\t\t\t\t  <\/a>\n\n\t\t\t\t\t\t  <\/div>\n\t\t\t\t\t\t  <div class=\"relatedthumb \" style=\"width:125px;float:left;overflow:hidden;\">  \n\t\t\t\t\t\t\t  \n\t\t\t\t\t\t\t  <a  href=\"https:\/\/redept.com.br\/blogosfera\/17o-encontro-nacional-do-pt-comeca-nesta-sexta-feira-1o-em-brasilia\/\"  >\n\t\t\t\t\t\t\t\t\t  <div class=\"yuzo-img-wrap \" style=\"width: 125px;height:90px;\">\n\t\t\t\t\t\t\t\t\t\t\n\t\t\t\t\t\t\t\t\t\t<div class=\"yuzo-img\" style=\"background:url('https:\/\/redept.org\/blogosfera\/wp-content\/plugins\/yuzo-related-post\/assets\/images\/default.png') 50% 50% no-repeat;width: 125px;height:90px;margin-bottom: 5px;background-size: cover; \"><\/div>\n\t\t\t\t\t\t\t\t\t  <\/div>\n\t\t\t\t\t\t\t\t\t  \n\t\t\t\t\t\t\t\t   <span class=\"yuzo__text--title\" style=\"font-size:13px;\">17\u00ba Encontro Nacional do PT come\u00e7a nesta sexta-fei...<\/span>\n\t\t\t\t\t\t\t  \n\t\t\t\t\t\t\t  \n\t\t\t\t\t\t\t  <\/a>\n\n\t\t\t\t\t\t  <\/div>\n\t\t\t\t\t\t  <div class=\"relatedthumb \" style=\"width:125px;float:left;overflow:hidden;\">  \n\t\t\t\t\t\t\t  \n\t\t\t\t\t\t\t  <a  href=\"https:\/\/redept.com.br\/blogosfera\/portugal-os-direitos-transgeneros-ameacados\/\"  >\n\t\t\t\t\t\t\t\t\t  <div class=\"yuzo-img-wrap \" style=\"width: 125px;height:90px;\">\n\t\t\t\t\t\t\t\t\t\t\n\t\t\t\t\t\t\t\t\t\t<div class=\"yuzo-img\" style=\"background:url('https:\/\/redept.com.br\/blogosfera\/wp-content\/uploads\/2026\/04\/2074657-150x150.jpeg') 50% 50% no-repeat;width: 125px;height:90px;margin-bottom: 5px;background-size: cover; \"><\/div>\n\t\t\t\t\t\t\t\t\t  <\/div>\n\t\t\t\t\t\t\t\t\t  \n\t\t\t\t\t\t\t\t   <span class=\"yuzo__text--title\" style=\"font-size:13px;\">Portugal: os direitos transg\u00eaneros amea\u00e7ados<\/span>\n\t\t\t\t\t\t\t  \n\t\t\t\t\t\t\t  \n\t\t\t\t\t\t\t  <\/a>\n\n\t\t\t\t\t\t  <\/div>\n\t\t\t\t\t\t  <div class=\"relatedthumb \" style=\"width:125px;float:left;overflow:hidden;\">  \n\t\t\t\t\t\t\t  \n\t\t\t\t\t\t\t  <a  href=\"https:\/\/redept.com.br\/blogosfera\/producao-agroecologica-e-alternativa-a-sistema-cruel-de-producao-de-aves-causador-de-epidemias\/\"  >\n\t\t\t\t\t\t\t\t\t  <div class=\"yuzo-img-wrap \" style=\"width: 125px;height:90px;\">\n\t\t\t\t\t\t\t\t\t\t\n\t\t\t\t\t\t\t\t\t\t<div class=\"yuzo-img\" style=\"background:url('https:\/\/redept.com.br\/blogosfera\/wp-content\/uploads\/2025\/06\/WhatsApp-Image-2025-06-09-at-152315-150x150.jpeg') 50% 50% no-repeat;width: 125px;height:90px;margin-bottom: 5px;background-size: cover; \"><\/div>\n\t\t\t\t\t\t\t\t\t  <\/div>\n\t\t\t\t\t\t\t\t\t  \n\t\t\t\t\t\t\t\t   <span class=\"yuzo__text--title\" style=\"font-size:13px;\">Produ\u00e7\u00e3o agroecol\u00f3gica \u00e9 alternativa a sistema cru...<\/span>\n\t\t\t\t\t\t\t  \n\t\t\t\t\t\t\t  \n\t\t\t\t\t\t\t  <\/a>\n\n\t\t\t\t\t\t  <\/div>\n<\/div> <script>\n\t\t\t\t\t\t  jQuery(document).ready(function( $ ){\n\t\t\t\t\t\t\t\/\/jQuery('.yuzo_related_post').equalizer({ overflow : 'relatedthumb' });\n\t\t\t\t\t\t\tjQuery('.yuzo_related_post .yuzo_wraps').equalizer({ columns : '> div' });\n\t\t\t\t\t\t   })\n\t\t\t\t\t\t  <\/script> <!-- End Yuzo :) -->","protected":false},"excerpt":{"rendered":"<p>Um dos problemas da Coreia do Sul no que diz respeito ao genoc\u00eddio israelense na Palestina \u00e9 a falta de atividades que promovam a conscientiza\u00e7\u00e3o e a fraca cobertura midi\u00e1tica sobre o assunto, de acordo com o ativista palestino Nassem Albakri, de 30 anos, que atualmente reside em Seul. Para ele, \u201cse os sul-coreanos realmente [\u2026]<\/p>\n<p>O post <a href=\"https:\/\/operamundi.uol.com.br\/guerra-israel-x-palestina\/alianca-coreia-do-sul-eua-limita-debate-sobre-gaza-avalia-palestino-em-seul\/\">Alian\u00e7a Coreia do Sul-EUA limita debate sobre Gaza, avalia palestino que mora em Seul<\/a> apareceu primeiro em <a href=\"https:\/\/operamundi.uol.com.br\/\">Opera Mundi<\/a>.<\/p>\n","protected":false},"author":2,"featured_media":42051,"comment_status":"closed","ping_status":"closed","sticky":false,"template":"","format":"standard","meta":{"fifu_image_url":"","fifu_image_alt":"","footnotes":""},"categories":[11808,1120,52,325,3938,25,11809,11810,54,189,8190],"tags":[],"class_list":["post-42050","post","type-post","status-publish","format-standard","has-post-thumbnail","hentry","category-cisjordania-ocupada","category-coreia-do-sul","category-gaza","category-genocidio","category-guerra-israel-x-palestina","category-israel","category-movimento","category-nassem-albakri","category-palestina","category-protesto","category-seul"],"_links":{"self":[{"href":"https:\/\/redept.com.br\/blogosfera\/wp-json\/wp\/v2\/posts\/42050","targetHints":{"allow":["GET"]}}],"collection":[{"href":"https:\/\/redept.com.br\/blogosfera\/wp-json\/wp\/v2\/posts"}],"about":[{"href":"https:\/\/redept.com.br\/blogosfera\/wp-json\/wp\/v2\/types\/post"}],"author":[{"embeddable":true,"href":"https:\/\/redept.com.br\/blogosfera\/wp-json\/wp\/v2\/users\/2"}],"replies":[{"embeddable":true,"href":"https:\/\/redept.com.br\/blogosfera\/wp-json\/wp\/v2\/comments?post=42050"}],"version-history":[{"count":0,"href":"https:\/\/redept.com.br\/blogosfera\/wp-json\/wp\/v2\/posts\/42050\/revisions"}],"wp:featuredmedia":[{"embeddable":true,"href":"https:\/\/redept.com.br\/blogosfera\/wp-json\/wp\/v2\/media\/42051"}],"wp:attachment":[{"href":"https:\/\/redept.com.br\/blogosfera\/wp-json\/wp\/v2\/media?parent=42050"}],"wp:term":[{"taxonomy":"category","embeddable":true,"href":"https:\/\/redept.com.br\/blogosfera\/wp-json\/wp\/v2\/categories?post=42050"},{"taxonomy":"post_tag","embeddable":true,"href":"https:\/\/redept.com.br\/blogosfera\/wp-json\/wp\/v2\/tags?post=42050"}],"curies":[{"name":"wp","href":"https:\/\/api.w.org\/{rel}","templated":true}]}}