{"id":42214,"date":"2025-08-04T11:03:25","date_gmt":"2025-08-04T14:03:25","guid":{"rendered":"https:\/\/redept.org\/blogosfera\/ibaneis-causa-desastre-nas-carreiras-da-assistencia-social-no-df\/"},"modified":"2025-08-04T11:03:25","modified_gmt":"2025-08-04T14:03:25","slug":"ibaneis-causa-desastre-nas-carreiras-da-assistencia-social-no-df","status":"publish","type":"post","link":"https:\/\/redept.com.br\/blogosfera\/ibaneis-causa-desastre-nas-carreiras-da-assistencia-social-no-df\/","title":{"rendered":"Ibaneis causa desastre nas carreiras da assist\u00eancia social no DF"},"content":{"rendered":"<p><img fetchpriority=\"high\" width=\"1080\" height=\"661\"src=\"https:\/\/redept.org\/blogosfera\/wp-content\/uploads\/2025\/08\/Foto-DF.jpg\" alt=\"Ibaneis causa desastre nas carreiras da assist\u00eancia social no DF. Foto: SINDSASC DF\" link_thumbnail=\"\" decoding=\"async\" srcset=\"https:\/\/redept.org\/blogosfera\/wp-content\/uploads\/2025\/08\/Foto-DF.jpg 1080w, https:\/\/averdade.org.br\/wp-content\/uploads\/2025\/08\/Foto-DF-350x214.jpg 350w, https:\/\/averdade.org.br\/wp-content\/uploads\/2025\/08\/Foto-DF-1024x627.jpg 1024w, https:\/\/averdade.org.br\/wp-content\/uploads\/2025\/08\/Foto-DF-250x153.jpg 250w, https:\/\/averdade.org.br\/wp-content\/uploads\/2025\/08\/Foto-DF-768x470.jpg 768w, https:\/\/averdade.org.br\/wp-content\/uploads\/2025\/08\/Foto-DF-150x92.jpg 150w, https:\/\/averdade.org.br\/wp-content\/uploads\/2025\/08\/Foto-DF-300x184.jpg 300w, https:\/\/averdade.org.br\/wp-content\/uploads\/2025\/08\/Foto-DF-696x426.jpg 696w, https:\/\/averdade.org.br\/wp-content\/uploads\/2025\/08\/Foto-DF-1068x654.jpg 1068w\" sizes=\"(max-width: 1080px) 100vw, 1080px\"><\/p>\n<p><strong>O governador Ibaneis (MDB) desrespeita e desvaloriza os servidores da carreira ao impor condi\u00e7\u00f5es degradantes de trabalho. A estrutura das unidades \u00e9 intensamente prec\u00e1ria: o mobili\u00e1rio \u00e9 antigo, com cadeiras de segunda ou terceira m\u00e3o que acabam por originar problemas de sa\u00fade.<\/strong><\/p>\n<p><strong>Movimento Olga Benario e MLC | Bras\u00edlia (DF)<\/strong><\/p>\n<hr>\n<p><strong>TRABALHADOR UNIDO \u2013 <\/strong>No Distrito Federal, a execu\u00e7\u00e3o dos servi\u00e7os de assist\u00eancia social previstos na Constitui\u00e7\u00e3o e regulamentados pela LOAS (Lei Org\u00e2nica da Assist\u00eancia Social) \u00e9 realizada por agentes p\u00fablicos pertencentes \u00e0 Carreira P\u00fablica de Desenvolvimento e Assist\u00eancia Social que, atrav\u00e9s das Secretarias de Desenvolvimento Social, Mulheres, e Justi\u00e7a, do GDF, buscam garantir prote\u00e7\u00e3o social aos cidad\u00e3os e cidad\u00e3s em situa\u00e7\u00f5es de vulnerabilidade e risco social.<\/p>\n<p>A maior parte desses servidores est\u00e1 concentrada na Secretaria de Assist\u00eancia Social, cuja estrutura \u00e9 composta pelos Centro de Refer\u00eancia de Assist\u00eancia Social (CRAS), Centro de Refer\u00eancia Especializado de Assist\u00eancia Social (CREAS) e Centros Pop, dentre outros equipamentos. \u00c9 no CRAS, por exemplo, que \u00e9 realizada a inscri\u00e7\u00e3o no Cadastro \u00danico e solicitado o Prato Cheio, benef\u00edcio que visa atenuar a inseguran\u00e7a alimentar e nutricional enfrentada por in\u00fameras fam\u00edlias brasilienses.<\/p>\n<p>A import\u00e2ncia da carreira se reflete em dados concretos: desde 2019, s\u00e3o contabilizados anualmente mais de 1 milh\u00e3o de atendimentos socioassistenciais \u00e0 popula\u00e7\u00e3o do DF, tornando a categoria uma das mais imprescind\u00edveis no dia a dia do brasiliense.<\/p>\n<p>No entanto, o governador Ibaneis (MDB) desrespeita e desvaloriza os servidores da carreira ao impor condi\u00e7\u00f5es degradantes de trabalho. A estrutura das unidades \u00e9 intensamente prec\u00e1ria: o mobili\u00e1rio \u00e9 antigo, com cadeiras de segunda ou terceira m\u00e3o que acabam por originar problemas de sa\u00fade, como dores cr\u00f4nicas na coluna; o sistema de ilumina\u00e7\u00e3o \u00e9 de p\u00e9ssima qualidade, obrigando os trabalhadores a escolher entre permanecer no escuro ou sob luzes que piscam incessantemente, provocando fadiga visual e enxaquecas; do mesmo modo, em ocasi\u00f5es em que ocorre uma dedetiza\u00e7\u00e3o ou h\u00e1 interrup\u00e7\u00e3o no fornecimento de \u00e1gua, o servidor \u00e9 pressionado a continuar trabalhando.<\/p>\n<p>Por\u00e9m, as m\u00e1s condi\u00e7\u00f5es do ambiente de trabalho constituem apenas parte de um problema mais amplo. Sabemos que o acirramento das contradi\u00e7\u00f5es capitalistas cada dia piora a condi\u00e7\u00e3o de vida do nosso povo, o que consequentemente pressiona mais e mais a Assist\u00eancia Social. No entanto, o n\u00famero de trabalhadores para absorver esta crescente demanda \u00e9 baix\u00edssimo.<\/p>\n<p>Atualmente, a carreira opera com 36,45% de sua capacidade. S\u00e3o 2005 servidores para atender mais de 1,5 milh\u00e3o de cidad\u00e3os que recebem seus servi\u00e7os. Infelizmente, desesperada devido \u00e0 fome e \u00e0 carestia, a popula\u00e7\u00e3o muitas vezes v\u00ea no servidor p\u00fablico um inimigo, xingando-o, amea\u00e7ando-o e inclusive agredindo-o fisicamente. De fato, os epis\u00f3dios de viol\u00eancia t\u00eam se tornado cada vez mais frequentes, e a falta de um protocolo de seguran\u00e7a por parte do governo transforma as unidades da Assist\u00eancia Social em ambientes de trabalho altamente adoecedores.<\/p>\n<p>\u00c9 necess\u00e1rio, contudo, enfatizar que este caos \u00e9 projeto governamental. A precariza\u00e7\u00e3o dos trabalhadores da Assist\u00eancia Social, bem como a escassez de vagas para atendimento, a morosidade para libera\u00e7\u00e3o dos benef\u00edcios, insufici\u00eancia dos valores recebidos pela popula\u00e7\u00e3o e v\u00e1rios outros problemas s\u00e3o estrat\u00e9gias calculadas em prol de um desmonte dessa pol\u00edtica p\u00fablica. Enquanto isso, o governador Ibaneis apresenta como solu\u00e7\u00e3o as parcerias com organiza\u00e7\u00f5es da sociedade civil, que n\u00e3o passam de uma armadilha para terceirizar atividades p\u00fablicas ao setor privado, aprofundando a fragiliza\u00e7\u00e3o dos direitos e a qualidade do servi\u00e7o prestado.<\/p>\n<p>O Sindicato dos Servidores e Empregados da Assist\u00eancia Social e Cultural do GDF (SINDSASC), que h\u00e1 muito reivindica um concurso para a recomposi\u00e7\u00e3o dos quadros, se op\u00f5e efusivamente \u00e0 terceiriza\u00e7\u00e3o da categoria. Ainda que o Sindicato tenham chegado a um acordo com o governo distrital pelo fim da greve realizada em 2023, uma das propostas acordadas, justamente a de realiza\u00e7\u00e3o de um novo concurso para a carreira, nunca saiu do papel. Est\u00e1 mais do que claro que o governador Ibaneis Rocha, um dos 10 pol\u00edticos mais ricos do pa\u00eds (com patrim\u00f4nio declarado ao TSE no valor de R$78,9 milh\u00f5es), n\u00e3o se preocupa com os servidores e empregados da Assist\u00eancia Social, sucessivamente sucateados pela sua Gest\u00e3o, muito menos com os assistidos, agredidos pela falta de acesso \u00e0 dignidade e ao m\u00ednimo existencial.<\/p>\n<p>Por isso, convidamos a todos para que compare\u00e7am \u00e0 <strong>Assembleia Sindical e Popular <\/strong>convocada pelo SINDSASC no dia 05 de agosto, que tem como objetivo denunciar o desmonte das pol\u00edticas p\u00fablicas e lutar por mais seguran\u00e7a e por melhores condi\u00e7\u00f5es de trabalho.<\/p>\n<!-- Begin Yuzo --><div class='yuzo_related_post style-1'  data-version='5.12.89'><!-- without result --><div class='yuzo_clearfixed yuzo__title yuzo__title'><h3>Related Post<\/h3><\/div>\n\t\t\t\t\t\t  <div class=\"relatedthumb \" style=\"width:125px;float:left;overflow:hidden;\">  \n\t\t\t\t\t\t\t  \n\t\t\t\t\t\t\t  <a  href=\"https:\/\/redept.com.br\/blogosfera\/lula-visita-trecho-da-via-dutra-que-tem-25-das-obras-concluidas\/\"  >\n\t\t\t\t\t\t\t\t\t  <div class=\"yuzo-img-wrap \" style=\"width: 125px;height:90px;\">\n\t\t\t\t\t\t\t\t\t\t\n\t\t\t\t\t\t\t\t\t\t<div class=\"yuzo-img\" style=\"background:url('https:\/\/redept.org\/blogosfera\/wp-content\/plugins\/yuzo-related-post\/assets\/images\/default.png') 50% 50% no-repeat;width: 125px;height:90px;margin-bottom: 5px;background-size: cover; \"><\/div>\n\t\t\t\t\t\t\t\t\t  <\/div>\n\t\t\t\t\t\t\t\t\t  \n\t\t\t\t\t\t\t\t   <span class=\"yuzo__text--title\" style=\"font-size:13px;\">Lula visita trecho da Via Dutra que tem 25% das ob...<\/span>\n\t\t\t\t\t\t\t  \n\t\t\t\t\t\t\t  \n\t\t\t\t\t\t\t  <\/a>\n\n\t\t\t\t\t\t  <\/div>\n\t\t\t\t\t\t  <div class=\"relatedthumb \" style=\"width:125px;float:left;overflow:hidden;\">  \n\t\t\t\t\t\t\t  \n\t\t\t\t\t\t\t  <a  href=\"https:\/\/redept.com.br\/blogosfera\/lula-recebe-titulo-de-doutor-honoris-causa-em-mocambique\/\"  >\n\t\t\t\t\t\t\t\t\t  <div class=\"yuzo-img-wrap \" style=\"width: 125px;height:90px;\">\n\t\t\t\t\t\t\t\t\t\t\n\t\t\t\t\t\t\t\t\t\t<div class=\"yuzo-img\" style=\"background:url('https:\/\/redept.org\/blogosfera\/wp-content\/plugins\/yuzo-related-post\/assets\/images\/default.png') 50% 50% no-repeat;width: 125px;height:90px;margin-bottom: 5px;background-size: cover; \"><\/div>\n\t\t\t\t\t\t\t\t\t  <\/div>\n\t\t\t\t\t\t\t\t\t  \n\t\t\t\t\t\t\t\t   <span class=\"yuzo__text--title\" style=\"font-size:13px;\">Lula recebe t\u00edtulo de Doutor Honoris Causa em Mo\u00e7a...<\/span>\n\t\t\t\t\t\t\t  \n\t\t\t\t\t\t\t  \n\t\t\t\t\t\t\t  <\/a>\n\n\t\t\t\t\t\t  <\/div>\n\t\t\t\t\t\t  <div class=\"relatedthumb \" style=\"width:125px;float:left;overflow:hidden;\">  \n\t\t\t\t\t\t\t  \n\t\t\t\t\t\t\t  <a  href=\"https:\/\/redept.com.br\/blogosfera\/nyt-europa-fala-muito-mas-age-pouco-em-prol-de-gaza\/\"  >\n\t\t\t\t\t\t\t\t\t  <div class=\"yuzo-img-wrap \" style=\"width: 125px;height:90px;\">\n\t\t\t\t\t\t\t\t\t\t\n\t\t\t\t\t\t\t\t\t\t<div class=\"yuzo-img\" style=\"background:url('https:\/\/redept.com.br\/blogosfera\/wp-content\/uploads\/2025\/09\/free_palestine_will_not_be_cancelled_53309557148-150x150.jpg') 50% 50% no-repeat;width: 125px;height:90px;margin-bottom: 5px;background-size: cover; \"><\/div>\n\t\t\t\t\t\t\t\t\t  <\/div>\n\t\t\t\t\t\t\t\t\t  \n\t\t\t\t\t\t\t\t   <span class=\"yuzo__text--title\" style=\"font-size:13px;\">NYT: Europa \u2018fala muito\u2019, mas age pouco em prol de...<\/span>\n\t\t\t\t\t\t\t  \n\t\t\t\t\t\t\t  \n\t\t\t\t\t\t\t  <\/a>\n\n\t\t\t\t\t\t  <\/div>\n\t\t\t\t\t\t  <div class=\"relatedthumb \" style=\"width:125px;float:left;overflow:hidden;\">  \n\t\t\t\t\t\t\t  \n\t\t\t\t\t\t\t  <a  href=\"https:\/\/redept.com.br\/blogosfera\/tarifaco-de-trump-deixou-familias-dos-eua-com-custos-extras-de-us-1-mil-com-absorcao-de-90-dos-custos\/\"  >\n\t\t\t\t\t\t\t\t\t  <div class=\"yuzo-img-wrap \" style=\"width: 125px;height:90px;\">\n\t\t\t\t\t\t\t\t\t\t\n\t\t\t\t\t\t\t\t\t\t<div class=\"yuzo-img\" style=\"background:url('https:\/\/redept.org\/blogosfera\/wp-content\/plugins\/yuzo-related-post\/assets\/images\/default.png') 50% 50% no-repeat;width: 125px;height:90px;margin-bottom: 5px;background-size: cover; \"><\/div>\n\t\t\t\t\t\t\t\t\t  <\/div>\n\t\t\t\t\t\t\t\t\t  \n\t\t\t\t\t\t\t\t   <span class=\"yuzo__text--title\" style=\"font-size:13px;\">Tarifa\u00e7o de Trump deixou fam\u00edlias dos EUA com cust...<\/span>\n\t\t\t\t\t\t\t  \n\t\t\t\t\t\t\t  \n\t\t\t\t\t\t\t  <\/a>\n\n\t\t\t\t\t\t  <\/div>\n<\/div> <script>\n\t\t\t\t\t\t  jQuery(document).ready(function( $ ){\n\t\t\t\t\t\t\t\/\/jQuery('.yuzo_related_post').equalizer({ overflow : 'relatedthumb' });\n\t\t\t\t\t\t\tjQuery('.yuzo_related_post .yuzo_wraps').equalizer({ columns : '> div' });\n\t\t\t\t\t\t   })\n\t\t\t\t\t\t  <\/script> <!-- End Yuzo :) -->","protected":false},"excerpt":{"rendered":"<p><img decoding=\"async\" width=\"1080\" height=\"661\" src=\"https:\/\/averdade.org.br\/wp-content\/uploads\/2025\/08\/Foto-DF.jpg\" alt=\"Ibaneis causa desastre nas carreiras da assist\u00eancia social no DF. Foto: SINDSASC DF\">O governador Ibaneis (MDB) desrespeita e desvaloriza os servidores da carreira ao impor condi\u00e7\u00f5es degradantes de trabalho. A estrutura das unidades \u00e9 intensamente prec\u00e1ria: o mobili\u00e1rio \u00e9 antigo, com cadeiras de segunda ou terceira m\u00e3o que acabam por originar problemas de sa\u00fade. Movimento Olga Benario e MLC | Bras\u00edlia (DF) TRABALHADOR UNIDO \u2013 No Distrito [\u2026]<\/p>\n","protected":false},"author":2,"featured_media":42215,"comment_status":"open","ping_status":"closed","sticky":false,"template":"","format":"standard","meta":{"fifu_image_url":"","fifu_image_alt":"","footnotes":""},"categories":[11968,45,498,187,1865,497],"tags":[],"class_list":["post-42214","post","type-post","status-publish","format-standard","has-post-thumbnail","hentry","category-assistente-social","category-brasil","category-brasilia","category-manifestacao","category-precarizacao","category-trabalhador-unido"],"_links":{"self":[{"href":"https:\/\/redept.com.br\/blogosfera\/wp-json\/wp\/v2\/posts\/42214","targetHints":{"allow":["GET"]}}],"collection":[{"href":"https:\/\/redept.com.br\/blogosfera\/wp-json\/wp\/v2\/posts"}],"about":[{"href":"https:\/\/redept.com.br\/blogosfera\/wp-json\/wp\/v2\/types\/post"}],"author":[{"embeddable":true,"href":"https:\/\/redept.com.br\/blogosfera\/wp-json\/wp\/v2\/users\/2"}],"replies":[{"embeddable":true,"href":"https:\/\/redept.com.br\/blogosfera\/wp-json\/wp\/v2\/comments?post=42214"}],"version-history":[{"count":0,"href":"https:\/\/redept.com.br\/blogosfera\/wp-json\/wp\/v2\/posts\/42214\/revisions"}],"wp:featuredmedia":[{"embeddable":true,"href":"https:\/\/redept.com.br\/blogosfera\/wp-json\/wp\/v2\/media\/42215"}],"wp:attachment":[{"href":"https:\/\/redept.com.br\/blogosfera\/wp-json\/wp\/v2\/media?parent=42214"}],"wp:term":[{"taxonomy":"category","embeddable":true,"href":"https:\/\/redept.com.br\/blogosfera\/wp-json\/wp\/v2\/categories?post=42214"},{"taxonomy":"post_tag","embeddable":true,"href":"https:\/\/redept.com.br\/blogosfera\/wp-json\/wp\/v2\/tags?post=42214"}],"curies":[{"name":"wp","href":"https:\/\/api.w.org\/{rel}","templated":true}]}}