{"id":42641,"date":"2025-08-05T17:39:21","date_gmt":"2025-08-05T20:39:21","guid":{"rendered":"https:\/\/redept.org\/blogosfera\/lula-sugere-a-trump-o-uso-do-pix-e-diz-que-ligara-para-convida-lo-a-cop-30\/"},"modified":"2025-08-05T17:39:21","modified_gmt":"2025-08-05T20:39:21","slug":"lula-sugere-a-trump-o-uso-do-pix-e-diz-que-ligara-para-convida-lo-a-cop-30","status":"publish","type":"post","link":"https:\/\/redept.com.br\/blogosfera\/lula-sugere-a-trump-o-uso-do-pix-e-diz-que-ligara-para-convida-lo-a-cop-30\/","title":{"rendered":"Lula sugere a Trump o uso do Pix e diz que ligar\u00e1 para convid\u00e1-lo \u00e0 COP 30"},"content":{"rendered":"<p><img loading=\"lazy\" width=\"1024\" height=\"528\"src=\"https:\/\/redept.org\/blogosfera\/wp-content\/uploads\/2025\/08\/54701054947_485d6ca123_k.jpg\" alt=\"\" decoding=\"async\" loading=\"lazy\" srcset=\"https:\/\/vermelho.org.br\/wp-content\/uploads\/2025\/08\/54701054947_485d6ca123_k-1024x528.jpg 1024w, https:\/\/vermelho.org.br\/wp-content\/uploads\/2025\/08\/54701054947_485d6ca123_k-300x155.jpg 300w, https:\/\/vermelho.org.br\/wp-content\/uploads\/2025\/08\/54701054947_485d6ca123_k-768x396.jpg 768w, https:\/\/vermelho.org.br\/wp-content\/uploads\/2025\/08\/54701054947_485d6ca123_k-1536x792.jpg 1536w, https:\/\/redept.org\/blogosfera\/wp-content\/uploads\/2025\/08\/54701054947_485d6ca123_k.jpg 2048w\" sizes=\"auto, (max-width: 1024px) 100vw, 1024px\"><\/p>\n<p>O presidente Lula esteve nesta ter\u00e7a-feira (5) na 5\u00aa Reuni\u00e3o Plen\u00e1ria do Conselho de Desenvolvimento Econ\u00f4mico Social Sustent\u00e1vel (Cdess), o \u201cConselh\u00e3o\u201d. Em sua fala, Lula celebrou os recordes tidos por seu governo em temas sociais e na economia.<\/p>\n<p>Ele destacou a sa\u00edda do Brasil do Mapa da Fome, os menores \u00edndices de extrema pobreza e desemprego da hist\u00f3ria: \u201cEstamos inserindo os pobres no or\u00e7amento e, cada vez mais, colocando os ricos no imposto de renda\u201d, diz.<\/p>\n<p><strong>Leia mais<\/strong>: Trump imp\u00f4s tarifa\u00e7o com segundas inten\u00e7\u00f5es, mas Brasil sai mais forte<\/p>\n<p>O presidente ainda comemorou o crescimento do setor produtivo \u2013 o maior em 14 anos \u2013, o recorde de transplantes e cirurgias eletivas do SUS, al\u00e9m de destacar que 94% dos formandos do Ensino M\u00e9dio da rede p\u00fablica se inscreveram no Enem, incentivados pelo programa P\u00e9-de-Meia.<\/p>\n<p><strong>Tarifas comerciais<\/strong><\/p>\n<p>Segundo o mandat\u00e1rio, o livre-com\u00e9rcio passa por um dos per\u00edodos mais cr\u00edticos em d\u00e9cadas com as tarifas comerciais impostas pelo governo dos Estados Unidos.<\/p>\n<p>Em rela\u00e7\u00e3o ao Brasil, a decis\u00e3o arbitr\u00e1ria afeta uma rela\u00e7\u00e3o comercial de mais de 200 anos: \u201cEste \u00e9 um desafio que n\u00f3s n\u00e3o pedimos e n\u00f3s n\u00e3o desejamos\u201d, afirma Lula, ao indicar que existe a tentativa de interferir na soberania do pa\u00eds.<\/p>\n<p>O presidente ainda chamou de \u201ctraidores da p\u00e1tria\u201d os que arquitetaram e defenderam publicamente as a\u00e7\u00f5es contra o Brasil l\u00e1 nos Estados Unidos.<\/p>\n<p><strong>Leia mais<\/strong>: Lula entrega moradias, celebra sa\u00edda do Mapa da Fome e baixo desemprego<\/p>\n<p>Como destaca \u201cn\u00e3o h\u00e1 justificativa para as medidas unilaterais contra o nosso pa\u00eds\u201d, uma vez que os EUA tiveram super\u00e1vit de 410 bilh\u00f5es de d\u00f3lares na rela\u00e7\u00e3o com o Brasil em 15 anos e oito dos dez principais produtos norte-americanos importados pelo Brasil t\u00eam tarifa zero, incluindo petr\u00f3leo, aeronaves, g\u00e1s natural e carv\u00e3o: \u201cA al\u00edquota m\u00e9dia efetivamente cobrada dos produtos norte-americanos no Brasil \u00e9 de apenas 2,7%\u201d, observa.<\/p>\n<p>Lula ainda destacou que o governo est\u00e1 comprometido em mitigar os efeitos das tarifas para os setores atingidos.<\/p>\n<p>\u201cN\u00f3s n\u00e3o podemos aceitar que o povo brasileiro seja punido. Diante do tarifa\u00e7o, o compromisso do Governo \u00e9 com os brasileiros. Vamos colocar em execu\u00e7\u00e3o um plano de conting\u00eancia para mitigar esse ataque injusto e aliviar seus preju\u00edzos econ\u00f4micos e sociais\u201d, disse o presidente, ao afirmar que o Brasil ir\u00e1 recorrer \u00e0 Organiza\u00e7\u00e3o Mundial de Com\u00e9rcio (OMC) e que os ministros continuam no esfor\u00e7o para buscar a negocia\u00e7\u00e3o com os EUA.<\/p>\n<figure><img fetchpriority=\"high\" decoding=\"async\" width=\"1024\" height=\"528\"src=\"https:\/\/redept.org\/blogosfera\/wp-content\/uploads\/2025\/08\/54700850992_2bb3b8d9fb_k.jpg\" alt=\"\" srcset=\"https:\/\/vermelho.org.br\/wp-content\/uploads\/2025\/08\/54700850992_2bb3b8d9fb_k-1024x528.jpg 1024w, https:\/\/vermelho.org.br\/wp-content\/uploads\/2025\/08\/54700850992_2bb3b8d9fb_k-300x155.jpg 300w, https:\/\/vermelho.org.br\/wp-content\/uploads\/2025\/08\/54700850992_2bb3b8d9fb_k-768x396.jpg 768w, https:\/\/vermelho.org.br\/wp-content\/uploads\/2025\/08\/54700850992_2bb3b8d9fb_k-1536x791.jpg 1536w, https:\/\/redept.org\/blogosfera\/wp-content\/uploads\/2025\/08\/54700850992_2bb3b8d9fb_k.jpg 2048w\" sizes=\"(max-width: 1024px) 100vw, 1024px\"><figcaption>Foto: Ricardo Stuckert \/ PR<\/figcaption><\/figure>\n<p><strong>Pix<\/strong><\/p>\n<p>Em seu discurso, o presidente ainda defendeu a ferramenta de pagamentos Pix e a regula\u00e7\u00e3o de plataformas digitais, bem como reafirmou o compromisso em zerar o desmatamento at\u00e9 2030.<\/p>\n<p>\u201cEu gostaria que o presidente Trump fizesse uma experi\u00eancia com o Pix nos Estados Unidos\u201d, indica.<\/p>\n<p>A Josu\u00e9 Gomes, presidente da Federa\u00e7\u00e3o das Ind\u00fastrias do Estado de S\u00e3o Paulo (FIESP) e membro do \u201cConselh\u00e3o\u201d, que j\u00e1 presidiu um grupo empresarial com rela\u00e7\u00f5es com os EUA, Lula sugeriu que levasse a funcionalidade ao presidente norte-americano.<\/p>\n<p>\u201cVoc\u00ea poderia levar o Pix para ele [Trump], para ele pagar uma conta. Ele ia ver que \u00e9 uma coisa moderna\u201d, comenta.<\/p>\n<p><strong>Leia mais<\/strong>: Lula cresce no cen\u00e1rio global ao recusar ultimato de Trump e defender soberania<\/p>\n<p>Conforme o presidente, a preocupa\u00e7\u00e3o da Casa Branca \u00e9 que o Pix tire espa\u00e7o das empresas operadoras de cart\u00f5es de cr\u00e9dito, a maioria delas dos EUA.<\/p>\n<p>\u201cQual \u00e9 a preocupa\u00e7\u00e3o deles? \u00c9 que se o Pix tomar conta do mundo, os cart\u00f5es de cr\u00e9dito ir\u00e3o desaparecer. E \u00e9 isso que est\u00e1 por detr\u00e1s dessa loucura contra o Brasil. Por isso, n\u00f3s n\u00e3o podemos ser penalizados por desenvolver um sistema gratuito e eficiente\u201d, acusa.<\/p>\n<p><strong>Liga\u00e7\u00e3o para Trump<\/strong><\/p>\n<p>Lula tamb\u00e9m disse que n\u00e3o ir\u00e1 ligar para Trump em rela\u00e7\u00e3o \u00e0s tarifas comerciais porque o presidente dos EUA n\u00e3o quer conversar.<\/p>\n<p>No entanto, o l\u00edder brasileiro afirmou que ligar\u00e1 para ele, assim como para outros presidentes e primeiros-ministros, para convid\u00e1-los a participarem da COP 30, em Bel\u00e9m (PA).<\/p>\n<p>\u201cEu vou ligar para o Trump para convid\u00e1-lo para a COP 30, porque eu quero saber o que ele pensa da quest\u00e3o clim\u00e1tica. Vou ter a gentileza de ligar para ele, vou ligar para o Xi Jinping [da China], vou ligar para o primeiro-ministro Modi [da \u00cdndia]. S\u00f3 n\u00e3o vou ligar para o Putin porque n\u00e3o est\u00e1 podendo viajar. Mas vou ligar para muitos presidentes e dizer: \u2018voc\u00ea n\u00e3o est\u00e1 preocupado com o planeta Terra? Viu, n\u00e3o tem outro lugar para a gente morar, n\u00f3s temos que cuidar, pelo amor de Deus\u2019. Se ele [Trump] n\u00e3o vier \u00e9 porque n\u00e3o quer, mas n\u00e3o vai ser por falta de delicadeza, charme e democracia\u201d, disse o bem-humorado Lula.<\/p>\n<figure><img decoding=\"async\" width=\"1024\" height=\"545\"src=\"https:\/\/redept.org\/blogosfera\/wp-content\/uploads\/2025\/08\/54701054942_08a567e766_k.jpg\" alt=\"\" srcset=\"https:\/\/vermelho.org.br\/wp-content\/uploads\/2025\/08\/54701054942_08a567e766_k-1024x545.jpg 1024w, https:\/\/vermelho.org.br\/wp-content\/uploads\/2025\/08\/54701054942_08a567e766_k-300x160.jpg 300w, https:\/\/vermelho.org.br\/wp-content\/uploads\/2025\/08\/54701054942_08a567e766_k-768x409.jpg 768w, https:\/\/vermelho.org.br\/wp-content\/uploads\/2025\/08\/54701054942_08a567e766_k-1536x817.jpg 1536w, https:\/\/redept.org\/blogosfera\/wp-content\/uploads\/2025\/08\/54701054942_08a567e766_k.jpg 2047w\" sizes=\"(max-width: 1024px) 100vw, 1024px\"><figcaption>Foto: Ricardo Stuckert \/ PR<\/figcaption><\/figure>\n<p><strong>Acordo Mercosul-Uni\u00e3o Europeia<\/strong><\/p>\n<p>Aos membros do \u201cConselh\u00e3o\u201d, Lula reafirmou que ir\u00e1 entregar at\u00e9 o final de seu mandato como presidente do Mercosul o acordo do bloco com a Uni\u00e3o Europeia (UE). Ele fica \u00e0 frente do grupo at\u00e9 dezembro.<\/p>\n<p>\u201cConclu\u00edmos com a Uni\u00e3o Europeia as negocia\u00e7\u00f5es do primeiro acordo birregional do mundo, que re\u00fane um PIB conjunto de 22 trilh\u00f5es de d\u00f3lares, al\u00e9m de 718 milh\u00f5es de pessoas. Estamos empenhados para que este acordo seja assinado neste ano e entre em vigor o quanto antes\u201d, indicou o presidente, ao cobrar pelo acordo depois que a UE firmou um acordo com os EUA sobre tarifas comerciais.<\/p>\n<p>O post Lula sugere a Trump o uso do Pix e diz que ligar\u00e1 para convid\u00e1-lo \u00e0 COP 30 apareceu primeiro em Vermelho.<\/p>\n<!-- Begin Yuzo --><div class='yuzo_related_post style-1'  data-version='5.12.89'><!-- without result --><div class='yuzo_clearfixed yuzo__title yuzo__title'><h3>Related Post<\/h3><\/div>\n\t\t\t\t\t\t  <div class=\"relatedthumb \" style=\"width:125px;float:left;overflow:hidden;\">  \n\t\t\t\t\t\t\t  \n\t\t\t\t\t\t\t  <a  href=\"https:\/\/redept.com.br\/blogosfera\/nota-do-mst-no-parana-sobre-a-tragedia-provocada-pelo-tornado-que-atravessou-o-estado\/\"  >\n\t\t\t\t\t\t\t\t\t  <div class=\"yuzo-img-wrap \" style=\"width: 125px;height:90px;\">\n\t\t\t\t\t\t\t\t\t\t\n\t\t\t\t\t\t\t\t\t\t<div class=\"yuzo-img\" style=\"background:url('https:\/\/redept.com.br\/blogosfera\/wp-content\/uploads\/2025\/11\/57b435dd-cf2a-425a-aab3-9f9c01402384-150x150.jpeg') 50% 50% no-repeat;width: 125px;height:90px;margin-bottom: 5px;background-size: cover; \"><\/div>\n\t\t\t\t\t\t\t\t\t  <\/div>\n\t\t\t\t\t\t\t\t\t  \n\t\t\t\t\t\t\t\t   <span class=\"yuzo__text--title\" style=\"font-size:13px;\">Nota do MST no Paran\u00e1 sobre a trag\u00e9dia provocada p...<\/span>\n\t\t\t\t\t\t\t  \n\t\t\t\t\t\t\t  \n\t\t\t\t\t\t\t  <\/a>\n\n\t\t\t\t\t\t  <\/div>\n\t\t\t\t\t\t  <div class=\"relatedthumb \" style=\"width:125px;float:left;overflow:hidden;\">  \n\t\t\t\t\t\t\t  \n\t\t\t\t\t\t\t  <a  href=\"https:\/\/redept.com.br\/blogosfera\/justica-italiana-mantem-prisao-de-zambelli-na-italia\/\"  >\n\t\t\t\t\t\t\t\t\t  <div class=\"yuzo-img-wrap \" style=\"width: 125px;height:90px;\">\n\t\t\t\t\t\t\t\t\t\t\n\t\t\t\t\t\t\t\t\t\t<div class=\"yuzo-img\" style=\"background:url('https:\/\/redept.org\/blogosfera\/wp-content\/plugins\/yuzo-related-post\/assets\/images\/default.png') 50% 50% no-repeat;width: 125px;height:90px;margin-bottom: 5px;background-size: cover; \"><\/div>\n\t\t\t\t\t\t\t\t\t  <\/div>\n\t\t\t\t\t\t\t\t\t  \n\t\t\t\t\t\t\t\t   <span class=\"yuzo__text--title\" style=\"font-size:13px;\">Justi\u00e7a italiana mantem pris\u00e3o de Zambelli na It\u00e1l...<\/span>\n\t\t\t\t\t\t\t  \n\t\t\t\t\t\t\t  \n\t\t\t\t\t\t\t  <\/a>\n\n\t\t\t\t\t\t  <\/div>\n\t\t\t\t\t\t  <div class=\"relatedthumb \" style=\"width:125px;float:left;overflow:hidden;\">  \n\t\t\t\t\t\t\t  \n\t\t\t\t\t\t\t  <a  href=\"https:\/\/redept.com.br\/blogosfera\/aviao-e-helicoptero-colidem-em-washington-nos-eua\/\"  >\n\t\t\t\t\t\t\t\t\t  <div class=\"yuzo-img-wrap \" style=\"width: 125px;height:90px;\">\n\t\t\t\t\t\t\t\t\t\t\n\t\t\t\t\t\t\t\t\t\t<div class=\"yuzo-img\" style=\"background:url('https:\/\/redept.org\/blogosfera\/wp-content\/plugins\/yuzo-related-post\/assets\/images\/default.png') 50% 50% no-repeat;width: 125px;height:90px;margin-bottom: 5px;background-size: cover; \"><\/div>\n\t\t\t\t\t\t\t\t\t  <\/div>\n\t\t\t\t\t\t\t\t\t  \n\t\t\t\t\t\t\t\t   <span class=\"yuzo__text--title\" style=\"font-size:13px;\">Avi\u00e3o e helic\u00f3ptero colidem em Washington, nos EUA...<\/span>\n\t\t\t\t\t\t\t  \n\t\t\t\t\t\t\t  \n\t\t\t\t\t\t\t  <\/a>\n\n\t\t\t\t\t\t  <\/div>\n\t\t\t\t\t\t  <div class=\"relatedthumb \" style=\"width:125px;float:left;overflow:hidden;\">  \n\t\t\t\t\t\t\t  \n\t\t\t\t\t\t\t  <a  href=\"https:\/\/sul21.com.br\/noticias\/politica\/2025\/08\/cpi-da-energia-eletrica-sera-instalada-na-assembleia-na-proxima-segunda-11\/\"  >\n\t\t\t\t\t\t\t\t\t  <div class=\"yuzo-img-wrap \" style=\"width: 125px;height:90px;\">\n\t\t\t\t\t\t\t\t\t\t\n\t\t\t\t\t\t\t\t\t\t<div class=\"yuzo-img\" style=\"background:url('https:\/\/redept.org\/blogosfera\/wp-content\/plugins\/yuzo-related-post\/assets\/images\/default.png') 50% 50% no-repeat;width: 125px;height:90px;margin-bottom: 5px;background-size: cover; \"><\/div>\n\t\t\t\t\t\t\t\t\t  <\/div>\n\t\t\t\t\t\t\t\t\t  \n\t\t\t\t\t\t\t\t   <span class=\"yuzo__text--title\" style=\"font-size:13px;\">CPI da Energia El\u00e9trica ser\u00e1 instalada na Assemble...<\/span>\n\t\t\t\t\t\t\t  \n\t\t\t\t\t\t\t  \n\t\t\t\t\t\t\t  <\/a>\n\n\t\t\t\t\t\t  <\/div>\n<\/div> <script>\n\t\t\t\t\t\t  jQuery(document).ready(function( $ ){\n\t\t\t\t\t\t\t\/\/jQuery('.yuzo_related_post').equalizer({ overflow : 'relatedthumb' });\n\t\t\t\t\t\t\tjQuery('.yuzo_related_post .yuzo_wraps').equalizer({ columns : '> div' });\n\t\t\t\t\t\t   })\n\t\t\t\t\t\t  <\/script> <!-- End Yuzo :) -->","protected":false},"excerpt":{"rendered":"<p><img decoding=\"async\" width=\"1024\" height=\"528\" src=\"https:\/\/vermelho.org.br\/wp-content\/uploads\/2025\/08\/54701054947_485d6ca123_k-1024x528.jpg\" alt=\"\"><\/p>\n<p>Presidente esteve na reuni\u00e3o do \u201cConselh\u00e3o\u201d, oportunidade em que celebrou conquistas, como a sa\u00edda do Mapa da Fome e o baixo desemprego, e defendeu o pa\u00eds contra as tarifas dos EUA<\/p>\n<p>O post <a href=\"https:\/\/vermelho.org.br\/2025\/08\/05\/lula-sugere-a-trump-o-uso-do-pix-e-diz-que-ligara-para-convida-lo-a-cop-30\/\">Lula sugere a Trump o uso do Pix e diz que ligar\u00e1 para convid\u00e1-lo \u00e0 COP 30<\/a> apareceu primeiro em <a href=\"https:\/\/vermelho.org.br\/\">Vermelho<\/a>.<\/p>\n","protected":false},"author":2,"featured_media":42642,"comment_status":"open","ping_status":"closed","sticky":false,"template":"","format":"standard","meta":{"fifu_image_url":"","fifu_image_alt":"","footnotes":""},"categories":[453,12253,651,1023,112,1287,1731,132,3641,4160,4679,1453],"tags":[],"class_list":["post-42641","post","type-post","status-publish","format-standard","has-post-thumbnail","hentry","category-combate-a-fome","category-conselhao","category-desemprego","category-donald-trump","category-lula","category-mapa-da-fome","category-pix","category-politica","category-tarifaco","category-tarifas-comerciais","category-taxa-de-desemprego","category-trump"],"_links":{"self":[{"href":"https:\/\/redept.com.br\/blogosfera\/wp-json\/wp\/v2\/posts\/42641","targetHints":{"allow":["GET"]}}],"collection":[{"href":"https:\/\/redept.com.br\/blogosfera\/wp-json\/wp\/v2\/posts"}],"about":[{"href":"https:\/\/redept.com.br\/blogosfera\/wp-json\/wp\/v2\/types\/post"}],"author":[{"embeddable":true,"href":"https:\/\/redept.com.br\/blogosfera\/wp-json\/wp\/v2\/users\/2"}],"replies":[{"embeddable":true,"href":"https:\/\/redept.com.br\/blogosfera\/wp-json\/wp\/v2\/comments?post=42641"}],"version-history":[{"count":0,"href":"https:\/\/redept.com.br\/blogosfera\/wp-json\/wp\/v2\/posts\/42641\/revisions"}],"wp:featuredmedia":[{"embeddable":true,"href":"https:\/\/redept.com.br\/blogosfera\/wp-json\/wp\/v2\/media\/42642"}],"wp:attachment":[{"href":"https:\/\/redept.com.br\/blogosfera\/wp-json\/wp\/v2\/media?parent=42641"}],"wp:term":[{"taxonomy":"category","embeddable":true,"href":"https:\/\/redept.com.br\/blogosfera\/wp-json\/wp\/v2\/categories?post=42641"},{"taxonomy":"post_tag","embeddable":true,"href":"https:\/\/redept.com.br\/blogosfera\/wp-json\/wp\/v2\/tags?post=42641"}],"curies":[{"name":"wp","href":"https:\/\/api.w.org\/{rel}","templated":true}]}}