{"id":42674,"date":"2025-08-05T18:23:04","date_gmt":"2025-08-05T21:23:04","guid":{"rendered":"https:\/\/redept.org\/blogosfera\/porto-meridional-e-o-morango-do-amor-dos-empreiteiros\/"},"modified":"2025-08-05T18:23:04","modified_gmt":"2025-08-05T21:23:04","slug":"porto-meridional-e-o-morango-do-amor-dos-empreiteiros","status":"publish","type":"post","link":"https:\/\/redept.com.br\/blogosfera\/porto-meridional-e-o-morango-do-amor-dos-empreiteiros\/","title":{"rendered":"Porto Meridional \u00e9 o morango do amor dos empreiteiros"},"content":{"rendered":"<p>Como nasce uma pauta fria? Crie uma causa, acrescente um apelo popular, chame um influencer para ficar \u00e0 frente do evento e divulgue. \u00c9 assim que surge um beb\u00ea reborn, um morango do amor e o porto Meridional!<\/p>\n<p>Os empreendedores do porto Meridional, obra que pretendem construir no Litoral Norte do Rio Grande do Sul, seguiram essa receita e promoveram o F\u00f3rum Impactos do Porto Meridional, no dia 1\u00ba de agosto, no parque de eventos de Arroio do Sal. Eles associaram o nome do f\u00f3rum a 23\u00aa Festa do Pescador, que acontecia na cidade, mas esse evento n\u00e3o consta da programa\u00e7\u00e3o da festa popular, e chamaram uma influencer da grande m\u00eddia para ser a mediadora.<\/p>\n<p>Por \u00faltimo, os organizadores enviaram textos para a m\u00eddia informando que o projeto \u201cobteve aval do Minist\u00e9rio de Portos e Aeroportos (MPor)\u201d. N\u00e3o \u00e9 verdade. Em 18 de outubro de 2024, ocorreu apenas o ato simb\u00f3lico da assinatura de um contrato de ades\u00e3o, como mostrou a reportagem do Brasil de Fato RS publicada em 17\/4\/2025.<\/p>\n<figure><img loading=\"lazy\" loading=\"lazy\" decoding=\"async\" width=\"851\" height=\"175\"src=\"https:\/\/redept.org\/blogosfera\/wp-content\/uploads\/2025\/08\/image-2-6.png\" alt=\"\" srcset=\"https:\/\/assets.brasildefato.com.br\/2025\/08\/image-2-300x62.png 300w, https:\/\/assets.brasildefato.com.br\/2025\/08\/image-2-768x158.png 768w, https:\/\/assets.brasildefato.com.br\/2025\/08\/image-2-750x175.png 750w, https:\/\/redept.org\/blogosfera\/wp-content\/uploads\/2025\/08\/image-2-6.png 851w\" sizes=\"auto, (max-width: 851px) 100vw, 851px\"><\/figure>\n<p>Naquela ocasi\u00e3o, por meio de nota, o Mpor informou que a autoriza\u00e7\u00e3o para o empreendimento \u00e9 a primeira etapa do projeto. \u201cComunicamos que o licenciamento ambiental \u00e9 necess\u00e1rio para o in\u00edcio da execu\u00e7\u00e3o das obras, conforme prazos previstos nos normativos do Instituto do Meio Ambiente e dos Recursos Naturais Renov\u00e1veis (Ibama) diante das fases de implanta\u00e7\u00e3o do projeto. Ou seja, para iniciar os trabalhos pr\u00e1ticos, o titular do contrato precisa reunir todas as autoriza\u00e7\u00f5es necess\u00e1rias e regidas em normativas\u201d.<\/p>\n<p>T\u00e9cnicos do Instituto Brasileiro do Meio Ambiente e dos Recursos Naturais Renov\u00e1veis (Ibama), em vistoria \u00e0 \u00e1rea que pode ser impactada pelo porto, divulgaram o seu Relat\u00f3rio de Vistoria e rejeitaram o Estudo de Impacto Ambiental apresentado pelos empreendedores, destacando que o documento era falho e que n\u00e3o havia considerado aspectos importantes, como fauna e flora e a popula\u00e7\u00e3o local.<\/p>\n<p>Al\u00e9m disso, \u00e9 necess\u00e1rio levar em conta que a eleva\u00e7\u00e3o de tarifas impostas pelo presidente dos EUA, Donald Trump, inviabiliza as exporta\u00e7\u00f5es ga\u00fachas para aquele pa\u00eds e tornam totalmente desnecess\u00e1rio o porto Meridional. De acordo com o presidente da Federa\u00e7\u00e3o das Ind\u00fastrias do Rio Grande do Sul (Fiergs), Cl\u00e1udio Bier, o tarifa\u00e7o afeta cerca de 85% das exporta\u00e7\u00f5es ga\u00fachas. A estimativa inicial \u00e9 de que o PIB do estado possa ter uma redu\u00e7\u00e3o de R$ 1,5 bilh\u00e3o no pr\u00f3ximo ano.<\/p>\n<figure><img loading=\"lazy\" loading=\"lazy\" decoding=\"async\" width=\"1024\" height=\"128\"src=\"https:\/\/redept.org\/blogosfera\/wp-content\/uploads\/2025\/08\/image-3-3.png\" alt=\"\" srcset=\"https:\/\/assets.brasildefato.com.br\/2025\/08\/image-3-300x38.png 300w, https:\/\/assets.brasildefato.com.br\/2025\/08\/image-3-768x96.png 768w, https:\/\/assets.brasildefato.com.br\/2025\/08\/image-3-750x128.png 750w, https:\/\/redept.org\/blogosfera\/wp-content\/uploads\/2025\/08\/image-3-3.png 1024w\" sizes=\"auto, (max-width: 1024px) 100vw, 1024px\"><\/figure>\n<h4>N\u00e3o ao Meridional<\/h4>\n<p>O porto Meridional parece ir \u00e0 pique justamente por conta daqueles que apoiam a constru\u00e7\u00e3o da obra. Eles defendem as a\u00e7\u00f5es de Trump impostas em repres\u00e1lia \u00e0 atua\u00e7\u00e3o da justi\u00e7a brasileira ao condenar os v\u00e2ndalos do golpe de 8 de janeiro de 2022 e seus articuladores. Felizmente, o porto afunda antes mesmo de nascer. Mas a economia ga\u00facha tem salva\u00e7\u00e3o. Os ga\u00fachos podem focar suas exporta\u00e7\u00f5es para outros mercados via porto de Rio Grande como j\u00e1 faz com muito sucesso, como avalia o deputado Halley Lino (PT), presidente da Frente em Defesa do Porto de Rio Grande, por onde os produtos ga\u00fachos s\u00e3o exportados. Ele destaca que \u201co principal destino \u00e9 a China, que recebe 43% das nossas cargas\u201d.<\/p>\n<p>\u201cN\u00e3o sou contra a constru\u00e7\u00e3o de portos, sou contra o porto Meridional. Os empres\u00e1rios dizem que a obra ser\u00e1 feita com verba da iniciativa privada. N\u00e3o \u00e9 verdade, haver\u00e1 verba p\u00fablica e isto \u00e9 escondido da popula\u00e7\u00e3o. N\u00e3o h\u00e1 como os caminh\u00f5es chegarem em Arroio do Sal sem que haja a constru\u00e7\u00e3o de uma infraestrutura vi\u00e1ria, o que inclui at\u00e9 mesmo a necessidade de uma ponte sobre a lagoa, e isso s\u00f3 \u00e9 feito com recurso dos governos do estado e federal\u201d, explica o deputado Lino.\u00a0<\/p>\n<p>O deputado salienta tamb\u00e9m que o Meridional \u00e9 um erro log\u00edstico e que o governador do estado, Eduardo Leite (PSDB), est\u00e1 sendo omisso, porque o Meridional apenas vai se apropriar da carga que j\u00e1 tem o porto de Rio Grande como destino, que \u00e9 maior do que os seis portos existentes no estado de Santa Catarina e \u00e9 o quarto maior porto do Brasil em movimenta\u00e7\u00e3o de carga. \u201cE tem mais\u201d, alerta o parlamentar, \u201cse existe alguma dificuldade de acesso ao porto de Rio Grande por causa dos ped\u00e1gios rodovi\u00e1rios, esse deslocamento ser\u00e1 barateado no final de 2026 com o fim da cobran\u00e7a\u201d.<\/p>\n<p>A bi\u00f3loga Nance Nardi, professora aposentada da Universidade Federal do Rio Grande do Sul (Ufrgs), moradora de Arroio do Sal, e integrante do Movimento Unificado em Defesa do Litoral Norte (MOVLN\/RS), conta que tentou participar do f\u00f3rum organizado pelos defensores do porto Meridional, mas a palavra n\u00e3o foi aberta para os \u201cn\u00e3o convidados\u201d e somente os painelistas falaram. Ou seja, foi um evento de autopromo\u00e7\u00e3o dos empreiteiros da DTA Engenharia, com apoio de alguns pol\u00edticos de Arroio do Sal, que querem construir o porto a qualquer custo. Nardi destaca a inviabilidade econ\u00f4mica do porto Meridional, os preju\u00edzos \u00e0 flora, \u00e0 fauna, \u00e0 popula\u00e7\u00e3o local, \u00e0 atividade de pesca e tamb\u00e9m ao s\u00edtio arqueol\u00f3gico da regi\u00e3o, elementos n\u00e3o considerados pelos empreiteiros no estudo entregue ao Ibama.<\/p>\n<p><em>* Jornalista<\/em><\/p>\n<p><em>** Este \u00e9 um artigo de opini\u00e3o e n\u00e3o necessariamente representa a linha editorial do\u00a0<strong>Brasil do Fato<\/strong>.<\/em><\/p>\n<\/p>\n<p>O post Porto Meridional \u00e9 o morango do amor dos empreiteiros apareceu primeiro em Brasil de Fato.<\/p>\n<!-- Begin Yuzo --><div class='yuzo_related_post style-1'  data-version='5.12.89'><!-- without result --><div class='yuzo_clearfixed yuzo__title yuzo__title'><h3>Related Post<\/h3><\/div>\n\t\t\t\t\t\t  <div class=\"relatedthumb \" style=\"width:125px;float:left;overflow:hidden;\">  \n\t\t\t\t\t\t\t  \n\t\t\t\t\t\t\t  <a  href=\"https:\/\/redept.com.br\/blogosfera\/centro-integrado-mulher-segura-apresenta-acoes-e-queda-nos-casos-de-feminicidio\/\"  >\n\t\t\t\t\t\t\t\t\t  <div class=\"yuzo-img-wrap \" style=\"width: 125px;height:90px;\">\n\t\t\t\t\t\t\t\t\t\t\n\t\t\t\t\t\t\t\t\t\t<div class=\"yuzo-img\" style=\"background:url('https:\/\/redept.com.br\/blogosfera\/wp-content\/uploads\/2026\/07\/38e2f94b-6e3a-4e05-99d8-6b5e769718da-150x150.jpeg') 50% 50% no-repeat;width: 125px;height:90px;margin-bottom: 5px;background-size: cover; \"><\/div>\n\t\t\t\t\t\t\t\t\t  <\/div>\n\t\t\t\t\t\t\t\t\t  \n\t\t\t\t\t\t\t\t   <span class=\"yuzo__text--title\" style=\"font-size:13px;\">Centro Integrado Mulher Segura apresenta a\u00e7\u00f5es e q...<\/span>\n\t\t\t\t\t\t\t  \n\t\t\t\t\t\t\t  \n\t\t\t\t\t\t\t  <\/a>\n\n\t\t\t\t\t\t  <\/div>\n\t\t\t\t\t\t  <div class=\"relatedthumb \" style=\"width:125px;float:left;overflow:hidden;\">  \n\t\t\t\t\t\t\t  \n\t\t\t\t\t\t\t  <a  href=\"https:\/\/redept.com.br\/blogosfera\/um-ano-da-tragedia-climatica-no-rs-ministro-faz-balanco-de-acoes-federais-destinadas-aos-gauchos\/\"  >\n\t\t\t\t\t\t\t\t\t  <div class=\"yuzo-img-wrap \" style=\"width: 125px;height:90px;\">\n\t\t\t\t\t\t\t\t\t\t\n\t\t\t\t\t\t\t\t\t\t<div class=\"yuzo-img\" style=\"background:url('https:\/\/redept.com.br\/blogosfera\/wp-content\/uploads\/2025\/04\/um-ano-da-tragedia-climatica-no-rio-grande-do-sul-150x150.jpg') 50% 50% no-repeat;width: 125px;height:90px;margin-bottom: 5px;background-size: cover; \"><\/div>\n\t\t\t\t\t\t\t\t\t  <\/div>\n\t\t\t\t\t\t\t\t\t  \n\t\t\t\t\t\t\t\t   <span class=\"yuzo__text--title\" style=\"font-size:13px;\">Um ano da trag\u00e9dia clim\u00e1tica no RS: ministro faz b...<\/span>\n\t\t\t\t\t\t\t  \n\t\t\t\t\t\t\t  \n\t\t\t\t\t\t\t  <\/a>\n\n\t\t\t\t\t\t  <\/div>\n\t\t\t\t\t\t  <div class=\"relatedthumb \" style=\"width:125px;float:left;overflow:hidden;\">  \n\t\t\t\t\t\t\t  \n\t\t\t\t\t\t\t  <a  href=\"https:\/\/redept.com.br\/blogosfera\/justica-devolve-comissao-da-mulher-e-sala-lilas-na-alerj-para-a-deputada-estadual-renata-souza\/\"  >\n\t\t\t\t\t\t\t\t\t  <div class=\"yuzo-img-wrap \" style=\"width: 125px;height:90px;\">\n\t\t\t\t\t\t\t\t\t\t\n\t\t\t\t\t\t\t\t\t\t<div class=\"yuzo-img\" style=\"background:url('https:\/\/redept.org\/blogosfera\/wp-content\/plugins\/yuzo-related-post\/assets\/images\/default.png') 50% 50% no-repeat;width: 125px;height:90px;margin-bottom: 5px;background-size: cover; \"><\/div>\n\t\t\t\t\t\t\t\t\t  <\/div>\n\t\t\t\t\t\t\t\t\t  \n\t\t\t\t\t\t\t\t   <span class=\"yuzo__text--title\" style=\"font-size:13px;\">Justi\u00e7a devolve Comiss\u00e3o da Mulher e Sala Lil\u00e1s na...<\/span>\n\t\t\t\t\t\t\t  \n\t\t\t\t\t\t\t  \n\t\t\t\t\t\t\t  <\/a>\n\n\t\t\t\t\t\t  <\/div>\n\t\t\t\t\t\t  <div class=\"relatedthumb \" style=\"width:125px;float:left;overflow:hidden;\">  \n\t\t\t\t\t\t\t  \n\t\t\t\t\t\t\t  <a  href=\"https:\/\/redept.com.br\/blogosfera\/caso-de-imigrantes-detidos-no-aeroporto-de-viracopos-expoe-desafios-de-quem-cruza-fronteiras-saindo-do-haiti\/\"  >\n\t\t\t\t\t\t\t\t\t  <div class=\"yuzo-img-wrap \" style=\"width: 125px;height:90px;\">\n\t\t\t\t\t\t\t\t\t\t\n\t\t\t\t\t\t\t\t\t\t<div class=\"yuzo-img\" style=\"background:url('https:\/\/redept.org\/blogosfera\/wp-content\/plugins\/yuzo-related-post\/assets\/images\/default.png') 50% 50% no-repeat;width: 125px;height:90px;margin-bottom: 5px;background-size: cover; \"><\/div>\n\t\t\t\t\t\t\t\t\t  <\/div>\n\t\t\t\t\t\t\t\t\t  \n\t\t\t\t\t\t\t\t   <span class=\"yuzo__text--title\" style=\"font-size:13px;\">Caso de imigrantes detidos no aeroporto de Viracop...<\/span>\n\t\t\t\t\t\t\t  \n\t\t\t\t\t\t\t  \n\t\t\t\t\t\t\t  <\/a>\n\n\t\t\t\t\t\t  <\/div>\n<\/div> <script>\n\t\t\t\t\t\t  jQuery(document).ready(function( $ ){\n\t\t\t\t\t\t\t\/\/jQuery('.yuzo_related_post').equalizer({ overflow : 'relatedthumb' });\n\t\t\t\t\t\t\tjQuery('.yuzo_related_post .yuzo_wraps').equalizer({ columns : '> div' });\n\t\t\t\t\t\t   })\n\t\t\t\t\t\t  <\/script> <!-- End Yuzo :) -->","protected":false},"excerpt":{"rendered":"<p>Obra n\u00e3o autorizada pelo Ibama mobiliza especuladores no Litoral Norte ga\u00facho<\/p>\n<p>O post <a href=\"https:\/\/www.brasildefato.com.br\/2025\/08\/05\/porto-meridional-e-o-morango-do-amor-dos-empreiteiros\/\">Porto Meridional \u00e9 o morango do amor dos empreiteiros<\/a> apareceu primeiro em <a href=\"https:\/\/www.brasildefato.com.br\/\">Brasil de Fato<\/a>.<\/p>\n","protected":false},"author":2,"featured_media":42675,"comment_status":"closed","ping_status":"closed","sticky":false,"template":"","format":"standard","meta":{"fifu_image_url":"","fifu_image_alt":"","footnotes":""},"categories":[684,153,19],"tags":[],"class_list":["post-42674","post","type-post","status-publish","format-standard","has-post-thumbnail","hentry","category-ibama","category-opiniao","category-rio-grande-do-sul"],"_links":{"self":[{"href":"https:\/\/redept.com.br\/blogosfera\/wp-json\/wp\/v2\/posts\/42674","targetHints":{"allow":["GET"]}}],"collection":[{"href":"https:\/\/redept.com.br\/blogosfera\/wp-json\/wp\/v2\/posts"}],"about":[{"href":"https:\/\/redept.com.br\/blogosfera\/wp-json\/wp\/v2\/types\/post"}],"author":[{"embeddable":true,"href":"https:\/\/redept.com.br\/blogosfera\/wp-json\/wp\/v2\/users\/2"}],"replies":[{"embeddable":true,"href":"https:\/\/redept.com.br\/blogosfera\/wp-json\/wp\/v2\/comments?post=42674"}],"version-history":[{"count":0,"href":"https:\/\/redept.com.br\/blogosfera\/wp-json\/wp\/v2\/posts\/42674\/revisions"}],"wp:featuredmedia":[{"embeddable":true,"href":"https:\/\/redept.com.br\/blogosfera\/wp-json\/wp\/v2\/media\/42675"}],"wp:attachment":[{"href":"https:\/\/redept.com.br\/blogosfera\/wp-json\/wp\/v2\/media?parent=42674"}],"wp:term":[{"taxonomy":"category","embeddable":true,"href":"https:\/\/redept.com.br\/blogosfera\/wp-json\/wp\/v2\/categories?post=42674"},{"taxonomy":"post_tag","embeddable":true,"href":"https:\/\/redept.com.br\/blogosfera\/wp-json\/wp\/v2\/tags?post=42674"}],"curies":[{"name":"wp","href":"https:\/\/api.w.org\/{rel}","templated":true}]}}