{"id":42688,"date":"2025-08-05T19:05:09","date_gmt":"2025-08-05T22:05:09","guid":{"rendered":"https:\/\/redept.org\/blogosfera\/partidos-progressistas-lancam-manifesto-em-defesa-da-patria-e-soberania\/"},"modified":"2025-08-05T19:05:09","modified_gmt":"2025-08-05T22:05:09","slug":"partidos-progressistas-lancam-manifesto-em-defesa-da-patria-e-soberania","status":"publish","type":"post","link":"https:\/\/redept.com.br\/blogosfera\/partidos-progressistas-lancam-manifesto-em-defesa-da-patria-e-soberania\/","title":{"rendered":"Partidos progressistas lan\u00e7am manifesto em defesa da p\u00e1tria e soberania"},"content":{"rendered":"<p><img fetchpriority=\"high\" width=\"1024\" height=\"627\"src=\"https:\/\/redept.org\/blogosfera\/wp-content\/uploads\/2025\/08\/Luciana-manifesto-partidos.jpg\" alt=\"\" decoding=\"async\" srcset=\"https:\/\/vermelho.org.br\/wp-content\/uploads\/2025\/08\/Luciana-manifesto-partidos-1024x627.jpg 1024w, https:\/\/vermelho.org.br\/wp-content\/uploads\/2025\/08\/Luciana-manifesto-partidos-300x184.jpg 300w, https:\/\/vermelho.org.br\/wp-content\/uploads\/2025\/08\/Luciana-manifesto-partidos-768x470.jpg 768w, https:\/\/redept.org\/blogosfera\/wp-content\/uploads\/2025\/08\/Luciana-manifesto-partidos.jpg 1161w\" sizes=\"(max-width: 1024px) 100vw, 1024px\"><\/p>\n<p>Os partidos progressistas com assento no Congresso (PCdoB, PSB, PT, PDT, PSOL, Rede e Verde) divulgaram nesta ter\u00e7a-feira (5), em Bras\u00edlia, o manifesto \u201cUnidade em Defesa do Brasil\u201d contra as san\u00e7\u00f5es comerciais impostas pelo presidente dos Estados Unidos, Donald Trump, para pressionar o Judici\u00e1rio brasileiro em prol da impunidade do ex-presidente Jair Bolsonaro.<\/p>\n<p>Os presidentes dos partidos e l\u00edderes no Congresso conversaram com jornalistas sobre o documento na sede do PDT.<\/p>\n<p>A ministra da Ci\u00eancia, Tecnologia e Inova\u00e7\u00e3o, Luciana Santos, que \u00e9 presidenta nacional do PCdoB, ressalta a converg\u00eancia entre as siglas sobre a necessidade de se posicionar num momento cr\u00edtico, pois julga que o Brasil est\u00e1 sob ataque.<\/p>\n<p>\u201cNunca antes nesse pa\u00eds foi t\u00e3o necess\u00e1rio defender o interesse nacional, defender o pa\u00eds com soberania e com altivez para que o interesse do povo brasileiro prevale\u00e7a\u201d, disse Luciana.<\/p>\n<p>Leia mais: PCdoB: \u2018\u00c9 o momento do Brasil afirmar sua soberania contra o imperialismo\u2019<\/p>\n<p>Ela considera a a\u00e7\u00e3o de Trump uma inger\u00eancia sobre os assuntos internos do pa\u00eds, o que \u00e9 \u00a0inaceit\u00e1vel e inegoci\u00e1vel.<\/p>\n<p>\u201cAli\u00e1s, o cl\u00e3 Bolsonaro, liderado pelo ex-presidente da Rep\u00fablica, tentou um golpe no 8 de janeiro e ainda fez com evid\u00eancias de um planejamento para assassinar o presidente da Rep\u00fablica, Luiz In\u00e1cio Lula da Silva, o vice-presidente Geraldo Alckmin e at\u00e9 o presidente do TSE [Alexandre de Moraes, na \u00e9poca]. Ent\u00e3o, n\u00e3o se pode negociar algo que \u00e9 patrim\u00f4nio do povo brasileiro, que \u00e9 a nossa soberania. E por isso mesmo n\u00f3s estamos aqui reunidos para defender a paz\u201d, diz a presidenta do PCdoB.<\/p>\n<p>\u201c\u00c9 uma carta muito firme na defesa da soberania, na defesa da p\u00e1tria, na defesa da nossa economia e do respeito \u00e0 Constitui\u00e7\u00e3o brasileira. A Constitui\u00e7\u00e3o \u00e9 muito clara na autonomia e na independ\u00eancia dos poderes. N\u00e3o \u00e9 o poder Executivo nem o Legislativo que determina o que o poder Judici\u00e1rio faz. Todos sabemos bem disso e \u00e9 evidente que uma na\u00e7\u00e3o como os Estados Unidos tamb\u00e9m sabe, porque seguramente eles conhecem a Constitui\u00e7\u00e3o brasileira. O que nos une \u00e9 a postura firme na defesa da nossa economia, da soberania brasileira e da p\u00e1tria\u201d, avalia o l\u00edder do PCdoB na C\u00e2mara, Renildo Calheiros (PE).<\/p>\n<p>Para o presidente nacional do PT, Edinho Silva, \u00e9 fundamental que a sociedade n\u00e3o se esque\u00e7a os motivos pelos quais Bolsonaro e outros est\u00e3o sendo investigados. \u201cEles est\u00e3o sendo investigados porque tentaram um golpe. E esse golpe pressup\u00f5e o assassinato do presidente da Rep\u00fablica, do vice-presidente e do ministro do TSE\u201d, afirma.<\/p>\n<p>O presidente nacional do PSB e prefeito de Recife (PE), Jo\u00e3o Campos, disse que os partidos est\u00e3o juntos na s\u00f3 na defesa da soberania, mas nas agendas importantes para o pa\u00eds como a isen\u00e7\u00e3o do Imposto de Renda para quem ganha at\u00e9 R$ 5 mil, a garantia de uma pol\u00edtica tribut\u00e1ria justa e a defesa do PIX como patrim\u00f4nio do povo brasileiro.<\/p>\n<p>\u201cEnt\u00e3o \u00e9 preciso ter muita coer\u00eancia para fazer essa defesa de forma afirmativa, porque o ato patri\u00f3tico de defender o pa\u00eds \u00e9 defender uma democracia s\u00f3lida, que \u00e9 o direito das pessoas, as conquistas e o patrim\u00f4nio do nosso pa\u00eds\u201d, disse o prefeito.<\/p>\n<p><strong>Confira a \u00edntegra do manifesto: <\/strong><\/p>\n<p><strong><em>Unidade em Defesa do Brasil<\/em><\/strong><\/p>\n<p><em>Defender a nossa p\u00e1tria e sua soberania \u00e9 condi\u00e7\u00e3o de ser brasileiro. Independente de cores partid\u00e1rias ou de prefer\u00eancias pol\u00edticas, na condi\u00e7\u00e3o de partidos aqui reunidos, estamos certos de que a bandeira do nosso pa\u00eds \u00e9 aquela que melhor nos representa contra qualquer tentativa de imposi\u00e7\u00e3o ou de amea\u00e7a.<\/em><\/p>\n<p><em>Mais at\u00e9 do que um Brasil dos brasileiros, somos reconhecidos como uma na\u00e7\u00e3o aberta ao multilateralismo e ao di\u00e1logo com o mundo. \u00c9 por isso que o nosso pa\u00eds se tornou uma refer\u00eancia no di\u00e1logo internacional, voltando a ser ouvido. Respeitamos a todos e, por isso, passamos a ser ainda mais respeitados.<\/em><\/p>\n<p><em>A taxa\u00e7\u00e3o imposta pelo presidente dos Estados Unidos, Donald Trump, deixa claro que o seu apoio pol\u00edtico \u00e0 impunidade do ex-presidente Jair Bolsonaro e dos demais traidores da p\u00e1tria se sobrep\u00f4s \u00e0 rela\u00e7\u00e3o que os dois pa\u00edses cultivaram por mais de 200 anos. A decis\u00e3o, mesmo com a balan\u00e7a comercial favor\u00e1vel \u00e0 economia norte-americana, mostrou-se arbitr\u00e1ria por querer colocar em xeque a independ\u00eancia da justi\u00e7a brasileira e cercear novos m\u00e9todos de pagamentos que atendem a popula\u00e7\u00e3o, como \u00e9 o caso do PIX. Soma-se a isso o claro interesse econ\u00f4mico por parte de setores ligados \u00e0s big techs e \u00e0 explora\u00e7\u00e3o de recursos estrat\u00e9gicos, como as terras raras brasileiras, fundamentais para as cadeias produtivas globais.<\/em><\/p>\n<p><em>Ao tentar punir o Brasil por suas escolhas internas, o presidente Donald Trump busca impedir que o Brasil exer\u00e7a plenamente sua soberania sobre nossas riquezas e interferir em nossa liberdade de estabelecer rela\u00e7\u00f5es diplom\u00e1ticas com outras pot\u00eancias emergentes. Como na\u00e7\u00e3o, sabemos defender aquilo que \u00e9 inegoci\u00e1vel. N\u00e3o podemos deixar que outro pa\u00eds queira intervir no modo como a Justi\u00e7a brasileira se posiciona.<\/em><\/p>\n<p><em>A impunidade n\u00e3o deve, nem vai, prevalecer para quem atenta contra a democracia ou contra a soberania brasileira, independente do sobrenome ou do posto j\u00e1 ocupado. \u00c9 uma quest\u00e3o de justi\u00e7a. Jair Bolsonaro traiu a p\u00e1tria ao tentar submeter os interesses nacionais a pot\u00eancias estrangeiras, enfraquecer institui\u00e7\u00f5es, coagir o Poder Judici\u00e1rio e buscar apoio externo para escapar das consequ\u00eancias legais de seus atos. Foi essa combina\u00e7\u00e3o de trai\u00e7\u00e3o, press\u00e3o indevida sobre o sistema de justi\u00e7a e tentativas de negociar os interesses do povo brasileiro em benef\u00edcio pr\u00f3prio que fundamentou as medidas cautelares e, posteriormente, a decreta\u00e7\u00e3o de sua pris\u00e3o domiciliar.<\/em><\/p>\n<p><em>O julgamento de Jair Bolsonaro deve seguir com responsabilidade, transpar\u00eancia e o devido respeito ao Estado de Direito, at\u00e9 que todos os envolvidos na tentativa de golpe contra a ordem democr\u00e1tica e na trama criminosa para assassinar o presidente Luiz In\u00e1cio Lula da Silva, o vice-presidente Geraldo Alckmin e o ent\u00e3o presidente do Tribunal Superior Eleitoral, Alexandre de Moraes, sejam devidamente responsabilizados. A democracia brasileira n\u00e3o ser\u00e1 ref\u00e9m do medo, da viol\u00eancia pol\u00edtica ou da chantagem institucional. O pa\u00eds exige justi\u00e7a plena \u2014 n\u00e3o por vingan\u00e7a, mas para garantir que ataques t\u00e3o graves jamais voltem a amea\u00e7ar o pacto constitucional firmado pelo povo brasileiro.<\/em><\/p>\n<p><em>Nas rela\u00e7\u00f5es internacionais, a porta para o di\u00e1logo est\u00e1 e deve permanecer aberta. Se temos mais de 700 itens de exporta\u00e7\u00e3o fora da pauta de taxa\u00e7\u00e3o \u00e9 porque o Governo do Brasil, sob a lideran\u00e7a do presidente Lula e do vice-presidente Geraldo Alckmin, avan\u00e7ou com negocia\u00e7\u00f5es diretas entre os setores produtivos dos dois pa\u00edses e com o governo norte-americano.<\/em><\/p>\n<p><em>Temos certeza de que o Brasil vai seguir no caminho do di\u00e1logo, da diplomacia e do desenvolvimento econ\u00f4mico e social, como deseja a imensa maioria da popula\u00e7\u00e3o, buscando novos mercados e oportunidades mundo afora. N\u00e3o iremos permitir que essas interfer\u00eancias externas nos desviem do foco de promover justi\u00e7a tribut\u00e1ria e seguir enfrentando as desigualdades brasileiras \u2014 esse \u00e9 um compromisso inegoci\u00e1vel com o povo. N\u00e3o come\u00e7amos esta disputa e somos os maiores interessados em encerr\u00e1-la de forma justa, mas vamos continuar firmes na defesa dos interesses do povo brasileiro, da nossa p\u00e1tria e da nossa soberania. Com di\u00e1logo, com prote\u00e7\u00e3o aos brasileiros prejudicados e com a coragem de fazer sempre o que \u00e9 certo.<\/em><\/p>\n<p><em>Viva o povo brasileiro.<\/em><\/p>\n<p><em>Luciana Santos, presidente nacional do PCdoB<br \/>Jo\u00e3o Campos, presidente nacional do PSB<br \/>Edinho Silva, Presidente nacional do PT<br \/>Carlos Lupi, presidente nacional do PDT<br \/>Paula Coradi, presidente nacional do PSOL<br \/>Jos\u00e9 Luiz Penna, presidente nacional do Partido Verde<br \/>Randolfe Rodrigues, l\u00edder do Governo no Congresso Nacional<br \/>Lindberg Farias, l\u00edder do PT na C\u00e2mara Federal<br \/>Alencar Santana, 1\u00b0 vice-l\u00edder do Governo na C\u00e2mara Federal<br \/>Renildo Calheiros, l\u00edder do PCdoB na C\u00e2mara Federal<br \/>M\u00e1rio Heringer, l\u00edder do PDT na C\u00e2mara Federal<br \/>Andr\u00e9 Figueiredo, deputado federal pelo PDT<br \/>Leila Barros, senadora pelo PDT<br \/>Cid Gomes, senador pelo PSB<br \/>Pedro Campos, l\u00edder do PSB na C\u00e2mara Federal<br \/>Tarc\u00edsio do PSol\/RJ (C\u00e2mara Federal)<br \/>Paulo Lamac, porta-voz nacional da Rede Sustentabilidade<br \/>T\u00falio Gad\u00ealha, deputado federal pela Rede Sustentabilidade<\/em><\/p>\n<\/p>\n<p>O post Partidos progressistas lan\u00e7am manifesto em defesa da p\u00e1tria e soberania apareceu primeiro em Vermelho.<\/p>\n<!-- Begin Yuzo --><div class='yuzo_related_post style-1'  data-version='5.12.89'><!-- without result --><div class='yuzo_clearfixed yuzo__title yuzo__title'><h3>Related Post<\/h3><\/div>\n\t\t\t\t\t\t  <div class=\"relatedthumb \" style=\"width:125px;float:left;overflow:hidden;\">  \n\t\t\t\t\t\t\t  \n\t\t\t\t\t\t\t  <a  href=\"https:\/\/redept.com.br\/blogosfera\/arte-diversidade-e-pre-carnaval-marcam-o-ultimo-final-de-semana-de-janeiro-e-inicio-do-mes-do-carnaval\/\"  >\n\t\t\t\t\t\t\t\t\t  <div class=\"yuzo-img-wrap \" style=\"width: 125px;height:90px;\">\n\t\t\t\t\t\t\t\t\t\t\n\t\t\t\t\t\t\t\t\t\t<div class=\"yuzo-img\" style=\"background:url('https:\/\/redept.org\/blogosfera\/wp-content\/plugins\/yuzo-related-post\/assets\/images\/default.png') 50% 50% no-repeat;width: 125px;height:90px;margin-bottom: 5px;background-size: cover; \"><\/div>\n\t\t\t\t\t\t\t\t\t  <\/div>\n\t\t\t\t\t\t\t\t\t  \n\t\t\t\t\t\t\t\t   <span class=\"yuzo__text--title\" style=\"font-size:13px;\">Arte, diversidade e pr\u00e9-carnaval marcam o \u00faltimo f...<\/span>\n\t\t\t\t\t\t\t  \n\t\t\t\t\t\t\t  \n\t\t\t\t\t\t\t  <\/a>\n\n\t\t\t\t\t\t  <\/div>\n\t\t\t\t\t\t  <div class=\"relatedthumb \" style=\"width:125px;float:left;overflow:hidden;\">  \n\t\t\t\t\t\t\t  \n\t\t\t\t\t\t\t  <a  href=\"https:\/\/redept.com.br\/blogosfera\/israel-usou-arma-que-fez-evaporar-quase-tres-mil-palestinos-em-gaza-aponta-investigacao-da-al-jazeera-2\/\"  >\n\t\t\t\t\t\t\t\t\t  <div class=\"yuzo-img-wrap \" style=\"width: 125px;height:90px;\">\n\t\t\t\t\t\t\t\t\t\t\n\t\t\t\t\t\t\t\t\t\t<div class=\"yuzo-img\" style=\"background:url('https:\/\/redept.org\/blogosfera\/wp-content\/plugins\/yuzo-related-post\/assets\/images\/default.png') 50% 50% no-repeat;width: 125px;height:90px;margin-bottom: 5px;background-size: cover; \"><\/div>\n\t\t\t\t\t\t\t\t\t  <\/div>\n\t\t\t\t\t\t\t\t\t  \n\t\t\t\t\t\t\t\t   <span class=\"yuzo__text--title\" style=\"font-size:13px;\">Israel usou arma que fez \u2018evaporar\u2019 quase tr\u00eas mil...<\/span>\n\t\t\t\t\t\t\t  \n\t\t\t\t\t\t\t  \n\t\t\t\t\t\t\t  <\/a>\n\n\t\t\t\t\t\t  <\/div>\n\t\t\t\t\t\t  <div class=\"relatedthumb \" style=\"width:125px;float:left;overflow:hidden;\">  \n\t\t\t\t\t\t\t  \n\t\t\t\t\t\t\t  <a  href=\"https:\/\/redept.com.br\/blogosfera\/tem-inicio-o-15o-acampamento-estadual-das-mulheres-do-campo-e-da-cidade-na-bahia\/\"  >\n\t\t\t\t\t\t\t\t\t  <div class=\"yuzo-img-wrap \" style=\"width: 125px;height:90px;\">\n\t\t\t\t\t\t\t\t\t\t\n\t\t\t\t\t\t\t\t\t\t<div class=\"yuzo-img\" style=\"background:url('https:\/\/redept.com.br\/blogosfera\/wp-content\/uploads\/2026\/03\/ACAMPAMENTO-DAS-MULHERES-BA-1-150x150.jpg') 50% 50% no-repeat;width: 125px;height:90px;margin-bottom: 5px;background-size: cover; \"><\/div>\n\t\t\t\t\t\t\t\t\t  <\/div>\n\t\t\t\t\t\t\t\t\t  \n\t\t\t\t\t\t\t\t   <span class=\"yuzo__text--title\" style=\"font-size:13px;\">Tem in\u00edcio o 15\u00ba Acampamento Estadual das Mulheres...<\/span>\n\t\t\t\t\t\t\t  \n\t\t\t\t\t\t\t  \n\t\t\t\t\t\t\t  <\/a>\n\n\t\t\t\t\t\t  <\/div>\n\t\t\t\t\t\t  <div class=\"relatedthumb \" style=\"width:125px;float:left;overflow:hidden;\">  \n\t\t\t\t\t\t\t  \n\t\t\t\t\t\t\t  <a  href=\"https:\/\/redept.com.br\/blogosfera\/trump-cancela-envio-de-negociadores-ao-paquistao-apos-chanceler-iraniano-deixar-o-pais\/\"  >\n\t\t\t\t\t\t\t\t\t  <div class=\"yuzo-img-wrap \" style=\"width: 125px;height:90px;\">\n\t\t\t\t\t\t\t\t\t\t\n\t\t\t\t\t\t\t\t\t\t<div class=\"yuzo-img\" style=\"background:url('https:\/\/redept.org\/blogosfera\/wp-content\/plugins\/yuzo-related-post\/assets\/images\/default.png') 50% 50% no-repeat;width: 125px;height:90px;margin-bottom: 5px;background-size: cover; \"><\/div>\n\t\t\t\t\t\t\t\t\t  <\/div>\n\t\t\t\t\t\t\t\t\t  \n\t\t\t\t\t\t\t\t   <span class=\"yuzo__text--title\" style=\"font-size:13px;\">Trump cancela envio de negociadores ao Paquist\u00e3o a...<\/span>\n\t\t\t\t\t\t\t  \n\t\t\t\t\t\t\t  \n\t\t\t\t\t\t\t  <\/a>\n\n\t\t\t\t\t\t  <\/div>\n<\/div> <script>\n\t\t\t\t\t\t  jQuery(document).ready(function( $ ){\n\t\t\t\t\t\t\t\/\/jQuery('.yuzo_related_post').equalizer({ overflow : 'relatedthumb' });\n\t\t\t\t\t\t\tjQuery('.yuzo_related_post .yuzo_wraps').equalizer({ columns : '> div' });\n\t\t\t\t\t\t   })\n\t\t\t\t\t\t  <\/script> <!-- End Yuzo :) -->","protected":false},"excerpt":{"rendered":"<p><img decoding=\"async\" width=\"1024\" height=\"627\" src=\"https:\/\/vermelho.org.br\/wp-content\/uploads\/2025\/08\/Luciana-manifesto-partidos-1024x627.jpg\" alt=\"\"><\/p>\n<p>PCdoB, PSB, PT, PDT, PSOL, Rede e Verde se posicionam contra as san\u00e7\u00f5es comerciais impostas por Donald Trump para pressionar o Judici\u00e1rio brasileiro em prol da impunidade de Bolsonaro<\/p>\n<p>O post <a href=\"https:\/\/vermelho.org.br\/2025\/08\/05\/partidos-progressistas-lancam-manifesto-em-defesa-da-patria-e-soberania\/\">Partidos progressistas lan\u00e7am manifesto em defesa da p\u00e1tria e soberania<\/a> apareceu primeiro em <a href=\"https:\/\/vermelho.org.br\/\">Vermelho<\/a>.<\/p>\n","protected":false},"author":2,"featured_media":42689,"comment_status":"open","ping_status":"closed","sticky":false,"template":"","format":"standard","meta":{"fifu_image_url":"","fifu_image_alt":"","footnotes":""},"categories":[1252,799,12281,132,1048],"tags":[],"class_list":["post-42688","post","type-post","status-publish","format-standard","has-post-thumbnail","hentry","category-luciana-santos","category-manifesto","category-partidos-progressistas","category-politica","category-soberania"],"_links":{"self":[{"href":"https:\/\/redept.com.br\/blogosfera\/wp-json\/wp\/v2\/posts\/42688","targetHints":{"allow":["GET"]}}],"collection":[{"href":"https:\/\/redept.com.br\/blogosfera\/wp-json\/wp\/v2\/posts"}],"about":[{"href":"https:\/\/redept.com.br\/blogosfera\/wp-json\/wp\/v2\/types\/post"}],"author":[{"embeddable":true,"href":"https:\/\/redept.com.br\/blogosfera\/wp-json\/wp\/v2\/users\/2"}],"replies":[{"embeddable":true,"href":"https:\/\/redept.com.br\/blogosfera\/wp-json\/wp\/v2\/comments?post=42688"}],"version-history":[{"count":0,"href":"https:\/\/redept.com.br\/blogosfera\/wp-json\/wp\/v2\/posts\/42688\/revisions"}],"wp:featuredmedia":[{"embeddable":true,"href":"https:\/\/redept.com.br\/blogosfera\/wp-json\/wp\/v2\/media\/42689"}],"wp:attachment":[{"href":"https:\/\/redept.com.br\/blogosfera\/wp-json\/wp\/v2\/media?parent=42688"}],"wp:term":[{"taxonomy":"category","embeddable":true,"href":"https:\/\/redept.com.br\/blogosfera\/wp-json\/wp\/v2\/categories?post=42688"},{"taxonomy":"post_tag","embeddable":true,"href":"https:\/\/redept.com.br\/blogosfera\/wp-json\/wp\/v2\/tags?post=42688"}],"curies":[{"name":"wp","href":"https:\/\/api.w.org\/{rel}","templated":true}]}}