{"id":42737,"date":"2025-08-05T19:31:57","date_gmt":"2025-08-05T22:31:57","guid":{"rendered":"https:\/\/redept.org\/blogosfera\/bradesco-patas-no-brasil-focinho-nos-eua\/"},"modified":"2025-08-05T19:31:57","modified_gmt":"2025-08-05T22:31:57","slug":"bradesco-patas-no-brasil-focinho-nos-eua","status":"publish","type":"post","link":"https:\/\/redept.com.br\/blogosfera\/bradesco-patas-no-brasil-focinho-nos-eua\/","title":{"rendered":"Bradesco: patas no Brasil, focinho nos EUA"},"content":{"rendered":"<figure><img loading=\"lazy\" loading=\"lazy\" decoding=\"async\" width=\"700\" height=\"467\"src=\"https:\/\/redept.org\/blogosfera\/wp-content\/uploads\/2025\/08\/Screenshot-2025-08-05-at-19-31-18-36ef649a262b2631bc4d0252602bacf7avif-imagem-AVIF-700-467-pixels.png\" alt=\"\" srcset=\"https:\/\/redept.org\/blogosfera\/wp-content\/uploads\/2025\/08\/Screenshot-2025-08-05-at-19-31-18-36ef649a262b2631bc4d0252602bacf7avif-imagem-AVIF-700-467-pixels.png 700w, https:\/\/outraspalavras.net\/wp-content\/uploads\/2025\/08\/Screenshot-2025-08-05-at-19-31-18-36ef649a262b2631bc4d0252602bacf7.avif-imagem-AVIF-700-\u00d7-467-pixels-300x200.png 300w, https:\/\/outraspalavras.net\/wp-content\/uploads\/2025\/08\/Screenshot-2025-08-05-at-19-31-18-36ef649a262b2631bc4d0252602bacf7.avif-imagem-AVIF-700-\u00d7-467-pixels-272x182.png 272w\" sizes=\"auto, (max-width: 700px) 100vw, 700px\"><figcaption>Arte: Gabriel Lucas\/Metr\u00f3poles <\/figcaption><\/figure>\n<div>\n<div>\n<div>\n<div>\n<div>\n<div>\n<div>\n<h4>Boletim Outras Palavras<\/h4>\n<p>Receba por email, diariamente, todas as publica\u00e7\u00f5es do site<\/p>\n<\/p><\/div>\n<div>\n<div>\n<div>\n<div>\n<div><\/div>\n<\/p><\/div>\n<\/p><\/div>\n<div>\n                <button type=\"submit\">Assinar<\/button><br \/>\n                <button disabled type=\"button\"> <\/p>\n<div><\/div>\n<p> <span>Loading&#8230;<\/span> <\/button>\n              <\/div>\n<\/p><\/div>\n<\/p><\/div>\n<div>\n            <button type=\"submit\">Assinar<\/button><br \/>\n            <button disabled type=\"button\"> <\/p>\n<div><\/div>\n<p> <span>Loading&#8230;<\/span> <\/button>\n          <\/div>\n<\/p><\/div>\n<div>\n<div>\n<h4>Agradecemos!<\/h4>\n<p>Voc\u00ea j\u00e1 est\u00e1 inscrito e come\u00e7ar\u00e1 a receber os boletins em breve. Boa leitura!<\/p>\n<\/p><\/div>\n<\/p><\/div>\n<\/p><\/div>\n<\/p><\/div>\n<\/div>\n<\/div>\n<\/div>\n<p>Em plena Segunda Guerra Mundial, tem in\u00edcio a hist\u00f3ria daquele que viria a se constituir em um dos poucos integrantes do reduzido grupo que comp\u00f5e o oligop\u00f3lio da banca privada em nosso pa\u00eds. Em 1943, na cidade de Mar\u00edlia, no interior do Estado de S\u00e3o Paulo, era fundado o Banco Brasileiro de Descontos \u2014 o Bradesco. Na verdade, ele come\u00e7a como um banco de dimens\u00f5es bastante reduzidas, mas depois acompanha o crescimento e a expans\u00e3o do desenvolvimento do capitalismo ao longo das oito d\u00e9cadas que se seguiram.<\/p>\n<p>No entanto, n\u00e3o \u00e9 por mero acaso que a empresa mant\u00e9m em seu nome o adjetivo de sua nacionalidade inicial: brasileiro. Essa caracter\u00edstica parece ter acompanhado a evolu\u00e7\u00e3o do sistema banc\u00e1rio em nosso Pa\u00eds. Sua composi\u00e7\u00e3o inclu\u00eda um robusto grupo de bancos estatais. De um lado, havia um conjunto amplo de institui\u00e7\u00f5es financeiras pertencentes aos governos estaduais. De outro lado, sempre estiveram os bancos p\u00fablicos federais. Mas os bancos privados eram, em sua grande maioria, empresas brasileiras, geralmente originadas de patrim\u00f4nio de fam\u00edlias com sobrenome importante. Os Set\u00fabal, os Moreira Salles, os Magalh\u00e3es Pinto, os Safra, dentre tantos.<\/p>\n<p>O advento do neoliberalismo e sua tend\u00eancia a estimular a internacionaliza\u00e7\u00e3o e a liberaliza\u00e7\u00e3o econ\u00f4micas permitiu a entrada em cena de grupos estrangeiros. Em sua maioria, permaneceram como bancos de grandes neg\u00f3cios e n\u00e3o adotaram a estrat\u00e9gia de disputar o varejo com os brasileiros. A exce\u00e7\u00e3o ficou por conta do espanhol Santander, que apostou na privatiza\u00e7\u00e3o que ocorreu com os bancos estaduais ao longo da d\u00e9cada de 1990. Assim, os grandes conglomerados banc\u00e1rios operando em nossas terras permaneceram sendo \u201cbrasileiros\u201d.<\/p>\n<div>\n<div><img loading=\"lazy\" loading=\"lazy\" decoding=\"async\"src=\"https:\/\/redept.org\/blogosfera\/wp-content\/uploads\/2025\/08\/MATERIA-4-1.png\" alt=\"\" srcset=\"https:\/\/redept.org\/blogosfera\/wp-content\/uploads\/2025\/08\/MATERIA-4-1.png 681w, https:\/\/outraspalavras.net\/wp-content\/uploads\/2023\/03\/MATERIA-4-300x75.png 300w\" sizes=\"auto, (max-width: 681px) 100vw, 681px\" width=\"681\" height=\"171\"><\/div>\n<\/div>\n<h3><strong>Financismo subserviente<\/strong><\/h3>\n<p>Apesar de tal fen\u00f4meno, o fato concreto \u00e9 que o processo de globaliza\u00e7\u00e3o pode n\u00e3o ter propiciado a transfer\u00eancia da propriedade do capital dos grupos para o exterior, mas a influ\u00eancia da l\u00f3gica do financismo mundializado seguiu sendo a regra b\u00e1sica de conduta dos bancos brasileiros. Aproveitando-se das particularidades do capitalismo financeirizado em nosso pa\u00eds, os dirigentes de nossas institui\u00e7\u00f5es financeiras mantiveram o dom\u00ednio quase absoluto sobre as suas influ\u00eancias neste mercado seleto. A estrat\u00e9gia implicava em manter o controle sobre o seu espa\u00e7o de atua\u00e7\u00e3o em territ\u00f3rio nacional, ao mesmo tempo em que se inspirava nos modelos das transnacionais para alavancar o seu patrim\u00f4nio.<\/p>\n<p>A tend\u00eancia \u00e0 internacionaliza\u00e7\u00e3o das atividades econ\u00f4micas em seu sentido mais amplo, bem como est\u00edmulo \u00e0 liberaliza\u00e7\u00e3o das opera\u00e7\u00f5es banc\u00e1rias e financeiras de forma generalizada, obrigou os grupos nacionais a se adaptarem ao ritmo global. Assim, abriram ag\u00eancias no exterior, participaram de forma crescente nas opera\u00e7\u00f5es de apoio \u00e0 exporta\u00e7\u00e3o e importa\u00e7\u00e3o, ofereceram alternativas de investimento no exterior a clientes brasileiros, dentre tantas iniciativas para fora de nosso pa\u00eds. Mas ainda assim, preservaram sua natureza de bancos cuja estrutura de poder e de capital se mantinham brasileiras.<\/p>\n<p>Ocorre que, em muitas situa\u00e7\u00f5es, os momentos de crise exigem a tomada de posi\u00e7\u00e3o de forma mais clara e de maneira urgente. Ao que tudo indica, foi isso que aconteceu na sequ\u00eancia da imposi\u00e7\u00e3o por Donald Trump de san\u00e7\u00f5es com base na Lei Magnitsky. A decis\u00e3o do presidente estadunidense de retaliar o Brasil por meio da aplica\u00e7\u00e3o dos dispositivos daquela pe\u00e7a legal, cuja validade se restringe ao \u00e2mbito daquele pa\u00eds, ao ministro do Supremo Tribunal Federal (STF) Alexandre de Moraes, aprofundou o desgaste diplom\u00e1tico iniciado com a imposi\u00e7\u00e3o das tarifas desmedidas contra as importa\u00e7\u00f5es oriundas o Brasil.<\/p>\n<h3><strong>Bradesco \u00e9 brasileiro ou estadunidense?<\/strong><\/h3>\n<p>Exatamente por esta raz\u00e3o, saltam aos olhos as declara\u00e7\u00f5es do dirigente maior do Bradesco, Marcelo Noronha. No dia seguinte ao an\u00fancio de Trump de que iria utilizar os dispositivos da lei contra o integrante da mais alta corte de nosso sistema judici\u00e1rio, o CEO (<em>Chief Executive Officer \u2014\u00a0<\/em>o nosso popular Diretor Executivo) do Bradesco saiu-se com a conhecida racionalidade submissa do complexo de vira-lata que sempre acompanhou o comportamento de nossas elites na sua rela\u00e7\u00e3o com o chamado \u201cirm\u00e3o do norte\u201d. Em entrevista coletiva \u00e0 imprensa, o banqueiro saiu-se com a seguinte afirma\u00e7\u00e3o:<\/p>\n<p>(\u2026) \u201cN\u00e3o discutimos a lei, n\u00f3s cumprimos a lei\u201d (\u2026)<\/p>\n<p>Ora, essa declara\u00e7\u00e3o mais do que batida vale para qualquer tipo de quest\u00e3o envolvendo a rea\u00e7\u00e3o de cidad\u00e3os e empresas relativamente a determina\u00e7\u00f5es judiciais ou obedi\u00eancia aos preceitos legais. Ocorre que Noronha se referia aqui a uma lei v\u00e1lida no territ\u00f3rio dos Estados Unidos. Assim, na condi\u00e7\u00e3o de dirigente m\u00e1ximo de uma das maiores empresas brasileiras, ele deveria bem saber que o primeiro passo \u00e9 estabelecer o respeito \u00e0 Constitui\u00e7\u00e3o de nosso pa\u00eds. Mas ele prefere olhar para o hemisf\u00e9rio setentrional e bater contin\u00eancia \u00e0s determina\u00e7\u00f5es dos dirigentes de outra na\u00e7\u00e3o.<\/p>\n<p>Ao priorizar a obedi\u00eancia \u00e0 Lei Magnitsky como elemento b\u00e1sico de defini\u00e7\u00e3o do comportamento do Bradesco no <em>imbroglio<\/em> jur\u00eddico em que Trump amea\u00e7a nos envolver como na\u00e7\u00e3o, Noronha fez a op\u00e7\u00e3o pela l\u00f3gica e pelos interesses estadunidenses. Um absurdo! Nessa toada, ele faz coro com os \u201cpatriotas\u201d que desfilam pela Avenida Paulista, pela praia de Copacabana ou pela Esplanada dos Minist\u00e9rios ostentando a bandeira dos Estados Unidos. Dessa forma, Noronha se perfila ao lado daqueles que d\u00e3o todo o apoio ao ocupante da Casa Branca em seus v\u00e1rios atentados contra a nossa soberania nacional, concordando com a estrat\u00e9gia de Trump de pressionar Alexandre Moares e outros integrantes do STF. Na verdade, trata-se de um bando de traidores que est\u00e3o cometendo, eles, sim, crime de lesa-p\u00e1tria.<\/p>\n<div>\n<div><img loading=\"lazy\" loading=\"lazy\" decoding=\"async\"src=\"https:\/\/redept.org\/blogosfera\/wp-content\/uploads\/2025\/08\/circuito3anos-banner_outraspalavras.jpg\" alt=\"\" srcset=\"https:\/\/redept.org\/blogosfera\/wp-content\/uploads\/2025\/08\/circuito3anos-banner_outraspalavras.jpg 729w, https:\/\/outraspalavras.net\/wp-content\/uploads\/2022\/06\/circuito3anos-banner_outraspalavras-300x37.jpg 300w\" sizes=\"auto, (max-width: 729px) 100vw, 729px\" width=\"729\" height=\"90\"><\/div>\n<\/div>\n<p>Noronha n\u00e3o \u00e9 novato no ramo e muito menos no Bradesco. Ele fez toda a sua carreira profissional no interior do grupo, tendo ocupado por ali diversos postos de comando estrat\u00e9gico por mais de vinte anos. Assim, o que se pode depreender de tal declara\u00e7\u00e3o \u00e9 que se trata de um recado expl\u00edcito ao ambiente em que se v\u00ea envolvido. Ele considera mais relevante afirmar sua preocupa\u00e7\u00e3o em obedecer a Trump do que \u00e0s determina\u00e7\u00f5es constitucionais do pa\u00eds do qual \u00e9 cidad\u00e3o e de onde se origina o grupo que ele preside atualmente.<\/p>\n<h3><strong>Bradesco: trai\u00e7\u00e3o pode levar \u00e0 interven\u00e7\u00e3o<\/strong><\/h3>\n<p>Por mais irracional que isso possa parecer, Noronha se sente incomodado em se declarar e agir como brasileiro. Assim como os bolsominions e seus dirigentes, tudo indica que o seu compromisso primeiro seja com as determina\u00e7\u00f5es emanadas dos Estados Unidos. Mas Noronha n\u00e3o pode se esquecer de que o Bradesco \u00e9 brasileiro e a legisla\u00e7\u00e3o por aqui determina que a atividade dos bancos privados \u00e9 um servi\u00e7o p\u00fablico de titularidade da Uni\u00e3o, que os mesmos dependem de concess\u00e3o do setor p\u00fablico para operarem.<\/p>\n<p>Esse \u00e9 o entendimento de diversos juristas, tal como o advogado Pedro Serrano. Para ele, as determina\u00e7\u00f5es legais s\u00e3o bastante claras a esse respeito:<\/p>\n<p>(\u2026) \u201cSe o Bradesco mantiver, como decis\u00e3o, a declara\u00e7\u00e3o de seu Presidente, que <strong>ir\u00e1 cumprir a san\u00e7\u00e3o de Trump contra o Ministro Alexandre<\/strong>, por conta de \u2018cumprir a lei\u2019, em verdade estar\u00e1 desobedecendo a Constitui\u00e7\u00e3o e as lei brasileiras, <strong>devendo sofrer interven\u00e7\u00e3o do governo federal<\/strong>\u201d (\u2026) [GN]<\/p>\n<p>Aguardemos, pois, a evolu\u00e7\u00e3o dos acontecimentos. Caso Noronha insista em aplicar na gest\u00e3o do banco que preside a vis\u00e3o traidora que vem apresentando at\u00e9 o momento, caber\u00e1 \u00e0s institui\u00e7\u00f5es pol\u00edticas e jur\u00eddicas do pa\u00eds tomarem as medidas para fazer valer a condi\u00e7\u00e3o do Bradesco como um banco brasileiro.<\/p>\n<div>\n<div>\n<p><span><em>Outras Palavras \u00e9 feito por muitas m\u00e3os. Se voc\u00ea valoriza nossa produ\u00e7\u00e3o, seja nosso apoiador e fortale\u00e7a o jornalismo cr\u00edtico: <strong>apoia.se\/outraspalavras<\/strong><\/em><\/span><\/p>\n<\/div>\n<\/div>\n<p>The post Bradesco: patas no Brasil, focinho nos EUA appeared first on Outras Palavras.<\/p>\n<!-- Begin Yuzo --><div class='yuzo_related_post style-1'  data-version='5.12.89'><!-- without result --><div class='yuzo_clearfixed yuzo__title yuzo__title'><h3>Related Post<\/h3><\/div>\n\t\t\t\t\t\t  <div class=\"relatedthumb \" style=\"width:125px;float:left;overflow:hidden;\">  \n\t\t\t\t\t\t\t  \n\t\t\t\t\t\t\t  <a  href=\"https:\/\/redept.com.br\/blogosfera\/hugo-motta-e-eleito-presidente-da-camara-dos-deputados-com-444-votos\/\"  >\n\t\t\t\t\t\t\t\t\t  <div class=\"yuzo-img-wrap \" style=\"width: 125px;height:90px;\">\n\t\t\t\t\t\t\t\t\t\t\n\t\t\t\t\t\t\t\t\t\t<div class=\"yuzo-img\" style=\"background:url('https:\/\/redept.com.br\/blogosfera\/wp-content\/uploads\/2025\/02\/Hugo-Motta-1-150x150.jpg') 50% 50% no-repeat;width: 125px;height:90px;margin-bottom: 5px;background-size: cover; \"><\/div>\n\t\t\t\t\t\t\t\t\t  <\/div>\n\t\t\t\t\t\t\t\t\t  \n\t\t\t\t\t\t\t\t   <span class=\"yuzo__text--title\" style=\"font-size:13px;\">Hugo Motta \u00e9 eleito presidente da C\u00e2mara dos Deput...<\/span>\n\t\t\t\t\t\t\t  \n\t\t\t\t\t\t\t  \n\t\t\t\t\t\t\t  <\/a>\n\n\t\t\t\t\t\t  <\/div>\n\t\t\t\t\t\t  <div class=\"relatedthumb \" style=\"width:125px;float:left;overflow:hidden;\">  \n\t\t\t\t\t\t\t  \n\t\t\t\t\t\t\t  <a  href=\"https:\/\/redept.com.br\/blogosfera\/campanha-de-solidariedade-envia-primeiro-carregamento-de-medicamentos-a-cuba\/\"  >\n\t\t\t\t\t\t\t\t\t  <div class=\"yuzo-img-wrap \" style=\"width: 125px;height:90px;\">\n\t\t\t\t\t\t\t\t\t\t\n\t\t\t\t\t\t\t\t\t\t<div class=\"yuzo-img\" style=\"background:url('https:\/\/redept.com.br\/blogosfera\/wp-content\/uploads\/2026\/02\/WhatsApp-Image-2026-02-20-at-173322-1-150x150.jpeg') 50% 50% no-repeat;width: 125px;height:90px;margin-bottom: 5px;background-size: cover; \"><\/div>\n\t\t\t\t\t\t\t\t\t  <\/div>\n\t\t\t\t\t\t\t\t\t  \n\t\t\t\t\t\t\t\t   <span class=\"yuzo__text--title\" style=\"font-size:13px;\">Campanha de solidariedade envia primeiro carregame...<\/span>\n\t\t\t\t\t\t\t  \n\t\t\t\t\t\t\t  \n\t\t\t\t\t\t\t  <\/a>\n\n\t\t\t\t\t\t  <\/div>\n\t\t\t\t\t\t  <div class=\"relatedthumb \" style=\"width:125px;float:left;overflow:hidden;\">  \n\t\t\t\t\t\t\t  \n\t\t\t\t\t\t\t  <a  href=\"https:\/\/redept.com.br\/blogosfera\/ultimos-corpos-de-pessoas-assassinadas-em-operacao-no-rio-deixam-o-iml\/\"  >\n\t\t\t\t\t\t\t\t\t  <div class=\"yuzo-img-wrap \" style=\"width: 125px;height:90px;\">\n\t\t\t\t\t\t\t\t\t\t\n\t\t\t\t\t\t\t\t\t\t<div class=\"yuzo-img\" style=\"background:url('https:\/\/redept.com.br\/blogosfera\/wp-content\/uploads\/2025\/11\/0d4a6463-150x150.webp') 50% 50% no-repeat;width: 125px;height:90px;margin-bottom: 5px;background-size: cover; \"><\/div>\n\t\t\t\t\t\t\t\t\t  <\/div>\n\t\t\t\t\t\t\t\t\t  \n\t\t\t\t\t\t\t\t   <span class=\"yuzo__text--title\" style=\"font-size:13px;\">\u00daltimos corpos de pessoas assassinadas em opera\u00e7\u00e3o...<\/span>\n\t\t\t\t\t\t\t  \n\t\t\t\t\t\t\t  \n\t\t\t\t\t\t\t  <\/a>\n\n\t\t\t\t\t\t  <\/div>\n\t\t\t\t\t\t  <div class=\"relatedthumb \" style=\"width:125px;float:left;overflow:hidden;\">  \n\t\t\t\t\t\t\t  \n\t\t\t\t\t\t\t  <a  href=\"https:\/\/redept.com.br\/blogosfera\/rubio-condiciona-cooperacao-dos-eua-com-venezuela-a-decisoes-corretas\/\"  >\n\t\t\t\t\t\t\t\t\t  <div class=\"yuzo-img-wrap \" style=\"width: 125px;height:90px;\">\n\t\t\t\t\t\t\t\t\t\t\n\t\t\t\t\t\t\t\t\t\t<div class=\"yuzo-img\" style=\"background:url('https:\/\/redept.com.br\/blogosfera\/wp-content\/uploads\/2026\/01\/secretary_marco_rubio_aboard_air_force_three-150x150.jpg') 50% 50% no-repeat;width: 125px;height:90px;margin-bottom: 5px;background-size: cover; \"><\/div>\n\t\t\t\t\t\t\t\t\t  <\/div>\n\t\t\t\t\t\t\t\t\t  \n\t\t\t\t\t\t\t\t   <span class=\"yuzo__text--title\" style=\"font-size:13px;\">Rubio condiciona coopera\u00e7\u00e3o dos EUA com Venezuela ...<\/span>\n\t\t\t\t\t\t\t  \n\t\t\t\t\t\t\t  \n\t\t\t\t\t\t\t  <\/a>\n\n\t\t\t\t\t\t  <\/div>\n<\/div> <script>\n\t\t\t\t\t\t  jQuery(document).ready(function( $ ){\n\t\t\t\t\t\t\t\/\/jQuery('.yuzo_related_post').equalizer({ overflow : 'relatedthumb' });\n\t\t\t\t\t\t\tjQuery('.yuzo_related_post .yuzo_wraps').equalizer({ columns : '> div' });\n\t\t\t\t\t\t   })\n\t\t\t\t\t\t  <\/script> <!-- End Yuzo :) -->","protected":false},"excerpt":{"rendered":"<p>Um dos maiores bancos brasileiros quer ferir leis nacionais para atender as san\u00e7\u00f5es de Trump. Faz coro ao \u201cpatriotismo\u201d bolsonarista. Mas viralatice pode ter alto custo: a interven\u00e7\u00e3o do Estado, sob o crime de trai\u00e7\u00e3o ao Brasil, como juristas j\u00e1 apontam<\/p>\n<p>The post <a href=\"https:\/\/outraspalavras.net\/mercadovsdemocracia\/bradesco-patas-no-brasil-focinho-nos-eua\/\">Bradesco: patas no Brasil, focinho nos EUA<\/a> appeared first on <a href=\"https:\/\/outraspalavras.net\/\">Outras Palavras<\/a>.<\/p>\n","protected":false},"author":2,"featured_media":42738,"comment_status":"open","ping_status":"closed","sticky":false,"template":"","format":"standard","meta":{"fifu_image_url":"","fifu_image_alt":"","footnotes":""},"categories":[12300,11820,12301,11087,12302,11821,6021],"tags":[],"class_list":["post-42737","post","type-post","status-publish","format-standard","has-post-thumbnail","hentry","category-bancos-brasileiros","category-bradesco","category-financismo-subserviente","category-lei-magnitsky","category-lesa-patria","category-marcelo-noronha","category-mercado-x-democracia"],"_links":{"self":[{"href":"https:\/\/redept.com.br\/blogosfera\/wp-json\/wp\/v2\/posts\/42737","targetHints":{"allow":["GET"]}}],"collection":[{"href":"https:\/\/redept.com.br\/blogosfera\/wp-json\/wp\/v2\/posts"}],"about":[{"href":"https:\/\/redept.com.br\/blogosfera\/wp-json\/wp\/v2\/types\/post"}],"author":[{"embeddable":true,"href":"https:\/\/redept.com.br\/blogosfera\/wp-json\/wp\/v2\/users\/2"}],"replies":[{"embeddable":true,"href":"https:\/\/redept.com.br\/blogosfera\/wp-json\/wp\/v2\/comments?post=42737"}],"version-history":[{"count":0,"href":"https:\/\/redept.com.br\/blogosfera\/wp-json\/wp\/v2\/posts\/42737\/revisions"}],"wp:featuredmedia":[{"embeddable":true,"href":"https:\/\/redept.com.br\/blogosfera\/wp-json\/wp\/v2\/media\/42738"}],"wp:attachment":[{"href":"https:\/\/redept.com.br\/blogosfera\/wp-json\/wp\/v2\/media?parent=42737"}],"wp:term":[{"taxonomy":"category","embeddable":true,"href":"https:\/\/redept.com.br\/blogosfera\/wp-json\/wp\/v2\/categories?post=42737"},{"taxonomy":"post_tag","embeddable":true,"href":"https:\/\/redept.com.br\/blogosfera\/wp-json\/wp\/v2\/tags?post=42737"}],"curies":[{"name":"wp","href":"https:\/\/api.w.org\/{rel}","templated":true}]}}