{"id":42757,"date":"2025-08-05T17:00:38","date_gmt":"2025-08-05T20:00:38","guid":{"rendered":"https:\/\/redept.org\/blogosfera\/violencia-contra-imigrantes-e-resultado-do-aumento-de-fake-news-diz-sociologa\/"},"modified":"2025-08-05T17:00:38","modified_gmt":"2025-08-05T20:00:38","slug":"violencia-contra-imigrantes-e-resultado-do-aumento-de-fake-news-diz-sociologa","status":"publish","type":"post","link":"https:\/\/redept.com.br\/blogosfera\/violencia-contra-imigrantes-e-resultado-do-aumento-de-fake-news-diz-sociologa\/","title":{"rendered":"\u2018Viol\u00eancia contra imigrantes \u00e9 resultado do aumento de fake news\u2019, diz soci\u00f3loga"},"content":{"rendered":"<p>\u201cA Espanha sempre foi muito aberta \u00e0 chegada de estrangeiros. Por\u00e9m, com as not\u00edcias falsas que circulam hoje em dia e que acabam aumentando o \u00f3dio e a viol\u00eancia contra os imigrantes, essa percep\u00e7\u00e3o positiva poderia se radicalizar no futuro\u201d, avaliou a soci\u00f3loga Leticia Florez-Estrada Chassonnaud a <strong>Opera Mundi<\/strong>.<\/p>\n<p>Na Espanha, o assunto imigra\u00e7\u00e3o est\u00e1 na agenda do dia dos principais partidos pol\u00edticos do pa\u00eds e diariamente seus l\u00edderes trocam acusa\u00e7\u00f5es. As discuss\u00f5es, marcadas por discursos polarizados, evidenciam o peso do tema na disputa eleitoral e nas decis\u00f5es de pol\u00edticas p\u00fablicas.<\/p>\n<p>Atualmente no pa\u00eds ib\u00e9rico, 18% da popula\u00e7\u00e3o \u00e9 estrangeira e a maioria desses imigrantes s\u00e3o do Marrocos, Col\u00f4mbia e Venezuela. Segundo uma enquete divulgada em junho pelo Centro de Investiga\u00e7\u00f5es Sociol\u00f3gicas (CIS), a imigra\u00e7\u00e3o figura entre as tr\u00eas maiores preocupa\u00e7\u00f5es dos espanh\u00f3is, atr\u00e1s apenas da crise habitacional e da corrup\u00e7\u00e3o.<\/p>\n<p>No ano passado, 44% dos crimes de \u00f3dio na Espanha estiveram relacionados com racismo e xenofobia, de acordo com um estudo recente divulgado pelo Minist\u00e9rio do Interior do pa\u00eds. Em segundo lugar ficaram os delitos contra a orienta\u00e7\u00e3o sexual e identidade de g\u00eanero.<\/p>\n<p>O tema voltou \u00e0 tona na Espanha ap\u00f3s grupos de extrema direita se reuniram para \u201cca\u00e7ar\u201d pessoas de origem marroquina em uma pequena cidade da regi\u00e3o de Murcia, Torre Pacheco. Durante diversos dias o policiamento no local foi ostensivo, 14 pessoas foram detidas.<\/p>\n<p>Em Torre Pacheco, um de cada tr\u00eas moradores \u00e9 estrangeiro e a grande maioria imigrou do Marrocos para trabalhar na lavoura espanhola.<\/p>\n<p>\u201cEsses estrangeiros trabalham no campo, essa regi\u00e3o \u00e9 conhecida como a lavoura da Europa. Eles est\u00e3o ali porque os espanh\u00f3is n\u00e3o querem fazer esse trabalho. Precisam deles, mas ao mesmo tempo algumas pessoas n\u00e3o entendem que muitos v\u00eam para ficar e criar ra\u00edzes aqui\u201d, explicou a soci\u00f3loga.<\/p>\n<h3>Tend\u00eancia global<\/h3>\n<p>Ap\u00f3s os recentes epis\u00f3dios de xenofobia, a direita radical, que na Espanha \u00e9 representada pelo partido Vox, cresceu na inten\u00e7\u00e3o de votos. Se hoje houvesse elei\u00e7\u00f5es no pa\u00eds, a sigla seria a terceira mais votada, com cerca de 19% da prefer\u00eancia eleitoral. Enquanto os partidos tradicionais, como Partido Socialista Oper\u00e1rio Espanhol (PSOE) e o Partido Popular (PP), ficariam na lideran\u00e7a praticamente empatados.<\/p>\n<figure aria-describedby=\"caption-attachment-227531\"><figcaption>18% da popula\u00e7\u00e3o na Espanha \u00e9 estrangeira <br \/>PxHere<\/figcaption><\/figure>\n<p>\u201cO Vox \u00e9 abertamente racista e faz discursos criminalizando estrangeiros e amea\u00e7ando deport\u00e1-los. O PP, de direita, quer ficar no meio porque aparentemente n\u00e3o deseja estar do lado do partido governista (PSOE), mas tamb\u00e9m n\u00e3o quer apoiar o Vox diretamente\u201d, disse.<\/p>\n<p>Para Chassonnaud, de certa maneira, a Europa tamb\u00e9m est\u00e1 seguindo o movimento de anti-imigra\u00e7\u00e3o que est\u00e1 acontecendo mais visivelmente em pa\u00edses como Portugal, It\u00e1lia ou Reino Unido e com mais for\u00e7a nos Estados Unidos. \u201cEssa \u00e9 uma tend\u00eancia global: a de culpar imigrantes chamando-os de criminosos, fomentando esse \u00f3dio para que as pessoas acabem votando nesses partidos. Essa \u00e9 uma estrat\u00e9gia t\u00edpica da extrema direita\u201d.<\/p>\n<h3>Imigra\u00e7\u00e3o e partidos pol\u00edticos<\/h3>\n<p>O partido governista do primeiro-ministro Pedro S\u00e1nchez defende a imigra\u00e7\u00e3o abertamente. Para o PSOE, a imigra\u00e7\u00e3o \u00e9 uma oportunidade para \u201crejuvenescer\u201d a popula\u00e7\u00e3o e suprir as necessidades de m\u00e3o de obra em setores chave da economia do pa\u00eds, como a agricultura e a hotelaria.<\/p>\n<p>Enquanto o PP est\u00e1 a favor de uma imigra\u00e7\u00e3o controlada e que esteja diretamente ligada ao mercado de trabalho, defendem que \u00e9 preciso aumentar os controles nas fronteiras e que exista uma coordena\u00e7\u00e3o europeia para controlar os fluxos migrat\u00f3rios.<\/p>\n<p>J\u00e1 o grupo de extrema direita Vox bate de frente com os outros partidos. Em seu discurso, eles associam a imigra\u00e7\u00e3o ao crime, constantemente pedem leis mais duras e que imigrantes em situa\u00e7\u00e3o de irregularidade que cometam crimes na Espanha sejam expulsados imediatamente.<\/p>\n<p>A especialista em imigra\u00e7\u00e3o lamenta essa postura exacerbada do partido de extrema direita. \u201cO crescimento do discurso de \u00f3dio est\u00e1 se normalizando e isso obviamente leva a um aumento do racismo nas ruas e nas redes sociais. Tudo isso acaba gerando medo, \u00f3dio e viol\u00eancia social\u201d, afirmou.<\/p>\n<p>O post \u2018Viol\u00eancia contra imigrantes \u00e9 resultado do aumento de fake news\u2019, diz soci\u00f3loga apareceu primeiro em Opera Mundi.<\/p>\n<!-- Begin Yuzo --><div class='yuzo_related_post style-1'  data-version='5.12.89'><!-- without result --><div class='yuzo_clearfixed yuzo__title yuzo__title'><h3>Related Post<\/h3><\/div>\n\t\t\t\t\t\t  <div class=\"relatedthumb \" style=\"width:125px;float:left;overflow:hidden;\">  \n\t\t\t\t\t\t\t  \n\t\t\t\t\t\t\t  <a  href=\"https:\/\/redept.com.br\/blogosfera\/fentanil-contaminado-causou-a-morte-de-quase-100-pessoas-na-argentina\/\"  >\n\t\t\t\t\t\t\t\t\t  <div class=\"yuzo-img-wrap \" style=\"width: 125px;height:90px;\">\n\t\t\t\t\t\t\t\t\t\t\n\t\t\t\t\t\t\t\t\t\t<div class=\"yuzo-img\" style=\"background:url('https:\/\/redept.org\/blogosfera\/wp-content\/plugins\/yuzo-related-post\/assets\/images\/default.png') 50% 50% no-repeat;width: 125px;height:90px;margin-bottom: 5px;background-size: cover; \"><\/div>\n\t\t\t\t\t\t\t\t\t  <\/div>\n\t\t\t\t\t\t\t\t\t  \n\t\t\t\t\t\t\t\t   <span class=\"yuzo__text--title\" style=\"font-size:13px;\">Fentanil contaminado causou a morte de quase 100 p...<\/span>\n\t\t\t\t\t\t\t  \n\t\t\t\t\t\t\t  \n\t\t\t\t\t\t\t  <\/a>\n\n\t\t\t\t\t\t  <\/div>\n\t\t\t\t\t\t  <div class=\"relatedthumb \" style=\"width:125px;float:left;overflow:hidden;\">  \n\t\t\t\t\t\t\t  \n\t\t\t\t\t\t\t  <a  href=\"https:\/\/redept.com.br\/blogosfera\/jornada-das-mulheres-sem-terra-mobiliza-feira-e-debates-em-joao-pessoa-e-denuncia-violencias-enfrentadas-por-trabalhadoras-do-campo\/\"  >\n\t\t\t\t\t\t\t\t\t  <div class=\"yuzo-img-wrap \" style=\"width: 125px;height:90px;\">\n\t\t\t\t\t\t\t\t\t\t\n\t\t\t\t\t\t\t\t\t\t<div class=\"yuzo-img\" style=\"background:url('https:\/\/redept.org\/blogosfera\/wp-content\/plugins\/yuzo-related-post\/assets\/images\/default.png') 50% 50% no-repeat;width: 125px;height:90px;margin-bottom: 5px;background-size: cover; \"><\/div>\n\t\t\t\t\t\t\t\t\t  <\/div>\n\t\t\t\t\t\t\t\t\t  \n\t\t\t\t\t\t\t\t   <span class=\"yuzo__text--title\" style=\"font-size:13px;\">Jornada das Mulheres Sem Terra mobiliza feira e de...<\/span>\n\t\t\t\t\t\t\t  \n\t\t\t\t\t\t\t  \n\t\t\t\t\t\t\t  <\/a>\n\n\t\t\t\t\t\t  <\/div>\n\t\t\t\t\t\t  <div class=\"relatedthumb \" style=\"width:125px;float:left;overflow:hidden;\">  \n\t\t\t\t\t\t\t  \n\t\t\t\t\t\t\t  <a  href=\"https:\/\/redept.com.br\/blogosfera\/lula-entrega-599-titulos-de-propriedade-e-garante-dignidade-em-brasilia-teimosa-pe\/\"  >\n\t\t\t\t\t\t\t\t\t  <div class=\"yuzo-img-wrap \" style=\"width: 125px;height:90px;\">\n\t\t\t\t\t\t\t\t\t\t\n\t\t\t\t\t\t\t\t\t\t<div class=\"yuzo-img\" style=\"background:url('https:\/\/redept.org\/blogosfera\/wp-content\/plugins\/yuzo-related-post\/assets\/images\/default.png') 50% 50% no-repeat;width: 125px;height:90px;margin-bottom: 5px;background-size: cover; \"><\/div>\n\t\t\t\t\t\t\t\t\t  <\/div>\n\t\t\t\t\t\t\t\t\t  \n\t\t\t\t\t\t\t\t   <span class=\"yuzo__text--title\" style=\"font-size:13px;\">Lula entrega 599 t\u00edtulos de propriedade e garante ...<\/span>\n\t\t\t\t\t\t\t  \n\t\t\t\t\t\t\t  \n\t\t\t\t\t\t\t  <\/a>\n\n\t\t\t\t\t\t  <\/div>\n\t\t\t\t\t\t  <div class=\"relatedthumb \" style=\"width:125px;float:left;overflow:hidden;\">  \n\t\t\t\t\t\t\t  \n\t\t\t\t\t\t\t  <a  href=\"https:\/\/redept.com.br\/blogosfera\/fortes-chuvas-causam-deslizamentos-e-transbordamento-de-rios-em-paraty-rj-cidade-esta-em-alerta-severo\/\"  >\n\t\t\t\t\t\t\t\t\t  <div class=\"yuzo-img-wrap \" style=\"width: 125px;height:90px;\">\n\t\t\t\t\t\t\t\t\t\t\n\t\t\t\t\t\t\t\t\t\t<div class=\"yuzo-img\" style=\"background:url('https:\/\/redept.org\/blogosfera\/wp-content\/plugins\/yuzo-related-post\/assets\/images\/default.png') 50% 50% no-repeat;width: 125px;height:90px;margin-bottom: 5px;background-size: cover; \"><\/div>\n\t\t\t\t\t\t\t\t\t  <\/div>\n\t\t\t\t\t\t\t\t\t  \n\t\t\t\t\t\t\t\t   <span class=\"yuzo__text--title\" style=\"font-size:13px;\">Fortes chuvas causam deslizamentos e transbordamen...<\/span>\n\t\t\t\t\t\t\t  \n\t\t\t\t\t\t\t  \n\t\t\t\t\t\t\t  <\/a>\n\n\t\t\t\t\t\t  <\/div>\n<\/div> <script>\n\t\t\t\t\t\t  jQuery(document).ready(function( $ ){\n\t\t\t\t\t\t\t\/\/jQuery('.yuzo_related_post').equalizer({ overflow : 'relatedthumb' });\n\t\t\t\t\t\t\tjQuery('.yuzo_related_post .yuzo_wraps').equalizer({ columns : '> div' });\n\t\t\t\t\t\t   })\n\t\t\t\t\t\t  <\/script> <!-- End Yuzo :) -->","protected":false},"excerpt":{"rendered":"<p>\u201cA Espanha sempre foi muito aberta \u00e0 chegada de estrangeiros. Por\u00e9m, com as not\u00edcias falsas que circulam hoje em dia e que acabam aumentando o \u00f3dio e a viol\u00eancia contra os imigrantes, essa percep\u00e7\u00e3o positiva poderia se radicalizar no futuro\u201d, avaliou a soci\u00f3loga Leticia Florez-Estrada Chassonnaud a Opera Mundi. Na Espanha, o assunto imigra\u00e7\u00e3o est\u00e1 [\u2026]<\/p>\n<p>O post <a href=\"https:\/\/operamundi.uol.com.br\/politica-e-economia\/imigracao-volta-ao-centro-da-espanha\/\">\u2018Viol\u00eancia contra imigrantes \u00e9 resultado do aumento de fake news\u2019, diz soci\u00f3loga<\/a> apareceu primeiro em <a href=\"https:\/\/operamundi.uol.com.br\/\">Opera Mundi<\/a>.<\/p>\n","protected":false},"author":2,"featured_media":0,"comment_status":"closed","ping_status":"closed","sticky":false,"template":"","format":"standard","meta":{"fifu_image_url":"","fifu_image_alt":"","footnotes":""},"categories":[3103,231,2418,2294,5518,12355,12356,77,12357],"tags":[],"class_list":["post-42757","post","type-post","status-publish","format-standard","hentry","category-discurso-de-odio","category-espanha","category-imigracao","category-imigrantes","category-politica-e-economia","category-psoe","category-sociologa","category-violencia","category-voz"],"_links":{"self":[{"href":"https:\/\/redept.com.br\/blogosfera\/wp-json\/wp\/v2\/posts\/42757","targetHints":{"allow":["GET"]}}],"collection":[{"href":"https:\/\/redept.com.br\/blogosfera\/wp-json\/wp\/v2\/posts"}],"about":[{"href":"https:\/\/redept.com.br\/blogosfera\/wp-json\/wp\/v2\/types\/post"}],"author":[{"embeddable":true,"href":"https:\/\/redept.com.br\/blogosfera\/wp-json\/wp\/v2\/users\/2"}],"replies":[{"embeddable":true,"href":"https:\/\/redept.com.br\/blogosfera\/wp-json\/wp\/v2\/comments?post=42757"}],"version-history":[{"count":0,"href":"https:\/\/redept.com.br\/blogosfera\/wp-json\/wp\/v2\/posts\/42757\/revisions"}],"wp:attachment":[{"href":"https:\/\/redept.com.br\/blogosfera\/wp-json\/wp\/v2\/media?parent=42757"}],"wp:term":[{"taxonomy":"category","embeddable":true,"href":"https:\/\/redept.com.br\/blogosfera\/wp-json\/wp\/v2\/categories?post=42757"},{"taxonomy":"post_tag","embeddable":true,"href":"https:\/\/redept.com.br\/blogosfera\/wp-json\/wp\/v2\/tags?post=42757"}],"curies":[{"name":"wp","href":"https:\/\/api.w.org\/{rel}","templated":true}]}}