{"id":43024,"date":"2025-08-06T18:20:49","date_gmt":"2025-08-06T21:20:49","guid":{"rendered":"https:\/\/redept.org\/blogosfera\/lula-diz-que-conversara-com-membros-do-brics-sobre-tarifas-de-trump\/"},"modified":"2025-08-06T18:20:49","modified_gmt":"2025-08-06T21:20:49","slug":"lula-diz-que-conversara-com-membros-do-brics-sobre-tarifas-de-trump","status":"publish","type":"post","link":"https:\/\/redept.com.br\/blogosfera\/lula-diz-que-conversara-com-membros-do-brics-sobre-tarifas-de-trump\/","title":{"rendered":"Lula diz que conversar\u00e1 com membros do BRICS sobre tarifas de Trump"},"content":{"rendered":"<p>Nesta quarta-feira (06\/08), a soberania brasileira seguiu em pauta, com an\u00fancios feitos pelo presidente Luiz In\u00e1cio Lula da Silva e o ministro da Fazenda, Fernando Haddad, revelando novos planos para discutir as tarifas de 50% sobre produtos brasileiros, impostas pelo governo de Donald Trump, em vigor a partir de hoje.<\/p>\n<p>Em entrevista \u00e0 <em>Reuters<\/em> nesta quarta-feira, Lula teria expressado que planeja discutir com outros pa\u00edses membros do Brics a guerra comercial do presidente dos Estados Unidos.<\/p>\n<p>\u201cO que o presidente Trump est\u00e1 fazendo \u00e9 t\u00e1cito, ele quer acabar com o multilateralismo \u2014 em que os acordos se d\u00e3o coletivamente numa institui\u00e7\u00e3o \u2014 e quer criar o unilateralismo \u2014 em que ele negocia sozinho com outro pa\u00eds\u201d, disse Lula. \u201cQual \u00e9 o poder de negocia\u00e7\u00e3o que tem um pa\u00eds pequeno com os Estados Unidos na Am\u00e9rica do Norte? Nenhum\u201d, continuou o presidente.<\/p>\n<p>Al\u00e9m de frisar que haver\u00e1 uma conversa entre os membros do Brics, o presidente frisou que deve ligar para o presidente da China, Xi Jinping, e o primeiro-ministro da \u00cdndia, Narendra Modi, ainda na pr\u00f3xima quinta-feira (07\/08).<\/p>\n<p>\u201cVou tentar fazer uma discuss\u00e3o com eles sobre como \u00e9 que cada um est\u00e1 dentro da situa\u00e7\u00e3o, qual \u00e9 a implica\u00e7\u00e3o que tem em cada pa\u00eds, para a gente poder tomar uma decis\u00e3o\u201d, disse ele. \u201c\u00c9 importante lembrar que o Brics tem dez pa\u00edses no G20\u2033, afirmou ainda para a <em>Reuters<\/em>, ressaltando que o Brasil agora ocupa a presid\u00eancia do Brics.<\/p>\n<figure aria-describedby=\"caption-attachment-227686\"><img fetchpriority=\"high\" fetchpriority=\"high\" decoding=\"async\"src=\"https:\/\/redept.org\/blogosfera\/wp-content\/uploads\/2025\/08\/5ee9c3e8-5fdc-41a0-9b20-11d38d968265.jpg\" alt=\"Governo Lula fez com que a soberania brasileira seguisse em pauta no primeiro dia das tarifas impostas pelo governo de Donald Trump &lt;br \/ &gt; Ricardo Stuckert\/PR\" width=\"768\" height=\"511\" srcset=\"https:\/\/redept.org\/blogosfera\/wp-content\/uploads\/2025\/08\/5ee9c3e8-5fdc-41a0-9b20-11d38d968265.jpg 768w, https:\/\/operamundi.uol.com.br\/wp-content\/uploads\/2025\/08\/5ee9c3e8-5fdc-41a0-9b20-11d38d968265-300x200.jpg 300w, https:\/\/operamundi.uol.com.br\/wp-content\/uploads\/2025\/08\/5ee9c3e8-5fdc-41a0-9b20-11d38d968265-150x100.jpg 150w, https:\/\/operamundi.uol.com.br\/wp-content\/uploads\/2025\/08\/5ee9c3e8-5fdc-41a0-9b20-11d38d968265-750x499.jpg 750w\" sizes=\"(max-width: 768px) 100vw, 768px\"><figcaption>Governo Lula fez com que a soberania brasileira seguisse em pauta no primeiro dia das tarifas impostas pelo governo de Donald Trump <br \/>Ricardo Stuckert\/PR<\/figcaption><\/figure>\n<h3>Reuni\u00e3o de Haddad com secret\u00e1rio do Tesouro<\/h3>\n<p>O ministro da Fazenda, Fernando Haddad, por sua vez, anunciou, tamb\u00e9m nesta quarta-feira, que dever\u00e1 se reunir com o secret\u00e1rio do Tesouro dos Estados Unidos, Scott Bessent, na pr\u00f3xima semana.<\/p>\n<p>Conduzido de forma remota, o encontro se dar\u00e1 em meio ao agravamento das tens\u00f5es comerciais entre os dois pa\u00edses, ap\u00f3s o aumento das tarifas sobre produtos brasileiros para 50%.<\/p>\n<p>\u201cTenho uma reuni\u00e3o marcada na semana que vem, agora com data e hora, com o secret\u00e1rio Scott Bessent. Vai ser na quarta-feira, j\u00e1 recebemos um e-mail oficializando o interesse. A depender da qualidade da conversa, pode se desdobrar em uma reuni\u00e3o de trabalho presencial, j\u00e1 com os \u00e2nimos orientados no sentido de um entendimento entre os dois pa\u00edses\u201d, afirmou Haddad a jornalistas no Minist\u00e9rio da Fazenda, em Bras\u00edlia.<\/p>\n<p>A reuni\u00e3o faz parte dos esfor\u00e7os do governo Lula para tentar reverter ou mitigar os efeitos do tarifa\u00e7o, que j\u00e1 afeta diversos setores da economia. Paralelamente, os minist\u00e9rios das Rela\u00e7\u00f5es Exteriores e do Desenvolvimento, Ind\u00fastria, Com\u00e9rcio e Servi\u00e7os tamb\u00e9m articulam novas estrat\u00e9gias para diversificar mercados e fortalecer o Mercosul frente \u00e0 ofensiva protecionista de Washington. Na semana passada, o chanceler Mauro Vieira conversou sobre o tema com seu colega americano, Marco Rubio, nos EUA.<\/p>\n<p>O post Lula diz que conversar\u00e1 com membros do BRICS sobre tarifas de Trump apareceu primeiro em Opera Mundi.<\/p>\n<!-- Begin Yuzo --><div class='yuzo_related_post style-1'  data-version='5.12.89'><!-- without result --><div class='yuzo_clearfixed yuzo__title yuzo__title'><h3>Related Post<\/h3><\/div>\n\t\t\t\t\t\t  <div class=\"relatedthumb \" style=\"width:125px;float:left;overflow:hidden;\">  \n\t\t\t\t\t\t\t  \n\t\t\t\t\t\t\t  <a  href=\"https:\/\/redept.com.br\/blogosfera\/ultimas-noticias-da-guerra-no-oriente-medio-em-30-de-marco\/\"  >\n\t\t\t\t\t\t\t\t\t  <div class=\"yuzo-img-wrap \" style=\"width: 125px;height:90px;\">\n\t\t\t\t\t\t\t\t\t\t\n\t\t\t\t\t\t\t\t\t\t<div class=\"yuzo-img\" style=\"background:url('https:\/\/redept.com.br\/blogosfera\/wp-content\/uploads\/2026\/03\/ARTE-ESTREITO-DE-ORMUZ-scaled-2-150x150.jpg') 50% 50% no-repeat;width: 125px;height:90px;margin-bottom: 5px;background-size: cover; \"><\/div>\n\t\t\t\t\t\t\t\t\t  <\/div>\n\t\t\t\t\t\t\t\t\t  \n\t\t\t\t\t\t\t\t   <span class=\"yuzo__text--title\" style=\"font-size:13px;\">\u00daltimas not\u00edcias da guerra no Oriente M\u00e9dio em 30 ...<\/span>\n\t\t\t\t\t\t\t  \n\t\t\t\t\t\t\t  \n\t\t\t\t\t\t\t  <\/a>\n\n\t\t\t\t\t\t  <\/div>\n\t\t\t\t\t\t  <div class=\"relatedthumb \" style=\"width:125px;float:left;overflow:hidden;\">  \n\t\t\t\t\t\t\t  \n\t\t\t\t\t\t\t  <a  href=\"https:\/\/redept.com.br\/blogosfera\/europeus-foram-constrangidos-por-trump-a-abrir-estreito-de-ormuz-observa-professor\/\"  >\n\t\t\t\t\t\t\t\t\t  <div class=\"yuzo-img-wrap \" style=\"width: 125px;height:90px;\">\n\t\t\t\t\t\t\t\t\t\t\n\t\t\t\t\t\t\t\t\t\t<div class=\"yuzo-img\" style=\"background:url('https:\/\/redept.org\/blogosfera\/wp-content\/plugins\/yuzo-related-post\/assets\/images\/default.png') 50% 50% no-repeat;width: 125px;height:90px;margin-bottom: 5px;background-size: cover; \"><\/div>\n\t\t\t\t\t\t\t\t\t  <\/div>\n\t\t\t\t\t\t\t\t\t  \n\t\t\t\t\t\t\t\t   <span class=\"yuzo__text--title\" style=\"font-size:13px;\">Europeus foram constrangidos por Trump a abrir Est...<\/span>\n\t\t\t\t\t\t\t  \n\t\t\t\t\t\t\t  \n\t\t\t\t\t\t\t  <\/a>\n\n\t\t\t\t\t\t  <\/div>\n\t\t\t\t\t\t  <div class=\"relatedthumb \" style=\"width:125px;float:left;overflow:hidden;\">  \n\t\t\t\t\t\t\t  \n\t\t\t\t\t\t\t  <a  href=\"https:\/\/redept.com.br\/blogosfera\/lula-participa-de-reuniao-da-celac-tensao-no-caribe-e-cooperacao-serao-pontos-centrais\/\"  >\n\t\t\t\t\t\t\t\t\t  <div class=\"yuzo-img-wrap \" style=\"width: 125px;height:90px;\">\n\t\t\t\t\t\t\t\t\t\t\n\t\t\t\t\t\t\t\t\t\t<div class=\"yuzo-img\" style=\"background:url('https:\/\/redept.com.br\/blogosfera\/wp-content\/uploads\/2025\/11\/lula1_Foto-Ricardo-Stuckert-_-PR-150x150.jpg') 50% 50% no-repeat;width: 125px;height:90px;margin-bottom: 5px;background-size: cover; \"><\/div>\n\t\t\t\t\t\t\t\t\t  <\/div>\n\t\t\t\t\t\t\t\t\t  \n\t\t\t\t\t\t\t\t   <span class=\"yuzo__text--title\" style=\"font-size:13px;\">Lula participa de reuni\u00e3o da Celac; tens\u00e3o no Cari...<\/span>\n\t\t\t\t\t\t\t  \n\t\t\t\t\t\t\t  \n\t\t\t\t\t\t\t  <\/a>\n\n\t\t\t\t\t\t  <\/div>\n\t\t\t\t\t\t  <div class=\"relatedthumb \" style=\"width:125px;float:left;overflow:hidden;\">  \n\t\t\t\t\t\t\t  \n\t\t\t\t\t\t\t  <a  href=\"https:\/\/redept.com.br\/blogosfera\/desconhecimento-de-direitos-basicos-e-desafio-para-trabalhadores\/\"  >\n\t\t\t\t\t\t\t\t\t  <div class=\"yuzo-img-wrap \" style=\"width: 125px;height:90px;\">\n\t\t\t\t\t\t\t\t\t\t\n\t\t\t\t\t\t\t\t\t\t<div class=\"yuzo-img\" style=\"background:url('https:\/\/redept.org\/blogosfera\/wp-content\/plugins\/yuzo-related-post\/assets\/images\/default.png') 50% 50% no-repeat;width: 125px;height:90px;margin-bottom: 5px;background-size: cover; \"><\/div>\n\t\t\t\t\t\t\t\t\t  <\/div>\n\t\t\t\t\t\t\t\t\t  \n\t\t\t\t\t\t\t\t   <span class=\"yuzo__text--title\" style=\"font-size:13px;\">Desconhecimento de direitos b\u00e1sicos \u00e9 desafio para...<\/span>\n\t\t\t\t\t\t\t  \n\t\t\t\t\t\t\t  \n\t\t\t\t\t\t\t  <\/a>\n\n\t\t\t\t\t\t  <\/div>\n<\/div> <script>\n\t\t\t\t\t\t  jQuery(document).ready(function( $ ){\n\t\t\t\t\t\t\t\/\/jQuery('.yuzo_related_post').equalizer({ overflow : 'relatedthumb' });\n\t\t\t\t\t\t\tjQuery('.yuzo_related_post .yuzo_wraps').equalizer({ columns : '> div' });\n\t\t\t\t\t\t   })\n\t\t\t\t\t\t  <\/script> <!-- End Yuzo :) -->","protected":false},"excerpt":{"rendered":"<p>Nesta quarta-feira (06\/08), a soberania brasileira seguiu em pauta, com an\u00fancios feitos pelo presidente Luiz In\u00e1cio Lula da Silva e o ministro da Fazenda, Fernando Haddad, revelando novos planos para discutir as tarifas de 50% sobre produtos brasileiros, impostas pelo governo de Donald Trump, em vigor a partir de hoje. Em entrevista \u00e0 Reuters nesta [\u2026]<\/p>\n<p>O post <a href=\"https:\/\/operamundi.uol.com.br\/politica-e-economia\/lula-conversara-brics-tarifas-trump\/\">Lula diz que conversar\u00e1 com membros do BRICS sobre tarifas de Trump<\/a> apareceu primeiro em <a href=\"https:\/\/operamundi.uol.com.br\/\">Opera Mundi<\/a>.<\/p>\n","protected":false},"author":2,"featured_media":43025,"comment_status":"closed","ping_status":"closed","sticky":false,"template":"","format":"standard","meta":{"fifu_image_url":"","fifu_image_alt":"","footnotes":""},"categories":[45,1140,292,1023,9,588,1175,7695,112,5518,4610,12643,3486],"tags":[],"class_list":["post-43024","post","type-post","status-publish","format-standard","has-post-thumbnail","hentry","category-brasil","category-brics","category-china","category-donald-trump","category-eua","category-fernando-haddad","category-india","category-ligacao","category-lula","category-politica-e-economia","category-reuniao","category-scott-bessent","category-tarifas"],"_links":{"self":[{"href":"https:\/\/redept.com.br\/blogosfera\/wp-json\/wp\/v2\/posts\/43024","targetHints":{"allow":["GET"]}}],"collection":[{"href":"https:\/\/redept.com.br\/blogosfera\/wp-json\/wp\/v2\/posts"}],"about":[{"href":"https:\/\/redept.com.br\/blogosfera\/wp-json\/wp\/v2\/types\/post"}],"author":[{"embeddable":true,"href":"https:\/\/redept.com.br\/blogosfera\/wp-json\/wp\/v2\/users\/2"}],"replies":[{"embeddable":true,"href":"https:\/\/redept.com.br\/blogosfera\/wp-json\/wp\/v2\/comments?post=43024"}],"version-history":[{"count":0,"href":"https:\/\/redept.com.br\/blogosfera\/wp-json\/wp\/v2\/posts\/43024\/revisions"}],"wp:featuredmedia":[{"embeddable":true,"href":"https:\/\/redept.com.br\/blogosfera\/wp-json\/wp\/v2\/media\/43025"}],"wp:attachment":[{"href":"https:\/\/redept.com.br\/blogosfera\/wp-json\/wp\/v2\/media?parent=43024"}],"wp:term":[{"taxonomy":"category","embeddable":true,"href":"https:\/\/redept.com.br\/blogosfera\/wp-json\/wp\/v2\/categories?post=43024"},{"taxonomy":"post_tag","embeddable":true,"href":"https:\/\/redept.com.br\/blogosfera\/wp-json\/wp\/v2\/tags?post=43024"}],"curies":[{"name":"wp","href":"https:\/\/api.w.org\/{rel}","templated":true}]}}