{"id":43059,"date":"2025-08-07T08:00:00","date_gmt":"2025-08-07T11:00:00","guid":{"rendered":"https:\/\/redept.org\/blogosfera\/greve-de-servidores-da-unb-nao-tem-data-para-encerrar-novo-semestre-inicia-no-dia-18-de-agosto\/"},"modified":"2025-08-07T08:00:00","modified_gmt":"2025-08-07T11:00:00","slug":"greve-de-servidores-da-unb-nao-tem-data-para-encerrar-novo-semestre-inicia-no-dia-18-de-agosto","status":"publish","type":"post","link":"https:\/\/redept.com.br\/blogosfera\/greve-de-servidores-da-unb-nao-tem-data-para-encerrar-novo-semestre-inicia-no-dia-18-de-agosto\/","title":{"rendered":"Greve de servidores da UnB n\u00e3o tem data para encerrar; novo semestre inicia no dia 18 de agosto"},"content":{"rendered":"<p>Em julho a paralisa\u00e7\u00e3o dos <a href=\"https:\/\/www.brasildefato.com.br\/2025\/03\/21\/servidores-tecnico-administrativos-da-unb-entram-em-greve-por-tempo-indeterminado\/\">servidores t\u00e9cnico-administrativos da Universidade de Bras\u00edlia<\/a> (UnB) completou quatro meses. Pr\u00f3ximo ao in\u00edcio do segundo semestre do ano, marcado para 18 de agosto, a c<a href=\"https:\/\/www.brasildefato.com.br\/2025\/07\/23\/greve-dos-servidores-tecnicos-administrativos-da-unb-completa-4-meses\/\">ategoria ainda n\u00e3o tem expectativa de encerrar a greve<\/a>.\u00a0<\/p>\n<p>Uma assembleia realizada na manh\u00e3 desta ter\u00e7a-feira (5), aprovou o documento para a Advocacia Geral da Uni\u00e3o (AGU), considerando sua <a href=\"https:\/\/www.brasildefato.com.br\/2025\/04\/23\/com-26-a-menos-nao-ha-universidade-protestam-servidores-tecnico-administrativos-da-unb-em-greve\/\">exig\u00eancia de absor\u00e7\u00e3o da Unidade de Refer\u00eancia de Pre\u00e7o (URP)<\/a>. De acordo com o Sindicato dos Trabalhadores da Funda\u00e7\u00e3o Universidade de Bras\u00edlia (Sintfub), o documento apresenta os termos aprovados em assembleia para o di\u00e1logo com a AGU e a ades\u00e3o do governo ao chamado do Supremo Tribunal Federal (STF) para a constitui\u00e7\u00e3o de uma Mesa de Negocia\u00e7\u00e3o no N\u00facleo de Solu\u00e7\u00e3o Consensual de Conflitos (Nusol).<\/p>\n<p>O documento reafirma  a posi\u00e7\u00e3o da categoria: manuten\u00e7\u00e3o do patamar atual de pagamento da URP e inclus\u00e3o dos servidores ativos e aposentados. A a\u00e7\u00e3o do sindicato \u00e9 resultado de mobiliza\u00e7\u00f5es realizadas na semana passada, quando representantes do Sintfub participaram de reuni\u00e3o com a AGU, acompanhados da deputada federal \u00c9rika Kokay (PT-DF) e de representantes da Central \u00danica dos Trabalhadores (CUT).<\/p>\n<p>De acordo com o sindicato, durante o encontro foi reafirmado o entendimento de cumprimento da decis\u00e3o do ministro do STF Gilmar Mendes para a absor\u00e7\u00e3o imediata e retroativa do \u00edndice de 26,05% dos sal\u00e1rios.\u00a0<\/p>\n<h4>Apoio<\/h4>\n<p>O Conselho de Administra\u00e7\u00e3o (CAD) da UnB aprovou em reuni\u00e3o no dia 31 de julho uma nota p\u00fablica em defesa da instala\u00e7\u00e3o da Mesa de Negocia\u00e7\u00e3o no STF. No documento, o CAD reconhece \u201co car\u00e1ter alimentar e de manuten\u00e7\u00e3o m\u00ednima das condi\u00e7\u00f5es de sa\u00fade, educa\u00e7\u00e3o e moradia dos servidores t\u00e9cnico-administrativos da UnB em rela\u00e7\u00e3o \u00e0 URP.\u201d, diz trecho.<\/p>\n<p>Em outro trecho, o CAD diz que apoia a instala\u00e7\u00e3o da mesa de negocia\u00e7\u00e3o no \u00e2mbito do STF \u201ca fim de que possa ser retomada a estabilidade institucional que promove a excel\u00eancia da Universidade no ensino, pesquisa, extens\u00e3o e gest\u00e3o\u201d.<\/p>\n<h4>Mesa de Negocia\u00e7\u00e3o<\/h4>\n<p>A press\u00e3o do movimento sindical abriu espa\u00e7o para novas tratativas. Segundo o Sintfub, a AGU admitiu a possibilidade de discutir alternativas \u00e0 absor\u00e7\u00e3o imediata, sinalizando que poderia negociar um modelo gradual, desde que a categoria apresente uma proposta.\u00a0<\/p>\n<p>A expectativa \u00e9 que nos pr\u00f3ximos dias o STF envie uma requisi\u00e7\u00e3o ao governo federal para instituir uma mesa de concilia\u00e7\u00e3o.<\/p>\n<p>\u201cA categoria continua em greve, com mobiliza\u00e7\u00f5es internas e atos p\u00fablicos, cobrando do Executivo e do Judici\u00e1rio uma sa\u00edda que garanta a valoriza\u00e7\u00e3o dos servidores e da educa\u00e7\u00e3o p\u00fablica\u201d, diz parte da nota do sindicato.<\/p>\n<p>Uma nova assembleia da categoria est\u00e1 marcada para o dia 13 de agosto na Pra\u00e7a Chico Mendes na universidade.<\/p>\n<h4>Por que a categoria est\u00e1 em greve?<\/h4>\n<p>A categoria est\u00e1 <a href=\"https:\/\/www.brasildefato.com.br\/2025\/03\/21\/servidores-tecnico-administrativos-da-unb-entram-em-greve-por-tempo-indeterminado\/\" target=\"_blank\" rel=\"noreferrer noopener\">em greve<\/a> desde o dia 20 de mar\u00e7o e exige que o governo cumpra a decis\u00e3o judicial de continuidade do pagamento do \u00edndice de 26,05% dos sal\u00e1rios.<\/p>\n<p>O \u00edndice de 26,05% diz respeito \u00e0 Unidade de Refer\u00eancia de Pre\u00e7os (URP), conquistada para repor perdas inflacion\u00e1rias em 1989. O percentual j\u00e1 foi alvo de v\u00e1rias disputas judiciais. Em novembro de 2024, o Supremo Tribunal Federal (STF) determinou ao governo, em decis\u00e3o transitada em julgado, a manuten\u00e7\u00e3o do pagamento do \u00edndice, com base nos princ\u00edpios da seguran\u00e7a jur\u00eddica e da confian\u00e7a leg\u00edtima. A Corte destaca que a administra\u00e7\u00e3o p\u00fablica deve evitar comportamentos contradit\u00f3rios e que o valor j\u00e1 \u00e9 parte dos sal\u00e1rios dos trabalhadores h\u00e1 mais de 30 anos.<\/p>\n<p>A decis\u00e3o, no entanto, ainda n\u00e3o foi cumprida pelo Minist\u00e9rio da Gest\u00e3o e Inova\u00e7\u00e3o em Servi\u00e7os P\u00fablicos (MGI), que prop\u00f4s a absor\u00e7\u00e3o do \u00edndice de 26,05% nos futuros reajustes salariais.<\/p>\n<p>De acordo com o Sinftub, a perda de 26,05% dos sal\u00e1rios representa uma amea\u00e7a n\u00e3o somente aos servidores, mas para todo o funcionamento da universidade. Os t\u00e9cnico-administrativos em Educa\u00e7\u00e3o atuam em todas as \u00e1reas e os setores de universidade, garantindo o funcionamento de laborat\u00f3rios, secretarias, bibliotecas, departamentos, assist\u00eancia estudantil e constru\u00e7\u00e3o e implementa\u00e7\u00e3o de pol\u00edticas universit\u00e1rias.<\/p>\n<p>::<a href=\"https:\/\/chat.whatsapp.com\/Cs1uyLCaoPRDUWmIZVboBw\" target=\"_blank\" rel=\"noreferrer noopener\">Receba not\u00edcias do Brasil de Fato DF no seu Whatsapp<\/a> ::<\/p>\n<p>O post <a href=\"https:\/\/www.brasildefato.com.br\/2025\/08\/07\/greve-de-servidores-da-unb-nao-tem-data-para-encerrar-novo-semestre-inicia-no-dia-18-de-agosto\/\">Greve de servidores da UnB n\u00e3o tem data para encerrar; novo semestre inicia no dia 18 de agosto<\/a> apareceu primeiro em <a href=\"https:\/\/www.brasildefato.com.br\/\">Brasil de Fato<\/a>.<\/p>\n<!-- Begin Yuzo --><div class='yuzo_related_post style-1'  data-version='5.12.89'><!-- without result --><div class='yuzo_clearfixed yuzo__title yuzo__title'><h3>Related Post<\/h3><\/div>\n\t\t\t\t\t\t  <div class=\"relatedthumb \" style=\"width:125px;float:left;overflow:hidden;\">  \n\t\t\t\t\t\t\t  \n\t\t\t\t\t\t\t  <a  href=\"https:\/\/redept.com.br\/blogosfera\/esta-valendo-senadores-petistas-celebram-alivio-no-bolso-do-trabalhador-com-isencao-do-ir\/\"  >\n\t\t\t\t\t\t\t\t\t  <div class=\"yuzo-img-wrap \" style=\"width: 125px;height:90px;\">\n\t\t\t\t\t\t\t\t\t\t\n\t\t\t\t\t\t\t\t\t\t<div class=\"yuzo-img\" style=\"background:url('https:\/\/redept.org\/blogosfera\/wp-content\/plugins\/yuzo-related-post\/assets\/images\/default.png') 50% 50% no-repeat;width: 125px;height:90px;margin-bottom: 5px;background-size: cover; \"><\/div>\n\t\t\t\t\t\t\t\t\t  <\/div>\n\t\t\t\t\t\t\t\t\t  \n\t\t\t\t\t\t\t\t   <span class=\"yuzo__text--title\" style=\"font-size:13px;\">Est\u00e1 valendo! Senadores petistas celebram al\u00edvio n...<\/span>\n\t\t\t\t\t\t\t  \n\t\t\t\t\t\t\t  \n\t\t\t\t\t\t\t  <\/a>\n\n\t\t\t\t\t\t  <\/div>\n\t\t\t\t\t\t  <div class=\"relatedthumb \" style=\"width:125px;float:left;overflow:hidden;\">  \n\t\t\t\t\t\t\t  \n\t\t\t\t\t\t\t  <a  href=\"https:\/\/redept.com.br\/blogosfera\/nova-reitora-da-ufam-promete-mais-inclusao-e-foco-na-amazonia\/\"  >\n\t\t\t\t\t\t\t\t\t  <div class=\"yuzo-img-wrap \" style=\"width: 125px;height:90px;\">\n\t\t\t\t\t\t\t\t\t\t\n\t\t\t\t\t\t\t\t\t\t<div class=\"yuzo-img\" style=\"background:url('https:\/\/redept.com.br\/blogosfera\/wp-content\/uploads\/2025\/07\/image-6-1-150x150.png') 50% 50% no-repeat;width: 125px;height:90px;margin-bottom: 5px;background-size: cover; \"><\/div>\n\t\t\t\t\t\t\t\t\t  <\/div>\n\t\t\t\t\t\t\t\t\t  \n\t\t\t\t\t\t\t\t   <span class=\"yuzo__text--title\" style=\"font-size:13px;\">Nova reitora da Ufam promete mais inclus\u00e3o e foco ...<\/span>\n\t\t\t\t\t\t\t  \n\t\t\t\t\t\t\t  \n\t\t\t\t\t\t\t  <\/a>\n\n\t\t\t\t\t\t  <\/div>\n\t\t\t\t\t\t  <div class=\"relatedthumb \" style=\"width:125px;float:left;overflow:hidden;\">  \n\t\t\t\t\t\t\t  \n\t\t\t\t\t\t\t  <a  href=\"https:\/\/redept.com.br\/blogosfera\/jornada-de-luta-das-mulheres-sem-terra-de-mato-grosso\/\"  >\n\t\t\t\t\t\t\t\t\t  <div class=\"yuzo-img-wrap \" style=\"width: 125px;height:90px;\">\n\t\t\t\t\t\t\t\t\t\t\n\t\t\t\t\t\t\t\t\t\t<div class=\"yuzo-img\" style=\"background:url('https:\/\/redept.com.br\/blogosfera\/wp-content\/uploads\/2025\/03\/IMG-20250312-WA0107-1024x768-1-150x150.jpg') 50% 50% no-repeat;width: 125px;height:90px;margin-bottom: 5px;background-size: cover; \"><\/div>\n\t\t\t\t\t\t\t\t\t  <\/div>\n\t\t\t\t\t\t\t\t\t  \n\t\t\t\t\t\t\t\t   <span class=\"yuzo__text--title\" style=\"font-size:13px;\">Jornada de luta das mulheres Sem Terra de Mato Gro...<\/span>\n\t\t\t\t\t\t\t  \n\t\t\t\t\t\t\t  \n\t\t\t\t\t\t\t  <\/a>\n\n\t\t\t\t\t\t  <\/div>\n\t\t\t\t\t\t  <div class=\"relatedthumb \" style=\"width:125px;float:left;overflow:hidden;\">  \n\t\t\t\t\t\t\t  \n\t\t\t\t\t\t\t  <a  href=\"https:\/\/redept.com.br\/blogosfera\/votacao-do-plebiscito-popular-2025-tem-inicio-na-paraiba-com-urnas-em-universidades-e-sindicatos\/\"  >\n\t\t\t\t\t\t\t\t\t  <div class=\"yuzo-img-wrap \" style=\"width: 125px;height:90px;\">\n\t\t\t\t\t\t\t\t\t\t\n\t\t\t\t\t\t\t\t\t\t<div class=\"yuzo-img\" style=\"background:url('https:\/\/redept.com.br\/blogosfera\/wp-content\/uploads\/2025\/07\/WhatsApp-Image-2025-07-03-at-124713-150x150.jpeg') 50% 50% no-repeat;width: 125px;height:90px;margin-bottom: 5px;background-size: cover; \"><\/div>\n\t\t\t\t\t\t\t\t\t  <\/div>\n\t\t\t\t\t\t\t\t\t  \n\t\t\t\t\t\t\t\t   <span class=\"yuzo__text--title\" style=\"font-size:13px;\">Vota\u00e7\u00e3o do Plebiscito Popular 2025 tem in\u00edcio na P...<\/span>\n\t\t\t\t\t\t\t  \n\t\t\t\t\t\t\t  \n\t\t\t\t\t\t\t  <\/a>\n\n\t\t\t\t\t\t  <\/div>\n<\/div> <script>\n\t\t\t\t\t\t  jQuery(document).ready(function( $ ){\n\t\t\t\t\t\t\t\/\/jQuery('.yuzo_related_post').equalizer({ overflow : 'relatedthumb' });\n\t\t\t\t\t\t\tjQuery('.yuzo_related_post .yuzo_wraps').equalizer({ columns : '> div' });\n\t\t\t\t\t\t   })\n\t\t\t\t\t\t  <\/script> <!-- End Yuzo :) -->","protected":false},"excerpt":{"rendered":"<p>Em julho a paralisa\u00e7\u00e3o dos servidores t\u00e9cnico-administrativos da Universidade de Bras\u00edlia (UnB) completou quatro meses. Pr\u00f3ximo ao in\u00edcio do segundo semestre do ano, marcado para 18 de agosto, a categoria ainda n\u00e3o tem expectativa de encerrar a greve.\u00a0 Uma assembleia realizada na manh\u00e3 desta ter\u00e7a-feira (5), aprovou o documento para a Advocacia Geral da Uni\u00e3o [&hellip;]<\/p>\n","protected":false},"author":2,"featured_media":0,"comment_status":"open","ping_status":"closed","sticky":false,"template":"","format":"standard","meta":{"fifu_image_url":"","fifu_image_alt":"","footnotes":""},"categories":[234,95,1209],"tags":[],"class_list":["post-43059","post","type-post","status-publish","format-standard","hentry","category-distrito-federal","category-educacao","category-unb"],"_links":{"self":[{"href":"https:\/\/redept.com.br\/blogosfera\/wp-json\/wp\/v2\/posts\/43059","targetHints":{"allow":["GET"]}}],"collection":[{"href":"https:\/\/redept.com.br\/blogosfera\/wp-json\/wp\/v2\/posts"}],"about":[{"href":"https:\/\/redept.com.br\/blogosfera\/wp-json\/wp\/v2\/types\/post"}],"author":[{"embeddable":true,"href":"https:\/\/redept.com.br\/blogosfera\/wp-json\/wp\/v2\/users\/2"}],"replies":[{"embeddable":true,"href":"https:\/\/redept.com.br\/blogosfera\/wp-json\/wp\/v2\/comments?post=43059"}],"version-history":[{"count":0,"href":"https:\/\/redept.com.br\/blogosfera\/wp-json\/wp\/v2\/posts\/43059\/revisions"}],"wp:attachment":[{"href":"https:\/\/redept.com.br\/blogosfera\/wp-json\/wp\/v2\/media?parent=43059"}],"wp:term":[{"taxonomy":"category","embeddable":true,"href":"https:\/\/redept.com.br\/blogosfera\/wp-json\/wp\/v2\/categories?post=43059"},{"taxonomy":"post_tag","embeddable":true,"href":"https:\/\/redept.com.br\/blogosfera\/wp-json\/wp\/v2\/tags?post=43059"}],"curies":[{"name":"wp","href":"https:\/\/api.w.org\/{rel}","templated":true}]}}