{"id":43097,"date":"2025-08-07T10:54:17","date_gmt":"2025-08-07T13:54:17","guid":{"rendered":"https:\/\/redept.org\/blogosfera\/mulheres-indigenas-apresentam-49-propostas-para-orientar-politicas-publicas-no-governo-lula\/"},"modified":"2025-08-07T10:54:17","modified_gmt":"2025-08-07T13:54:17","slug":"mulheres-indigenas-apresentam-49-propostas-para-orientar-politicas-publicas-no-governo-lula","status":"publish","type":"post","link":"https:\/\/redept.com.br\/blogosfera\/mulheres-indigenas-apresentam-49-propostas-para-orientar-politicas-publicas-no-governo-lula\/","title":{"rendered":"Mulheres ind\u00edgenas apresentam 49 propostas para orientar pol\u00edticas p\u00fablicas no governo Lula"},"content":{"rendered":"<p>Encerrada nesta quarta-feira (6), em Bras\u00edlia, a <a href=\"https:\/\/www.brasildefato.com.br\/2025\/07\/31\/cinco-mil-mulheres-indigenas-vao-a-brasilia-para-conferencia-e-marcha-ate-o-congresso-nacional\/\">1\u00aa Confer\u00eancia Nacional das Mulheres Ind\u00edgenas<\/a> gerou documento com 49 propostas para orientar e fortalecer pol\u00edticas p\u00fablicas voltadas ao grupo. O encontro, que reuniu cerca de 5 mil mulheres ind\u00edgenas de diferentes biomas e estados brasileiros, foi coordenado pelos minist\u00e9rios dos Povos Ind\u00edgenas e das Mulheres, com o apoio da Articula\u00e7\u00e3o Nacional das Mulheres Ind\u00edgenas Guerreiras da Ancestralidade (Anmiga).<\/p>\n<p>Entre as propostas, as mulheres ind\u00edgenas reivindicam a demarca\u00e7\u00e3o, homologa\u00e7\u00e3o e amplia\u00e7\u00e3o dos territ\u00f3rios ind\u00edgenas como pol\u00edtica de Estado, cria\u00e7\u00e3o de canal espec\u00edfico de den\u00fancias sobre viola\u00e7\u00f5es territoriais e ambientais e aprova\u00e7\u00e3o da <a href=\"https:\/\/www.brasildefato.com.br\/2024\/08\/15\/acao-cobra-reparacao-dos-danos-causados-a-indigenas-durante-ditadura-no-rs-entidades-querem-ser-ouvidas\/\">Pol\u00edtica Nacional de Gest\u00e3o Territorial e Ambiental de Terras Ind\u00edgenas (PNGATI)<\/a>.<\/p>\n<p>A revoga\u00e7\u00e3o da tese do marco temporal tamb\u00e9m \u00e9 demanda central do grupo. Aprovado em dezembro de 2023 pelo Congresso Nacional, ele determina que os ind\u00edgenas t\u00eam direito somente \u00e0s terras que estavam em sua posse no dia 5 de outubro de 1988, data da promulga\u00e7\u00e3o da Constitui\u00e7\u00e3o Federal, ou que estavam em disputa judicial na \u00e9poca.<\/p>\n<p>As propostas tamb\u00e9m incluem a universaliza\u00e7\u00e3o do acesso \u00e0 \u00e1gua pot\u00e1vel nas comunidades ind\u00edgenas e o fortalecimento das brigadas ind\u00edgenas no combate a inc\u00eandios. S\u00e3o enfatizadas a cria\u00e7\u00e3o da categoria de Agentes Territoriais e Ambientais Ind\u00edgenas, a prote\u00e7\u00e3o \u00e0s defensoras ambientais e pol\u00edticas de reflorestamento e soberania alimentar<\/p>\n<p>A carta tamb\u00e9m prop\u00f5e um <a href=\"https:\/\/www.brasildefato.com.br\/2023\/11\/30\/especialistas-reforcam-importancia-do-novembro-negro-e-necessidade-de-enfrentamento-ao-racismo-institucional\/\">Plano Nacional de Enfrentamento ao Racismo Institucional<\/a> com foco nas mulheres ind\u00edgenas e a cria\u00e7\u00e3o e gest\u00e3o ind\u00edgena das Casas da Mulher Ind\u00edgena (CAMIs) em todos os biomas.\u00a0<\/p>\n<p>A ministra dos Povos Ind\u00edgenas, Sonia Guajajara, afirmou que a cultura machista exp\u00f5e as mulheres ind\u00edgenas a diversas formas de viol\u00eancia, desde abusos di\u00e1rios at\u00e9 os impactos de conflitos territoriais.<\/p>\n<p>\u201cO Brasil \u00e9 um pa\u00eds ainda muito machista, marcado por viol\u00eancia contra as mulheres. Nos territ\u00f3rios ind\u00edgenas tamb\u00e9m n\u00e3o \u00e9 diferente e as mulheres s\u00e3o acometidas por muitos tipos de viol\u00eancia, desde conflitos territoriais e a ideia equivocada de que faz parte da cultura violentar mulheres\u201d, disse em entrevista ao programa \u201cBom dia, Ministra\u201d, produzido pelo <em>Canal Gov<\/em>, da <em>Empresa Brasil de Comunica\u00e7\u00e3o (EBC).<\/em><\/p>\n<p>A chefe da pasta tamb\u00e9m afirmou que deve em breve assinar uma portaria conjunta com o Minist\u00e9rio das Mulheres para a cria\u00e7\u00e3o de grupo de trabalho interministerial para dar andamento \u00e0 constru\u00e7\u00e3o desse plano.<\/p>\n<p>\u201cViemos nesse grupo de 5 mil mulheres de todos os estados, de todos os biomas, para juntas a gente trazer subs\u00eddios e entregar ao Governo Federal, para construir um Plano Nacional de Pol\u00edticas para as Mulheres Ind\u00edgenas\u201d, disse. \u201cVamos assinar uma portaria conjunta, instituindo um grupo de trabalho para dar andamento \u00e0 constru\u00e7\u00e3o desse plano\u201d, concluiu.<\/p>\n<p><a href=\"https:\/\/anmiga.org\/wp-content\/uploads\/2025\/08\/CARTA-PELA-VIDA-E-PELOS-CORPOS-TERRITORIOS-Nosso-corpo-e-territorio-Somos-as-guardias-do-planeta-pela-cura-da-terra.pdf\">Clique aqui para ler o documento produzido pela 1\u00aa Confer\u00eancia Nacional das Mulheres Ind\u00edgenas na \u00edntegra.<\/a><\/p>\n<\/p>\n<p>O post <a href=\"https:\/\/www.brasildefato.com.br\/2025\/08\/07\/mulheres-indigenas-apresentam-49-propostas-para-orientar-politicas-publicas-no-governo-lula\/\">Mulheres ind\u00edgenas apresentam 49 propostas para orientar pol\u00edticas p\u00fablicas no governo Lula<\/a> apareceu primeiro em <a href=\"https:\/\/www.brasildefato.com.br\/\">Brasil de Fato<\/a>.<\/p>\n<!-- Begin Yuzo --><div class='yuzo_related_post style-1'  data-version='5.12.89'><!-- without result --><div class='yuzo_clearfixed yuzo__title yuzo__title'><h3>Related Post<\/h3><\/div>\n\t\t\t\t\t\t  <div class=\"relatedthumb \" style=\"width:125px;float:left;overflow:hidden;\">  \n\t\t\t\t\t\t\t  \n\t\t\t\t\t\t\t  <a  href=\"https:\/\/redept.com.br\/blogosfera\/proposta-de-carmen-lucia-para-conduta-de-juizes-eleitorais-restringe-participacao-em-eventos-e-proibe-presentes\/\"  >\n\t\t\t\t\t\t\t\t\t  <div class=\"yuzo-img-wrap \" style=\"width: 125px;height:90px;\">\n\t\t\t\t\t\t\t\t\t\t\n\t\t\t\t\t\t\t\t\t\t<div class=\"yuzo-img\" style=\"background:url('https:\/\/redept.org\/blogosfera\/wp-content\/plugins\/yuzo-related-post\/assets\/images\/default.png') 50% 50% no-repeat;width: 125px;height:90px;margin-bottom: 5px;background-size: cover; \"><\/div>\n\t\t\t\t\t\t\t\t\t  <\/div>\n\t\t\t\t\t\t\t\t\t  \n\t\t\t\t\t\t\t\t   <span class=\"yuzo__text--title\" style=\"font-size:13px;\">Proposta de C\u00e1rmen L\u00facia para conduta de ju\u00edzes el...<\/span>\n\t\t\t\t\t\t\t  \n\t\t\t\t\t\t\t  \n\t\t\t\t\t\t\t  <\/a>\n\n\t\t\t\t\t\t  <\/div>\n\t\t\t\t\t\t  <div class=\"relatedthumb \" style=\"width:125px;float:left;overflow:hidden;\">  \n\t\t\t\t\t\t\t  \n\t\t\t\t\t\t\t  <a  href=\"https:\/\/redept.com.br\/blogosfera\/o-ruido-diario\/\"  >\n\t\t\t\t\t\t\t\t\t  <div class=\"yuzo-img-wrap \" style=\"width: 125px;height:90px;\">\n\t\t\t\t\t\t\t\t\t\t\n\t\t\t\t\t\t\t\t\t\t<div class=\"yuzo-img\" style=\"background:url('https:\/\/redept.com.br\/blogosfera\/wp-content\/uploads\/2026\/02\/ruido-150x150.webp') 50% 50% no-repeat;width: 125px;height:90px;margin-bottom: 5px;background-size: cover; \"><\/div>\n\t\t\t\t\t\t\t\t\t  <\/div>\n\t\t\t\t\t\t\t\t\t  \n\t\t\t\t\t\t\t\t   <span class=\"yuzo__text--title\" style=\"font-size:13px;\">O ru\u00eddo di\u00e1rio<\/span>\n\t\t\t\t\t\t\t  \n\t\t\t\t\t\t\t  \n\t\t\t\t\t\t\t  <\/a>\n\n\t\t\t\t\t\t  <\/div>\n\t\t\t\t\t\t  <div class=\"relatedthumb \" style=\"width:125px;float:left;overflow:hidden;\">  \n\t\t\t\t\t\t\t  \n\t\t\t\t\t\t\t  <a  href=\"https:\/\/redept.com.br\/blogosfera\/escandalo-atinge-irma-de-milei-e-abala-governo-argentino-as-vesperas-das-eleicoes\/\"  >\n\t\t\t\t\t\t\t\t\t  <div class=\"yuzo-img-wrap \" style=\"width: 125px;height:90px;\">\n\t\t\t\t\t\t\t\t\t\t\n\t\t\t\t\t\t\t\t\t\t<div class=\"yuzo-img\" style=\"background:url('https:\/\/redept.com.br\/blogosfera\/wp-content\/uploads\/2025\/08\/Captura-de-Tela-2025-08-26-as-145732-2048x1238-1-150x150.png') 50% 50% no-repeat;width: 125px;height:90px;margin-bottom: 5px;background-size: cover; \"><\/div>\n\t\t\t\t\t\t\t\t\t  <\/div>\n\t\t\t\t\t\t\t\t\t  \n\t\t\t\t\t\t\t\t   <span class=\"yuzo__text--title\" style=\"font-size:13px;\">Esc\u00e2ndalo atinge irm\u00e3 de Milei e abala governo arg...<\/span>\n\t\t\t\t\t\t\t  \n\t\t\t\t\t\t\t  \n\t\t\t\t\t\t\t  <\/a>\n\n\t\t\t\t\t\t  <\/div>\n\t\t\t\t\t\t  <div class=\"relatedthumb \" style=\"width:125px;float:left;overflow:hidden;\">  \n\t\t\t\t\t\t\t  \n\t\t\t\t\t\t\t  <a  href=\"https:\/\/redept.com.br\/blogosfera\/ao-todo-190-criancas-viraram-martires-no-ira-o-drama-oculto-dos-hospitais-destruidos-por-bombas\/\"  >\n\t\t\t\t\t\t\t\t\t  <div class=\"yuzo-img-wrap \" style=\"width: 125px;height:90px;\">\n\t\t\t\t\t\t\t\t\t\t\n\t\t\t\t\t\t\t\t\t\t<div class=\"yuzo-img\" style=\"background:url('https:\/\/redept.org\/blogosfera\/wp-content\/plugins\/yuzo-related-post\/assets\/images\/default.png') 50% 50% no-repeat;width: 125px;height:90px;margin-bottom: 5px;background-size: cover; \"><\/div>\n\t\t\t\t\t\t\t\t\t  <\/div>\n\t\t\t\t\t\t\t\t\t  \n\t\t\t\t\t\t\t\t   <span class=\"yuzo__text--title\" style=\"font-size:13px;\">Ao todo, 190 crian\u00e7as viraram m\u00e1rtires no Ir\u00e3: o d...<\/span>\n\t\t\t\t\t\t\t  \n\t\t\t\t\t\t\t  \n\t\t\t\t\t\t\t  <\/a>\n\n\t\t\t\t\t\t  <\/div>\n<\/div> <script>\n\t\t\t\t\t\t  jQuery(document).ready(function( $ ){\n\t\t\t\t\t\t\t\/\/jQuery('.yuzo_related_post').equalizer({ overflow : 'relatedthumb' });\n\t\t\t\t\t\t\tjQuery('.yuzo_related_post .yuzo_wraps').equalizer({ columns : '> div' });\n\t\t\t\t\t\t   })\n\t\t\t\t\t\t  <\/script> <!-- End Yuzo :) -->","protected":false},"excerpt":{"rendered":"<p>Encerrada nesta quarta-feira (6), em Bras\u00edlia, a 1\u00aa Confer\u00eancia Nacional das Mulheres Ind\u00edgenas gerou documento com 49 propostas para orientar e fortalecer pol\u00edticas p\u00fablicas voltadas ao grupo. O encontro, que reuniu cerca de 5 mil mulheres ind\u00edgenas de diferentes biomas e estados brasileiros, foi coordenado pelos minist\u00e9rios dos Povos Ind\u00edgenas e das Mulheres, com o [&hellip;]<\/p>\n","protected":false},"author":2,"featured_media":0,"comment_status":"open","ping_status":"closed","sticky":false,"template":"","format":"standard","meta":{"fifu_image_url":"","fifu_image_alt":"","footnotes":""},"categories":[109,154,2791,9133,4711,2631],"tags":[],"class_list":["post-43097","post","type-post","status-publish","format-standard","hentry","category-amazonia","category-crise-climatica","category-lutas","category-mulheres-indigenas","category-socioambiental","category-sonia-guajajara"],"_links":{"self":[{"href":"https:\/\/redept.com.br\/blogosfera\/wp-json\/wp\/v2\/posts\/43097","targetHints":{"allow":["GET"]}}],"collection":[{"href":"https:\/\/redept.com.br\/blogosfera\/wp-json\/wp\/v2\/posts"}],"about":[{"href":"https:\/\/redept.com.br\/blogosfera\/wp-json\/wp\/v2\/types\/post"}],"author":[{"embeddable":true,"href":"https:\/\/redept.com.br\/blogosfera\/wp-json\/wp\/v2\/users\/2"}],"replies":[{"embeddable":true,"href":"https:\/\/redept.com.br\/blogosfera\/wp-json\/wp\/v2\/comments?post=43097"}],"version-history":[{"count":0,"href":"https:\/\/redept.com.br\/blogosfera\/wp-json\/wp\/v2\/posts\/43097\/revisions"}],"wp:attachment":[{"href":"https:\/\/redept.com.br\/blogosfera\/wp-json\/wp\/v2\/media?parent=43097"}],"wp:term":[{"taxonomy":"category","embeddable":true,"href":"https:\/\/redept.com.br\/blogosfera\/wp-json\/wp\/v2\/categories?post=43097"},{"taxonomy":"post_tag","embeddable":true,"href":"https:\/\/redept.com.br\/blogosfera\/wp-json\/wp\/v2\/tags?post=43097"}],"curies":[{"name":"wp","href":"https:\/\/api.w.org\/{rel}","templated":true}]}}