{"id":43317,"date":"2025-08-07T19:27:36","date_gmt":"2025-08-07T22:27:36","guid":{"rendered":"https:\/\/redept.org\/blogosfera\/a-cada-passo-a-direita-bolsonarista-afunda-um-pouco-mais\/"},"modified":"2025-08-07T19:27:36","modified_gmt":"2025-08-07T22:27:36","slug":"a-cada-passo-a-direita-bolsonarista-afunda-um-pouco-mais","status":"publish","type":"post","link":"https:\/\/redept.com.br\/blogosfera\/a-cada-passo-a-direita-bolsonarista-afunda-um-pouco-mais\/","title":{"rendered":"A cada passo, a direita bolsonarista afunda um pouco mais"},"content":{"rendered":"<p>Parlamentares da base bolsonarista est\u00e3o revoltados com a posi\u00e7\u00e3o do presidente do Senado sobre o impeachment de Alexandre de Moraes<\/p>\n<p>Senadores bolsonaristas protocolaram nesta quinta-feira (7) um pedido de impeachment contra o ministro Alexandre de Moraes, do Supremo Tribunal Federal (STF), ap\u00f3s obterem as 41 assinaturas necess\u00e1rias.<\/p>\n<p>No entanto, a alegria dos senadores bolsonaristas durou pouco. O presidente do Senado, Davi Alcolumbre (Uni\u00e3o-AP), foi categ\u00f3rico durante reuni\u00e3o com l\u00edderes: \u201cNem se tiver 81 assinaturas, ainda assim n\u00e3o pauto impeachment de ministro do STF para votar.\u201d<\/p>\n<p>A declara\u00e7\u00e3o de Alcolumbre j\u00e1 repercute entre os parlamentares bolsonaristas e provocou uma rea\u00e7\u00e3o inacredit\u00e1vel do deputado federal Nikolas Ferreira (PL-MG), que fez uma grave amea\u00e7a ao presidente do Senado.<\/p>\n<p>Por meio de suas redes sociais, Nikolas Ferreira ironizou a fala de Alcolumbre e disse: \u201cEnt\u00e3o ser\u00e3o dois impeachments.\u201d Com Forum.<\/p>\n<p><imgsrc=\"https:\/\/i0.wp.com\/antropofagista.com.br\/wp-content\/uploads\/2025\/08\/Captura-de-tela_7-8-2025_192019_revistaforum.com_.br_.jpeg?w=604&amp;ssl=1\" alt=\"\" width=\"303\" height=\"351\" srcset=\"https:\/\/i0.wp.com\/antropofagista.com.br\/wp-content\/uploads\/2025\/08\/Captura-de-tela_7-8-2025_192019_revistaforum.com_.br_.jpeg?resize=259%2C300&amp;ssl=1 259w, https:\/\/i0.wp.com\/antropofagista.com.br\/wp-content\/uploads\/2025\/08\/Captura-de-tela_7-8-2025_192019_revistaforum.com_.br_.jpeg?w=604&amp;ssl=1 604w\" sizes=\"(max-width: 303px) 100vw, 303px\" data-recalc-dims=\"1\"><\/p>\n<hr>\n<h5>Apoie o Antropofagista com qualquer valor<br \/>\nPIX: 45013993768<br \/>\nAgradecemos imensamente<\/h5>\n<hr>\n<p><strong>Siga-nos no Whatsapp:<\/strong> https:\/\/chat.whatsapp.com\/EDwMnaR2cC27mPiXJEH24i?mode=ac_t<\/p>\n<p><strong>Siga-nos no Facebook:<\/strong> https:\/\/www.facebook.com\/profile.php?id=100070790366110<\/p>\n<p><strong>Siga-nos no X:<\/strong> https:\/\/x.com\/Antropofagista1<\/p>\n<p><strong>Siga-nos no Instagram<\/strong> https:\/\/www.instagram.com\/blogantropofagista?igsh=YzljYTk1ODg3Zg<\/p>\n<p>The post A cada passo, a direita bolsonarista afunda um pouco mais first appeared on Antropofagista.<\/p>\n<!-- Begin Yuzo --><div class='yuzo_related_post style-1'  data-version='5.12.89'><!-- without result --><div class='yuzo_clearfixed yuzo__title yuzo__title'><h3>Related Post<\/h3><\/div>\n\t\t\t\t\t\t  <div class=\"relatedthumb \" style=\"width:125px;float:left;overflow:hidden;\">  \n\t\t\t\t\t\t\t  \n\t\t\t\t\t\t\t  <a  href=\"https:\/\/redept.com.br\/blogosfera\/oracao-do-angelus-23-3-papa-francisco-fala-da-ucrania-palestina-e-da-internacao\/\"  >\n\t\t\t\t\t\t\t\t\t  <div class=\"yuzo-img-wrap \" style=\"width: 125px;height:90px;\">\n\t\t\t\t\t\t\t\t\t\t\n\t\t\t\t\t\t\t\t\t\t<div class=\"yuzo-img\" style=\"background:url('https:\/\/redept.com.br\/blogosfera\/wp-content\/uploads\/2025\/02\/desenho-crianca-setor-oncologia-gemelli-para-papa-francisco-150x150.jpeg') 50% 50% no-repeat;width: 125px;height:90px;margin-bottom: 5px;background-size: cover; \"><\/div>\n\t\t\t\t\t\t\t\t\t  <\/div>\n\t\t\t\t\t\t\t\t\t  \n\t\t\t\t\t\t\t\t   <span class=\"yuzo__text--title\" style=\"font-size:13px;\">Ora\u00e7\u00e3o do Angelus (23\/3): Papa Francisco fala da U...<\/span>\n\t\t\t\t\t\t\t  \n\t\t\t\t\t\t\t  \n\t\t\t\t\t\t\t  <\/a>\n\n\t\t\t\t\t\t  <\/div>\n\t\t\t\t\t\t  <div class=\"relatedthumb \" style=\"width:125px;float:left;overflow:hidden;\">  \n\t\t\t\t\t\t\t  \n\t\t\t\t\t\t\t  <a  href=\"https:\/\/redept.com.br\/blogosfera\/cop30-noruega-vai-investir-us-3-bi-no-fundo-florestas-tropicais-para-sempre\/\"  >\n\t\t\t\t\t\t\t\t\t  <div class=\"yuzo-img-wrap \" style=\"width: 125px;height:90px;\">\n\t\t\t\t\t\t\t\t\t\t\n\t\t\t\t\t\t\t\t\t\t<div class=\"yuzo-img\" style=\"background:url('https:\/\/redept.org\/blogosfera\/wp-content\/plugins\/yuzo-related-post\/assets\/images\/default.png') 50% 50% no-repeat;width: 125px;height:90px;margin-bottom: 5px;background-size: cover; \"><\/div>\n\t\t\t\t\t\t\t\t\t  <\/div>\n\t\t\t\t\t\t\t\t\t  \n\t\t\t\t\t\t\t\t   <span class=\"yuzo__text--title\" style=\"font-size:13px;\">COP30: Noruega vai investir US$ 3 bi no Fundo Flor...<\/span>\n\t\t\t\t\t\t\t  \n\t\t\t\t\t\t\t  \n\t\t\t\t\t\t\t  <\/a>\n\n\t\t\t\t\t\t  <\/div>\n\t\t\t\t\t\t  <div class=\"relatedthumb \" style=\"width:125px;float:left;overflow:hidden;\">  \n\t\t\t\t\t\t\t  \n\t\t\t\t\t\t\t  <a  href=\"https:\/\/redept.com.br\/blogosfera\/stf-inicia-depoimentos-de-testemunhas-da-trama-golpista\/\"  >\n\t\t\t\t\t\t\t\t\t  <div class=\"yuzo-img-wrap \" style=\"width: 125px;height:90px;\">\n\t\t\t\t\t\t\t\t\t\t\n\t\t\t\t\t\t\t\t\t\t<div class=\"yuzo-img\" style=\"background:url('https:\/\/redept.org\/blogosfera\/wp-content\/plugins\/yuzo-related-post\/assets\/images\/default.png') 50% 50% no-repeat;width: 125px;height:90px;margin-bottom: 5px;background-size: cover; \"><\/div>\n\t\t\t\t\t\t\t\t\t  <\/div>\n\t\t\t\t\t\t\t\t\t  \n\t\t\t\t\t\t\t\t   <span class=\"yuzo__text--title\" style=\"font-size:13px;\">STF inicia depoimentos de testemunhas da trama gol...<\/span>\n\t\t\t\t\t\t\t  \n\t\t\t\t\t\t\t  \n\t\t\t\t\t\t\t  <\/a>\n\n\t\t\t\t\t\t  <\/div>\n\t\t\t\t\t\t  <div class=\"relatedthumb \" style=\"width:125px;float:left;overflow:hidden;\">  \n\t\t\t\t\t\t\t  \n\t\t\t\t\t\t\t  <a  href=\"https:\/\/redept.com.br\/blogosfera\/audiencia-em-sao-leopoldo-rs-debate-a-defesa-do-estado-laico-para-a-manutencao-da-democracia\/\"  >\n\t\t\t\t\t\t\t\t\t  <div class=\"yuzo-img-wrap \" style=\"width: 125px;height:90px;\">\n\t\t\t\t\t\t\t\t\t\t\n\t\t\t\t\t\t\t\t\t\t<div class=\"yuzo-img\" style=\"background:url('https:\/\/redept.com.br\/blogosfera\/wp-content\/uploads\/2025\/04\/WhatsApp-Image-2025-04-17-at-100143-150x150.jpeg') 50% 50% no-repeat;width: 125px;height:90px;margin-bottom: 5px;background-size: cover; \"><\/div>\n\t\t\t\t\t\t\t\t\t  <\/div>\n\t\t\t\t\t\t\t\t\t  \n\t\t\t\t\t\t\t\t   <span class=\"yuzo__text--title\" style=\"font-size:13px;\">Audi\u00eancia em S\u00e3o Leopoldo (RS) debate a defesa do ...<\/span>\n\t\t\t\t\t\t\t  \n\t\t\t\t\t\t\t  \n\t\t\t\t\t\t\t  <\/a>\n\n\t\t\t\t\t\t  <\/div>\n<\/div> <script>\n\t\t\t\t\t\t  jQuery(document).ready(function( $ ){\n\t\t\t\t\t\t\t\/\/jQuery('.yuzo_related_post').equalizer({ overflow : 'relatedthumb' });\n\t\t\t\t\t\t\tjQuery('.yuzo_related_post .yuzo_wraps').equalizer({ columns : '> div' });\n\t\t\t\t\t\t   })\n\t\t\t\t\t\t  <\/script> <!-- End Yuzo :) -->","protected":false},"excerpt":{"rendered":"<p>Parlamentares da base bolsonarista est\u00e3o revoltados com a posi\u00e7\u00e3o do presidente do Senado sobre o impeachment de Alexandre de Moraes Senadores bolsonaristas protocolaram nesta quinta-feira (7) um pedido de impeachment contra o ministro Alexandre de Moraes, do Supremo Tribunal Federal (STF), ap\u00f3s obterem as 41 assinaturas necess\u00e1rias. No entanto, a alegria dos senadores bolsonaristas durou [\u2026]<\/p>\n<p>The post <a href=\"https:\/\/antropofagista.com.br\/2025\/08\/07\/a-cada-passo-a-direita-bolsonarista-afunda-um-pouco-mais\/\">A cada passo, a direita bolsonarista afunda um pouco mais<\/a> first appeared on <a href=\"https:\/\/antropofagista.com.br\/\">Antropofagista<\/a>.<\/p>\n","protected":false},"author":2,"featured_media":0,"comment_status":"open","ping_status":"closed","sticky":false,"template":"","format":"standard","meta":{"fifu_image_url":"","fifu_image_alt":"","footnotes":""},"categories":[9215,2966,2143,6750,132],"tags":[],"class_list":["post-43317","post","type-post","status-publish","format-standard","hentry","category-alcolumbre","category-impeachment","category-moraes","category-nikolas","category-politica"],"_links":{"self":[{"href":"https:\/\/redept.com.br\/blogosfera\/wp-json\/wp\/v2\/posts\/43317","targetHints":{"allow":["GET"]}}],"collection":[{"href":"https:\/\/redept.com.br\/blogosfera\/wp-json\/wp\/v2\/posts"}],"about":[{"href":"https:\/\/redept.com.br\/blogosfera\/wp-json\/wp\/v2\/types\/post"}],"author":[{"embeddable":true,"href":"https:\/\/redept.com.br\/blogosfera\/wp-json\/wp\/v2\/users\/2"}],"replies":[{"embeddable":true,"href":"https:\/\/redept.com.br\/blogosfera\/wp-json\/wp\/v2\/comments?post=43317"}],"version-history":[{"count":0,"href":"https:\/\/redept.com.br\/blogosfera\/wp-json\/wp\/v2\/posts\/43317\/revisions"}],"wp:attachment":[{"href":"https:\/\/redept.com.br\/blogosfera\/wp-json\/wp\/v2\/media?parent=43317"}],"wp:term":[{"taxonomy":"category","embeddable":true,"href":"https:\/\/redept.com.br\/blogosfera\/wp-json\/wp\/v2\/categories?post=43317"},{"taxonomy":"post_tag","embeddable":true,"href":"https:\/\/redept.com.br\/blogosfera\/wp-json\/wp\/v2\/tags?post=43317"}],"curies":[{"name":"wp","href":"https:\/\/api.w.org\/{rel}","templated":true}]}}