{"id":44091,"date":"2025-08-11T18:57:02","date_gmt":"2025-08-11T21:57:02","guid":{"rendered":"https:\/\/redept.org\/blogosfera\/onda-de-calor-atinge-europa-e-provoca-incendios-nos-balcas\/"},"modified":"2025-08-11T18:57:02","modified_gmt":"2025-08-11T21:57:02","slug":"onda-de-calor-atinge-europa-e-provoca-incendios-nos-balcas","status":"publish","type":"post","link":"https:\/\/redept.com.br\/blogosfera\/onda-de-calor-atinge-europa-e-provoca-incendios-nos-balcas\/","title":{"rendered":"Onda de calor atinge Europa e provoca inc\u00eandios nos B\u00e1lc\u00e3s"},"content":{"rendered":"<p><span>Uma onda de calor que atinge partes da Europa disparou alertas meteorol\u00f3gicos em todo o continente, elevou as temperaturas a n\u00edveis recordes na Fran\u00e7a e na Hungria, e provocou inc\u00eandios florestais na regi\u00e3o dos B\u00e1lc\u00e3s, onde fam\u00edlias precisaram ser evacuadas nesta segunda-feira (11\/08).<\/span><\/p>\n<p><span>No sul da Fran\u00e7a, recordes de temperatura foram quebrados em quatro esta\u00e7\u00f5es meteorol\u00f3gicas. Na cidade de Bordeaux os term\u00f4metros marcaram 41,6 \u00b0C, superando o recorde anterior de 41,2 \u00b0C registrado em 2019. Bergerac, Cognac e Saint-Girons tamb\u00e9m bateram recordes absolutos, segundo o servi\u00e7o meteorol\u00f3gico nacional, Meteo France.<\/span><\/p>\n<p><span>O \u00f3rg\u00e3o tamb\u00e9m colocou 12 departamentos sob alerta vermelho, que corresponde a uma onda de calor extrema, excepcional devido \u00e0 sua dura\u00e7\u00e3o, intensidade e extens\u00e3o geogr\u00e1fica, com impacto significativo na sa\u00fade e nas atividades humanas.<\/span><\/p>\n<p><span>Este n\u00edvel de alerta foi emitido apenas oito vezes no pa\u00eds desde que o sistema de notifica\u00e7\u00e3o foi criado, em 2004. A previs\u00e3o \u00e9 que outros quatro departamentos tamb\u00e9m sejam colocados nesse n\u00edvel de risco na ter\u00e7a-feira.<\/span><\/p>\n<p><span>No departamento de Aude, por exemplo, centenas de bombeiros permaneciam na zona rural protegendo os limites de um inc\u00eandio florestal que queimou 16 mil hectares (160 quil\u00f4metros quadrados) na \u00faltima semana. Autoridades dizem que o fogo est\u00e1 sob controle, mas alertam que n\u00e3o ser\u00e1 totalmente extinto por semanas.<\/span><\/p>\n<p><span>\u201cAs temperaturas m\u00e1ximas ainda podem subir mais\u201d, disse o meteorologista Patrick Galois, da Meteo France, a jornalistas. Segundo ele, o fen\u00f4meno pode se estender at\u00e9 19 ou 20 de agosto.<\/span><\/p>\n<p><span>\u201cN\u00e3o se engane. Isso n\u00e3o \u00e9 \u2018normal, \u00e9 ver\u00e3o\u2019. N\u00e3o \u00e9 normal, \u00e9 um pesadelo\u201d, disse o climatologista agr\u00edcola Serge Zaka \u00e0 emissora francesa <em>BFMTV<\/em>, em Montauban, onde o calor sufocante persistiu durante o dia todo.<\/span><\/p>\n<figure aria-describedby=\"caption-attachment-228061\"><img fetchpriority=\"high\" decoding=\"async\"src=\"https:\/\/redept.org\/blogosfera\/wp-content\/uploads\/2025\/08\/73606272_1004.webp\" alt=\"\" width=\"1200\" height=\"525\" srcset=\"https:\/\/redept.org\/blogosfera\/wp-content\/uploads\/2025\/08\/73606272_1004.webp 1200w, https:\/\/operamundi.uol.com.br\/wp-content\/uploads\/2025\/08\/73606272_1004-300x131.webp 300w, https:\/\/operamundi.uol.com.br\/wp-content\/uploads\/2025\/08\/73606272_1004-1024x448.webp 1024w, https:\/\/operamundi.uol.com.br\/wp-content\/uploads\/2025\/08\/73606272_1004-768x336.webp 768w, https:\/\/operamundi.uol.com.br\/wp-content\/uploads\/2025\/08\/73606272_1004-150x66.webp 150w, https:\/\/operamundi.uol.com.br\/wp-content\/uploads\/2025\/08\/73606272_1004-750x328.webp 750w, https:\/\/operamundi.uol.com.br\/wp-content\/uploads\/2025\/08\/73606272_1004-1140x499.webp 1140w\" sizes=\"(max-width: 1200px) 100vw, 1200px\"><figcaption>Fogo chegou pr\u00f3ximo \u00e0 capital de Montenegro, Podgorica <br \/>Risto Bozovic\/AP Photo\/picture alliance<\/figcaption><\/figure>\n<h3><span>Hungria registra calor recorde<\/span><\/h3>\n<p><span>No domingo, o sudeste da Hungria registrou um novo recorde nacional de 39,9 \u00b0C, superando a marca anterior obtida em 1948. Budapeste tamb\u00e9m bateu o recorde de calor da cidade, com 38,7 \u00b0C.<\/span><\/p>\n<p><span>Diante do calor extremo e da seca, as autoridades impuseram uma proibi\u00e7\u00e3o nacional de fazer fogueiras.<\/span><\/p>\n<p><span>No Reino Unido, o departamento meteorol\u00f3gico nacional espera que a quarta onda de calor do ver\u00e3o atinja o pico de 33 \u00b0C em Londres na ter\u00e7a-feira. A Ag\u00eancia de Seguran\u00e7a de Sa\u00fade emitiu um alerta amarelo para idosos e pessoas com condi\u00e7\u00f5es m\u00e9dicas.<\/span><\/p>\n<h3><span>Inc\u00eandios for\u00e7am evacua\u00e7\u00f5es nos B\u00e1lc\u00e3s<\/span><\/h3>\n<p><span>Na regi\u00e3o dos B\u00e1lc\u00e3s, inc\u00eandios florestais for\u00e7am evacua\u00e7\u00f5es em diversos pa\u00edses.<\/span><\/p>\n<p><span>Montenegro registrou inc\u00eandios pr\u00f3ximos \u00e0 capital, Podgorica, e ao longo da costa do Mar Adri\u00e1tico. Fam\u00edlias foram evacuadas de uma \u00e1rea ao norte da capital, enquanto unidades do Ex\u00e9rcito foram acionadas para proteger as ru\u00ednas da antiga cidade de Duklja.<\/span><\/p>\n<p><span>O alto funcion\u00e1rio de emerg\u00eancias Nikola Bojanovic descreveu a situa\u00e7\u00e3o como \u201ccatastr\u00f3fica\u201d. Autoridades pediram que a popula\u00e7\u00e3o economize \u00e1gua pot\u00e1vel para evitar racionamentos e pediram ajuda a pa\u00edses vizinhos.<\/span><\/p>\n<p><span>A onda de calor tamb\u00e9m atingiu a cidade de Mostar, no sul da B\u00f3snia, que registrou 43 \u00b0C. Na S\u00e9rvia, agricultores renovaram pedidos por abastecimento emergencial de \u00e1gua para o gado, ap\u00f3s riachos e lagoas diminu\u00edrem de n\u00edvel devido \u00e0 seca.<\/span><\/p>\n<p><span>Na Alb\u00e2nia, 800 soldados foram destacados para ajudar no combate de quase 40 focos de inc\u00eandio que surgiram nas \u00faltimas 24 horas, segundo o Minist\u00e9rio da Defesa do pa\u00eds.<\/span><\/p>\n<p><span>As chamas avan\u00e7aram sobre a \u00e1rea costeira ao sul do pa\u00eds, a cerca de 160 quil\u00f4metros ao sul da capital, onde v\u00e1rias casas foram destru\u00eddas na noite de domingo, conforme reportado pela m\u00eddia local.<\/span><\/p>\n<p><span>Na Bulg\u00e1ria, quase 200 focos de queimadas florestais foram registrados. A maioria foi controlada, mas a situa\u00e7\u00e3o continua \u201cmuito desafiadora\u201d, segundo a unidade nacional de seguran\u00e7a contra inc\u00eandios. Tr\u00eas grandes focos persistem ao longo das fronteiras com Gr\u00e9cia e Turquia. Mais de 100 bombeiros e equipes de emerg\u00eancia combatem as chamas.<\/span><\/p>\n<h3><span>Inc\u00eandio for\u00e7a fechamento do estreito de Dardanelos<\/span><\/h3>\n<p><span>Na Turquia, um inc\u00eandio florestal alimentado pelas altas temperaturas e ventos fortes for\u00e7ou a evacua\u00e7\u00e3o de casas e de um campus universit\u00e1rio, al\u00e9m de suspender o tr\u00e1fego mar\u00edtimo no noroeste do pa\u00eds.<\/span><\/p>\n<p><span>O fogo come\u00e7ou em um campo agr\u00edcola na prov\u00edncia de Canakkale e se espalhou para \u00e1reas florestais, apenas dois dias depois de equipes terem controlado outro inc\u00eandio semelhante na regi\u00e3o.<\/span><\/p>\n<p><span>O governador de Canakkale, Omer Toraman, informou que o estreito de Dardanelos \u2013 passagem que liga o Mar Egeu ao Mar de M\u00e1rmara \u2013 foi fechado para permitir a opera\u00e7\u00e3o de avi\u00f5es e helic\u00f3pteros de combate ao fogo.<\/span><\/p>\n<p>O post Onda de calor atinge Europa e provoca inc\u00eandios nos B\u00e1lc\u00e3s apareceu primeiro em Opera Mundi.<\/p>\n<!-- Begin Yuzo --><div class='yuzo_related_post style-1'  data-version='5.12.89'><!-- without result --><div class='yuzo_clearfixed yuzo__title yuzo__title'><h3>Related Post<\/h3><\/div>\n\t\t\t\t\t\t  <div class=\"relatedthumb \" style=\"width:125px;float:left;overflow:hidden;\">  \n\t\t\t\t\t\t\t  \n\t\t\t\t\t\t\t  <a  href=\"https:\/\/redept.com.br\/blogosfera\/governo-e-criticado-por-manter-acordo-de-cozinhas-solidarias-com-coca-cola\/\"  >\n\t\t\t\t\t\t\t\t\t  <div class=\"yuzo-img-wrap \" style=\"width: 125px;height:90px;\">\n\t\t\t\t\t\t\t\t\t\t\n\t\t\t\t\t\t\t\t\t\t<div class=\"yuzo-img\" style=\"background:url('https:\/\/redept.org\/blogosfera\/wp-content\/plugins\/yuzo-related-post\/assets\/images\/default.png') 50% 50% no-repeat;width: 125px;height:90px;margin-bottom: 5px;background-size: cover; \"><\/div>\n\t\t\t\t\t\t\t\t\t  <\/div>\n\t\t\t\t\t\t\t\t\t  \n\t\t\t\t\t\t\t\t   <span class=\"yuzo__text--title\" style=\"font-size:13px;\">Governo \u00e9 criticado por manter acordo de cozinhas ...<\/span>\n\t\t\t\t\t\t\t  \n\t\t\t\t\t\t\t  \n\t\t\t\t\t\t\t  <\/a>\n\n\t\t\t\t\t\t  <\/div>\n\t\t\t\t\t\t  <div class=\"relatedthumb \" style=\"width:125px;float:left;overflow:hidden;\">  \n\t\t\t\t\t\t\t  \n\t\t\t\t\t\t\t  <a  href=\"https:\/\/redept.com.br\/blogosfera\/asteroide-do-tamanho-de-um-predio-passara-de-raspao-pela-terra\/\"  >\n\t\t\t\t\t\t\t\t\t  <div class=\"yuzo-img-wrap \" style=\"width: 125px;height:90px;\">\n\t\t\t\t\t\t\t\t\t\t\n\t\t\t\t\t\t\t\t\t\t<div class=\"yuzo-img\" style=\"background:url('https:\/\/redept.com.br\/blogosfera\/wp-content\/uploads\/2025\/05\/asteroide-150x150.jpg') 50% 50% no-repeat;width: 125px;height:90px;margin-bottom: 5px;background-size: cover; \"><\/div>\n\t\t\t\t\t\t\t\t\t  <\/div>\n\t\t\t\t\t\t\t\t\t  \n\t\t\t\t\t\t\t\t   <span class=\"yuzo__text--title\" style=\"font-size:13px;\">Asteroide do tamanho de um pr\u00e9dio passar\u00e1 \u201cde rasp...<\/span>\n\t\t\t\t\t\t\t  \n\t\t\t\t\t\t\t  \n\t\t\t\t\t\t\t  <\/a>\n\n\t\t\t\t\t\t  <\/div>\n\t\t\t\t\t\t  <div class=\"relatedthumb \" style=\"width:125px;float:left;overflow:hidden;\">  \n\t\t\t\t\t\t\t  \n\t\t\t\t\t\t\t  <a  href=\"https:\/\/redept.com.br\/blogosfera\/mudancas-climaticas-onda-de-calor-deixa-2-300-mortos-na-europa\/\"  >\n\t\t\t\t\t\t\t\t\t  <div class=\"yuzo-img-wrap \" style=\"width: 125px;height:90px;\">\n\t\t\t\t\t\t\t\t\t\t\n\t\t\t\t\t\t\t\t\t\t<div class=\"yuzo-img\" style=\"background:url('https:\/\/redept.com.br\/blogosfera\/wp-content\/uploads\/2025\/07\/mudancas-climaticas-150x150.jpg') 50% 50% no-repeat;width: 125px;height:90px;margin-bottom: 5px;background-size: cover; \"><\/div>\n\t\t\t\t\t\t\t\t\t  <\/div>\n\t\t\t\t\t\t\t\t\t  \n\t\t\t\t\t\t\t\t   <span class=\"yuzo__text--title\" style=\"font-size:13px;\">Mudan\u00e7as clim\u00e1ticas: onda de calor deixa 2.300 mor...<\/span>\n\t\t\t\t\t\t\t  \n\t\t\t\t\t\t\t  \n\t\t\t\t\t\t\t  <\/a>\n\n\t\t\t\t\t\t  <\/div>\n\t\t\t\t\t\t  <div class=\"relatedthumb \" style=\"width:125px;float:left;overflow:hidden;\">  \n\t\t\t\t\t\t\t  \n\t\t\t\t\t\t\t  <a  href=\"https:\/\/redept.com.br\/blogosfera\/ibovespa-rompe-os-144-mil-pontos-e-fecha-em-novo-recorde-historico\/\"  >\n\t\t\t\t\t\t\t\t\t  <div class=\"yuzo-img-wrap \" style=\"width: 125px;height:90px;\">\n\t\t\t\t\t\t\t\t\t\t\n\t\t\t\t\t\t\t\t\t\t<div class=\"yuzo-img\" style=\"background:url('https:\/\/redept.org\/blogosfera\/wp-content\/plugins\/yuzo-related-post\/assets\/images\/default.png') 50% 50% no-repeat;width: 125px;height:90px;margin-bottom: 5px;background-size: cover; \"><\/div>\n\t\t\t\t\t\t\t\t\t  <\/div>\n\t\t\t\t\t\t\t\t\t  \n\t\t\t\t\t\t\t\t   <span class=\"yuzo__text--title\" style=\"font-size:13px;\">Ibovespa rompe os 144 mil pontos e fecha em novo r...<\/span>\n\t\t\t\t\t\t\t  \n\t\t\t\t\t\t\t  \n\t\t\t\t\t\t\t  <\/a>\n\n\t\t\t\t\t\t  <\/div>\n<\/div> <script>\n\t\t\t\t\t\t  jQuery(document).ready(function( $ ){\n\t\t\t\t\t\t\t\/\/jQuery('.yuzo_related_post').equalizer({ overflow : 'relatedthumb' });\n\t\t\t\t\t\t\tjQuery('.yuzo_related_post .yuzo_wraps').equalizer({ columns : '> div' });\n\t\t\t\t\t\t   })\n\t\t\t\t\t\t  <\/script> <!-- End Yuzo :) -->","protected":false},"excerpt":{"rendered":"<p>Uma onda de calor que atinge partes da Europa disparou alertas meteorol\u00f3gicos em todo o continente, elevou as temperaturas a n\u00edveis recordes na Fran\u00e7a e na Hungria, e provocou inc\u00eandios florestais na regi\u00e3o dos B\u00e1lc\u00e3s, onde fam\u00edlias precisaram ser evacuadas nesta segunda-feira (11\/08). No sul da Fran\u00e7a, recordes de temperatura foram quebrados em quatro esta\u00e7\u00f5es [\u2026]<\/p>\n<p>O post <a href=\"https:\/\/operamundi.uol.com.br\/meio-ambiente\/onda-de-calor-atinge-europa-e-provoca-incendios-nos-balcas\/\">Onda de calor atinge Europa e provoca inc\u00eandios nos B\u00e1lc\u00e3s<\/a> apareceu primeiro em <a href=\"https:\/\/operamundi.uol.com.br\/\">Opera Mundi<\/a>.<\/p>\n","protected":false},"author":2,"featured_media":44092,"comment_status":"closed","ping_status":"closed","sticky":false,"template":"","format":"standard","meta":{"fifu_image_url":"","fifu_image_alt":"","footnotes":""},"categories":[13646,3495,40,7655,842,18,13647,10234],"tags":[],"class_list":["post-44091","post","type-post","status-publish","format-standard","has-post-thumbnail","hentry","category-balcas","category-calor","category-europa","category-evacuacao","category-incendio","category-meio-ambiente","category-queimada","category-temperatura"],"_links":{"self":[{"href":"https:\/\/redept.com.br\/blogosfera\/wp-json\/wp\/v2\/posts\/44091","targetHints":{"allow":["GET"]}}],"collection":[{"href":"https:\/\/redept.com.br\/blogosfera\/wp-json\/wp\/v2\/posts"}],"about":[{"href":"https:\/\/redept.com.br\/blogosfera\/wp-json\/wp\/v2\/types\/post"}],"author":[{"embeddable":true,"href":"https:\/\/redept.com.br\/blogosfera\/wp-json\/wp\/v2\/users\/2"}],"replies":[{"embeddable":true,"href":"https:\/\/redept.com.br\/blogosfera\/wp-json\/wp\/v2\/comments?post=44091"}],"version-history":[{"count":0,"href":"https:\/\/redept.com.br\/blogosfera\/wp-json\/wp\/v2\/posts\/44091\/revisions"}],"wp:featuredmedia":[{"embeddable":true,"href":"https:\/\/redept.com.br\/blogosfera\/wp-json\/wp\/v2\/media\/44092"}],"wp:attachment":[{"href":"https:\/\/redept.com.br\/blogosfera\/wp-json\/wp\/v2\/media?parent=44091"}],"wp:term":[{"taxonomy":"category","embeddable":true,"href":"https:\/\/redept.com.br\/blogosfera\/wp-json\/wp\/v2\/categories?post=44091"},{"taxonomy":"post_tag","embeddable":true,"href":"https:\/\/redept.com.br\/blogosfera\/wp-json\/wp\/v2\/tags?post=44091"}],"curies":[{"name":"wp","href":"https:\/\/api.w.org\/{rel}","templated":true}]}}