{"id":44386,"date":"2025-08-12T22:43:03","date_gmt":"2025-08-13T01:43:03","guid":{"rendered":"https:\/\/redept.org\/blogosfera\/video-em-entrevista-a-reinaldo-azevedo-lula-anuncia-amanha-r-30-bilhoes-para-empresas-afetadas-por-tarifaco\/"},"modified":"2025-08-12T22:43:03","modified_gmt":"2025-08-13T01:43:03","slug":"video-em-entrevista-a-reinaldo-azevedo-lula-anuncia-amanha-r-30-bilhoes-para-empresas-afetadas-por-tarifaco","status":"publish","type":"post","link":"https:\/\/redept.com.br\/blogosfera\/video-em-entrevista-a-reinaldo-azevedo-lula-anuncia-amanha-r-30-bilhoes-para-empresas-afetadas-por-tarifaco\/","title":{"rendered":"V\u00eddeo: Em entrevista a Reinaldo Azevedo, Lula anuncia amanh\u00e3 R$ 30 bilh\u00f5es para empresas afetadas por tarifa\u00e7o"},"content":{"rendered":"<p>Plano ser\u00e1 lan\u00e7ado nesta quarta e ter\u00e1 recursos fora da meta fiscal<\/p>\n<p>As empresas afetadas pelo tarifa\u00e7o do governo de Donald Trump receber\u00e3o R$ 30 bilh\u00f5es em linhas de cr\u00e9dito, disse h\u00e1 pouco o presidente Luiz In\u00e1cio Lula da Silva. Em entrevista ao canal Band News, ele adiantou o valor da ajuda em cr\u00e9dito que ser\u00e1 anunciada nesta quarta-feira (13).<\/p>\n<p>\u201cAmanh\u00e3, vou lan\u00e7ar uma medida provis\u00f3ria que cria uma linha de cr\u00e9dito de R$ 30 bilh\u00f5es para as empresas brasileiras que porvntura tiveram preju\u00edzos com a taxa\u00e7\u00e3o do Trump. [Essa quantia de] R$ 30 bilh\u00f5es \u00e9 o come\u00e7o. Voc\u00ea n\u00e3o pode colocar mais porque n\u00e3o sabe quanto \u00e9\u2019, declarou Lula, indicando que o valor pode aumentar, caso seja necess\u00e1rio.<\/p>\n<p>De acordo com Lula, o plano dar\u00e1 prioridade \u00e0s menores companhias e a alimentos perec\u00edveis.<\/p>\n<p>\u201cA gente est\u00e1 pensando em ajudar as pequenas empresas, que exportam espinafre, frutas, mel e outras coisas. Empresas de m\u00e1quinas. As grandes empresas t\u00eam mais poder de resist\u00eancia. N\u00f3s vamos aprovar [a medida provis\u00f3ria] amanh\u00e3, e acho que vai ser importante para a gente mostrar que ningu\u00e9m ficar\u00e1 desamparado pela taxa\u00e7\u00e3o do presidente Trump\u201d, prosseguiu o presidente.<\/p>\n<p>Segundo Lula, o plano procurar\u00e1 preservar os empregos e buscar mercados alternativos para os setores afetados.<\/p>\n<p>\u201cVamos cuidar dos trabalhadores dessas empresas, vamos procurar achar outros mercados para essas empresas. Estamos mandando a outros pa\u00edses a lista das empresas que vendiam para os Estados Unidos porque a gente tem um lema: ningu\u00e9m larga a m\u00e3o de ningu\u00e9m\u201d, acrescentou.<\/p>\n<p>O presidente tamb\u00e9m anunciou que ajudar\u00e1 os empres\u00e1rios afetados a brigar, na Justi\u00e7a estadunidense, contra o tarifa\u00e7o aos produtos brasileiros. \u201cVamos incentivar os empres\u00e1rios a brigar pelos mercados. N\u00e3o d\u00e1 para dar de barato a taxa\u00e7\u00e3o do Trump. Tem leis nos Estados Unidos, e a gente pode abrir processo. Eles podem brigar l\u00e1\u201d, explicou.<\/p>\n<p><strong>Cr\u00e9ditos extraordin\u00e1rios<\/strong><br \/>\nMais cedo, pouco ap\u00f3s audi\u00eancia p\u00fablica no Senado, o ministro da Fazenda, Fernando Haddad, esclareceu que as medidas de ajuda vir\u00e3o por meio de cr\u00e9dito extraordin\u00e1rio ao Or\u00e7amento, recursos usados em situa\u00e7\u00f5es de emerg\u00eancia fora do limite de gastos do arcabou\u00e7o fiscal. Esse sistema foi usado no ano passado para socorrer as v\u00edtimas das enchentes no Rio Grande do Sul.<\/p>\n<p>Sem dar detalhes sobre o plano, Haddad afirmou que as medidas est\u00e3o 100% prontas e que contemplam as demandas do setor produtivo. Ele ressaltou que a formula\u00e7\u00e3o das propostas ocorreu ap\u00f3s reuni\u00f5es com v\u00e1rios representantes e que deve ser \u201co necess\u00e1rio para atender aos afetados\u201d.<\/p>\n<p>Assista \u00e0 entrevista na \u00edntegra:<\/p>\n<\/p>\n<p><em>*Com Ag\u00eancia Brasil<\/em><\/p>\n<hr>\n<h5>Apoie o Antropofagista com qualquer valor<br \/>\nPIX: 45013993768<br \/>\nAgradecemos imensamente<\/h5>\n<hr>\n<p><strong>Siga-nos no Whatsapp:<\/strong> https:\/\/chat.whatsapp.com\/EDwMnaR2cC27mPiXJEH24i?mode=ac_t<\/p>\n<p><strong>Siga-nos no Facebook:<\/strong> https:\/\/www.facebook.com\/profile.php?id=100070790366110<\/p>\n<p><strong>Siga-nos no X:<\/strong> https:\/\/x.com\/Antropofagista1<\/p>\n<p><strong>Siga-nos no Instagram<\/strong> https:\/\/www.instagram.com\/blogantropofagista?igsh=YzljYTk1ODg3Zg<\/p>\n<p>The post V\u00eddeo: Em entrevista a Reinaldo Azevedo, Lula anuncia amanh\u00e3 R$ 30 bilh\u00f5es para empresas afetadas por tarifa\u00e7o first appeared on Antropofagista.<\/p>\n<!-- Begin Yuzo --><div class='yuzo_related_post style-1'  data-version='5.12.89'><!-- without result --><div class='yuzo_clearfixed yuzo__title yuzo__title'><h3>Related Post<\/h3><\/div>\n\t\t\t\t\t\t  <div class=\"relatedthumb \" style=\"width:125px;float:left;overflow:hidden;\">  \n\t\t\t\t\t\t\t  \n\t\t\t\t\t\t\t  <a  href=\"https:\/\/redept.com.br\/blogosfera\/tarifas-de-trump-vao-aumentar-custo-de-vida-e-nao-baixar-inflacao-afirma-especialista\/\"  >\n\t\t\t\t\t\t\t\t\t  <div class=\"yuzo-img-wrap \" style=\"width: 125px;height:90px;\">\n\t\t\t\t\t\t\t\t\t\t\n\t\t\t\t\t\t\t\t\t\t<div class=\"yuzo-img\" style=\"background:url('https:\/\/redept.com.br\/blogosfera\/wp-content\/uploads\/2025\/04\/54426179977_db6b86dd02_k-150x150.jpg') 50% 50% no-repeat;width: 125px;height:90px;margin-bottom: 5px;background-size: cover; \"><\/div>\n\t\t\t\t\t\t\t\t\t  <\/div>\n\t\t\t\t\t\t\t\t\t  \n\t\t\t\t\t\t\t\t   <span class=\"yuzo__text--title\" style=\"font-size:13px;\">\u2018Tarifas de Trump v\u00e3o aumentar custo de vida e n\u00e3o...<\/span>\n\t\t\t\t\t\t\t  \n\t\t\t\t\t\t\t  \n\t\t\t\t\t\t\t  <\/a>\n\n\t\t\t\t\t\t  <\/div>\n\t\t\t\t\t\t  <div class=\"relatedthumb \" style=\"width:125px;float:left;overflow:hidden;\">  \n\t\t\t\t\t\t\t  \n\t\t\t\t\t\t\t  <a  href=\"https:\/\/redept.com.br\/blogosfera\/calor-extremo-gera-prejuizos-e-mortes-na-europa\/\"  >\n\t\t\t\t\t\t\t\t\t  <div class=\"yuzo-img-wrap \" style=\"width: 125px;height:90px;\">\n\t\t\t\t\t\t\t\t\t\t\n\t\t\t\t\t\t\t\t\t\t<div class=\"yuzo-img\" style=\"background:url('https:\/\/redept.com.br\/blogosfera\/wp-content\/uploads\/2025\/07\/73114901_303-150x150.jpg') 50% 50% no-repeat;width: 125px;height:90px;margin-bottom: 5px;background-size: cover; \"><\/div>\n\t\t\t\t\t\t\t\t\t  <\/div>\n\t\t\t\t\t\t\t\t\t  \n\t\t\t\t\t\t\t\t   <span class=\"yuzo__text--title\" style=\"font-size:13px;\">Calor extremo gera preju\u00edzos e mortes na Europa<\/span>\n\t\t\t\t\t\t\t  \n\t\t\t\t\t\t\t  \n\t\t\t\t\t\t\t  <\/a>\n\n\t\t\t\t\t\t  <\/div>\n\t\t\t\t\t\t  <div class=\"relatedthumb \" style=\"width:125px;float:left;overflow:hidden;\">  \n\t\t\t\t\t\t\t  \n\t\t\t\t\t\t\t  <a  href=\"https:\/\/redept.com.br\/blogosfera\/londres-e-paris-anunciam-acordo-inedito-desde-brexit-sobre-fluxo-imigratorio\/\"  >\n\t\t\t\t\t\t\t\t\t  <div class=\"yuzo-img-wrap \" style=\"width: 125px;height:90px;\">\n\t\t\t\t\t\t\t\t\t\t\n\t\t\t\t\t\t\t\t\t\t<div class=\"yuzo-img\" style=\"background:url('https:\/\/redept.com.br\/blogosfera\/wp-content\/uploads\/2025\/07\/reproducao-x-emmanuelmacron-150x150.jpg') 50% 50% no-repeat;width: 125px;height:90px;margin-bottom: 5px;background-size: cover; \"><\/div>\n\t\t\t\t\t\t\t\t\t  <\/div>\n\t\t\t\t\t\t\t\t\t  \n\t\t\t\t\t\t\t\t   <span class=\"yuzo__text--title\" style=\"font-size:13px;\">Londres e Paris anunciam acordo in\u00e9dito desde Brex...<\/span>\n\t\t\t\t\t\t\t  \n\t\t\t\t\t\t\t  \n\t\t\t\t\t\t\t  <\/a>\n\n\t\t\t\t\t\t  <\/div>\n\t\t\t\t\t\t  <div class=\"relatedthumb \" style=\"width:125px;float:left;overflow:hidden;\">  \n\t\t\t\t\t\t\t  \n\t\t\t\t\t\t\t  <a  href=\"https:\/\/redept.com.br\/blogosfera\/moraes-autoriza-bolsonaro-a-realizar-exames-em-hospital-de-brasilia\/\"  >\n\t\t\t\t\t\t\t\t\t  <div class=\"yuzo-img-wrap \" style=\"width: 125px;height:90px;\">\n\t\t\t\t\t\t\t\t\t\t\n\t\t\t\t\t\t\t\t\t\t<div class=\"yuzo-img\" style=\"background:url('https:\/\/redept.org\/blogosfera\/wp-content\/plugins\/yuzo-related-post\/assets\/images\/default.png') 50% 50% no-repeat;width: 125px;height:90px;margin-bottom: 5px;background-size: cover; \"><\/div>\n\t\t\t\t\t\t\t\t\t  <\/div>\n\t\t\t\t\t\t\t\t\t  \n\t\t\t\t\t\t\t\t   <span class=\"yuzo__text--title\" style=\"font-size:13px;\">Moraes autoriza Bolsonaro a realizar exames em hos...<\/span>\n\t\t\t\t\t\t\t  \n\t\t\t\t\t\t\t  \n\t\t\t\t\t\t\t  <\/a>\n\n\t\t\t\t\t\t  <\/div>\n<\/div> <script>\n\t\t\t\t\t\t  jQuery(document).ready(function( $ ){\n\t\t\t\t\t\t\t\/\/jQuery('.yuzo_related_post').equalizer({ overflow : 'relatedthumb' });\n\t\t\t\t\t\t\tjQuery('.yuzo_related_post .yuzo_wraps').equalizer({ columns : '> div' });\n\t\t\t\t\t\t   })\n\t\t\t\t\t\t  <\/script> <!-- End Yuzo :) -->","protected":false},"excerpt":{"rendered":"<p>Plano ser\u00e1 lan\u00e7ado nesta quarta e ter\u00e1 recursos fora da meta fiscal As empresas afetadas pelo tarifa\u00e7o do governo de Donald Trump receber\u00e3o R$ 30 bilh\u00f5es em linhas de cr\u00e9dito, disse h\u00e1 pouco o presidente Luiz In\u00e1cio Lula da Silva. Em entrevista ao canal Band News, ele adiantou o valor da ajuda em cr\u00e9dito que [\u2026]<\/p>\n<p>The post <a href=\"https:\/\/antropofagista.com.br\/2025\/08\/12\/video-em-entrevista-a-reinaldo-azevedo-lula-anuncia-amanha-r-30-bilhoes-para-empresas-afetadas-por-tarifaco\/\">V\u00eddeo: Em entrevista a Reinaldo Azevedo, Lula anuncia amanh\u00e3 R$ 30 bilh\u00f5es para empresas afetadas por tarifa\u00e7o<\/a> first appeared on <a href=\"https:\/\/antropofagista.com.br\/\">Antropofagista<\/a>.<\/p>\n","protected":false},"author":2,"featured_media":0,"comment_status":"open","ping_status":"closed","sticky":false,"template":"","format":"standard","meta":{"fifu_image_url":"","fifu_image_alt":"","footnotes":""},"categories":[112,132,13893,13894,3641],"tags":[],"class_list":["post-44386","post","type-post","status-publish","format-standard","hentry","category-lula","category-politica","category-r-30-bilhoes","category-reinaldo-azevedo","category-tarifaco"],"_links":{"self":[{"href":"https:\/\/redept.com.br\/blogosfera\/wp-json\/wp\/v2\/posts\/44386","targetHints":{"allow":["GET"]}}],"collection":[{"href":"https:\/\/redept.com.br\/blogosfera\/wp-json\/wp\/v2\/posts"}],"about":[{"href":"https:\/\/redept.com.br\/blogosfera\/wp-json\/wp\/v2\/types\/post"}],"author":[{"embeddable":true,"href":"https:\/\/redept.com.br\/blogosfera\/wp-json\/wp\/v2\/users\/2"}],"replies":[{"embeddable":true,"href":"https:\/\/redept.com.br\/blogosfera\/wp-json\/wp\/v2\/comments?post=44386"}],"version-history":[{"count":0,"href":"https:\/\/redept.com.br\/blogosfera\/wp-json\/wp\/v2\/posts\/44386\/revisions"}],"wp:attachment":[{"href":"https:\/\/redept.com.br\/blogosfera\/wp-json\/wp\/v2\/media?parent=44386"}],"wp:term":[{"taxonomy":"category","embeddable":true,"href":"https:\/\/redept.com.br\/blogosfera\/wp-json\/wp\/v2\/categories?post=44386"},{"taxonomy":"post_tag","embeddable":true,"href":"https:\/\/redept.com.br\/blogosfera\/wp-json\/wp\/v2\/tags?post=44386"}],"curies":[{"name":"wp","href":"https:\/\/api.w.org\/{rel}","templated":true}]}}