{"id":44679,"date":"2025-08-14T09:19:28","date_gmt":"2025-08-14T12:19:28","guid":{"rendered":"https:\/\/redept.org\/blogosfera\/prefeito-de-sao-bernardo-e-afastado-apos-investigacao-da-pf-por-corrupcao\/"},"modified":"2025-08-14T09:19:28","modified_gmt":"2025-08-14T12:19:28","slug":"prefeito-de-sao-bernardo-e-afastado-apos-investigacao-da-pf-por-corrupcao","status":"publish","type":"post","link":"https:\/\/redept.com.br\/blogosfera\/prefeito-de-sao-bernardo-e-afastado-apos-investigacao-da-pf-por-corrupcao\/","title":{"rendered":"Prefeito de S\u00e3o Bernardo \u00e9 afastado ap\u00f3s investiga\u00e7\u00e3o da PF por corrup\u00e7\u00e3o"},"content":{"rendered":"<p>O prefeito de S\u00e3o Bernardo do Campo (SP), Marcelo Lima (Podemos), foi afastado do cargo por um ano ap\u00f3s uma opera\u00e7\u00e3o da Pol\u00edcia Federal (PF) que investiga um esquema de corrup\u00e7\u00e3o e lavagem de dinheiro na prefeitura da cidade. Ao todo est\u00e1 sendo cumprindo 20 mandados de busca e apreens\u00e3o. Saiba mais na <a href=\"https:\/\/tvtnews.com.br\/\" data-type=\"page\" data-id=\"733503\">TVT News<\/a>.<\/p>\n<p>De acordo com a PF, a investiga\u00e7\u00e3o come\u00e7ou  no m\u00eas passado, a partir da apreens\u00e3o de R$ 14 milh\u00f5es em esp\u00e9cie na posse de Paulo Iran, auxiliar legislativo da Assembleia Legislativa de S\u00e3o Paulo (Alesp), suspeito de integrar organiza\u00e7\u00e3o criminosa e que est\u00e1 foragido. O dinheiro estava em reais e em d\u00f3lares.<\/p>\n<p>O celular de Paulo Iran foi apreendido e no aparelho foi encontrado conte\u00fados que relaciona o esquema de corrup\u00e7\u00e3o com a prefeitura de S\u00e3o Bernardo. O material sustentaram os pedidos da PF de mandatos de busca e apreens\u00e3o. <\/p>\n<p>Segundo a investiga\u00e7\u00e3o, foram encontrados ind\u00edcios de corrup\u00e7\u00e3o e pagamento de propina em contratos da prefeitura s\u00e3o-bernardense com empresas nas \u00e1reas de obras, sa\u00fade e manuten\u00e7\u00e3o.<\/p>\n<p>Na manh\u00e3 desta quinta-feira (14), a PF est\u00e1 cumprindo 20 mandados de busca e apreens\u00e3o nas cidades de S\u00e3o Paulo, S\u00e3o Bernardo do Campo, Santo Andr\u00e9, Mau\u00e1 e Diadema. Tamb\u00e9m est\u00e1 sendo realizado medidas de afastamento de sigilos banc\u00e1rio e fiscal.<\/p>\n<p>De acordo com a pol\u00edcia, foi pedido a pris\u00e3o preventiva do prefeito Marcelo Lima, mas a solicita\u00e7\u00e3o foi negada pela Justi\u00e7a do estado. Ficou determinado o afastamento do cargo e o monitoramento por tornozeleira eletr\u00f4nica. Tamb\u00e9m foi emitidas medidas cautelares para outros investigados do caso.<\/p>\n<p>At\u00e9 o momento se sabe que o atual presidente da C\u00e2mara de S\u00e3o Bernardo e primo do prefeito, vereador Danilo Lima Ramos (Podemos) e o suplente de vereador Ary Jos\u00e9 de Oliveira (PRTB) tamb\u00e9m s\u00e3o alvos da PF.<\/p>\n<p>Na Opera\u00e7\u00e3o Estafeta, foi preso em flagrante o empres\u00e1rio Edmilson Carvalho. Ele \u00e9 s\u00f3cio da Terraplanagem Alzira Franco Ltda., empresa que tem contrato com a prefeitura. A PF apreendeu R$ 400 mil na casa de Edmilson.<\/p>\n<p>Foi cumprindo um mandato de pris\u00e3o contra Antonio Rene da Silva, servidor da Prefeitura de S\u00e3o Bernardo e atua como Diretor de Departamento na Secretaria de Coordena\u00e7\u00e3o Governamental.<\/p>\n<p>Os investigados responder\u00e3o pelos crimes de organiza\u00e7\u00e3o criminosa, lavagem de dinheiro, corrup\u00e7\u00e3o passiva e corrup\u00e7\u00e3o ativa.<\/p>\n<p>At\u00e9 o momento n\u00e3o houve manifesta\u00e7\u00e3o da defesa dos investigados.<\/p>\n<\/p>\n<figure><img fetchpriority=\"high\" fetchpriority=\"high\" decoding=\"async\" width=\"768\" height=\"433\"src=\"https:\/\/redept.org\/blogosfera\/wp-content\/uploads\/2025\/08\/policia-federal-e1755173579500.jpeg\" alt=\"prefeito-de-sao-bernardo-e-afastado-apos-investigacao-da-pf-por-corrupcao--a-pf-apreendeu-r-400-mil-em-dinheiro-na-casa-de-um-dos-investigados--foto--policia-federal-reproducao-tvt-news\" title=\"Prefeito de S\u00e3o Bernardo \u00e9 afastado ap\u00f3s investiga\u00e7\u00e3o da PF por corrup\u00e7\u00e3o 1\" srcset=\"https:\/\/redept.org\/blogosfera\/wp-content\/uploads\/2025\/08\/policia-federal-e1755173579500.jpeg 768w, https:\/\/tvtnews.com.br\/wp-content\/uploads\/2025\/08\/policia-federal-e1755173579500-300x169.jpeg 300w\" sizes=\"(max-width: 768px) 100vw, 768px\"><figcaption>A PF apreendeu R$ 400 mil em dinheiro na casa de um dos investigados. Foto: Pol\u00edcia Federal\/Reprodu\u00e7\u00e3o<\/figcaption><\/figure>\n<p><em>*Em atualiza\u00e7\u00e3o<\/em><\/p>\n<\/p>\n<h3>Confira a nota da PF sobre a Opera\u00e7\u00e3o Estafeta em S\u00e3o Bernardo do Campo<\/h3>\n<\/p>\n<p><em>A <a href=\"https:\/\/www.gov.br\/pf\/pt-br\/assuntos\/noticias\/2025\/08\/pf-deflagra-operacao-estafeta-para-investigar-corrupcao-em-sao-bernardo-do-campo-sp\" target=\"_blank\" data-type=\"link\" data-id=\"https:\/\/www.gov.br\/pf\/pt-br\/assuntos\/noticias\/2025\/08\/pf-deflagra-operacao-estafeta-para-investigar-corrupcao-em-sao-bernardo-do-campo-sp\" rel=\"noreferrer noopener nofollow\">Pol\u00edcia Federal<\/a> deflagrou, nesta quinta-feira (14\/8), a Opera\u00e7\u00e3o Estafeta, com o objetivo de apurar crimes de corrup\u00e7\u00e3o e lavagem de dinheiro praticados por suposta organiza\u00e7\u00e3o criminosa com ind\u00edcios de atua\u00e7\u00e3o na administra\u00e7\u00e3o p\u00fablica do munic\u00edpio de S\u00e3o Bernardo do Campo\/SP.<\/em><\/p>\n<p><em>Policiais federais cumprem duas pris\u00f5es preventivas, 20 mandados de busca e apreens\u00e3o e medidas de afastamento de sigilos banc\u00e1rio e fiscal, nas cidades de S\u00e3o Paulo, S\u00e3o Bernardo do Campo, Santo Andr\u00e9, Mau\u00e1 e Diadema, todas no estado de S\u00e3o Paulo. As medidas cautelares, expedidas pelo Tribunal de Justi\u00e7a do Estado de S\u00e3o Paulo, incluem ainda o afastamento de cargos p\u00fablicos e o monitoramento eletr\u00f4nico.<\/em><\/p>\n<p><em>As investiga\u00e7\u00f5es tiveram in\u00edcio em julho de 2025, a partir da apreens\u00e3o de R$ 14 milh\u00f5es em esp\u00e9cie (entre reais e d\u00f3lares norte-americanos) na posse de servidor p\u00fablico suspeito de integrar organiza\u00e7\u00e3o criminosa.<\/em><\/p>\n<p><em>Os investigados responder\u00e3o, na medida de suas condutas, pelos crimes de organiza\u00e7\u00e3o criminosa, lavagem de dinheiro, corrup\u00e7\u00e3o passiva e corrup\u00e7\u00e3o ativa.<\/em><\/p>\n<\/p>\n<figure>\n<div>\n<\/div>\n<\/figure>\n<p>The post <a rel=\"nofollow\" href=\"https:\/\/tvtnews.com.br\/prefeito-sao-bernardo-investigacao-pf-corrupcao\/\">Prefeito de S\u00e3o Bernardo \u00e9 afastado ap\u00f3s investiga\u00e7\u00e3o da PF por corrup\u00e7\u00e3o<\/a> appeared first on <a rel=\"nofollow\" href=\"https:\/\/tvtnews.com.br\/\">TVT News<\/a>.<\/p>\n<!-- Begin Yuzo --><div class='yuzo_related_post style-1'  data-version='5.12.89'><!-- without result --><div class='yuzo_clearfixed yuzo__title yuzo__title'><h3>Related Post<\/h3><\/div>\n\t\t\t\t\t\t  <div class=\"relatedthumb \" style=\"width:125px;float:left;overflow:hidden;\">  \n\t\t\t\t\t\t\t  \n\t\t\t\t\t\t\t  <a  href=\"https:\/\/redept.com.br\/blogosfera\/programa-papo-na-laje-estreia-no-catalogo-da-primeira-plataforma-publica-de-streaming-no-brasil\/\"  >\n\t\t\t\t\t\t\t\t\t  <div class=\"yuzo-img-wrap \" style=\"width: 125px;height:90px;\">\n\t\t\t\t\t\t\t\t\t\t\n\t\t\t\t\t\t\t\t\t\t<div class=\"yuzo-img\" style=\"background:url('https:\/\/redept.org\/blogosfera\/wp-content\/plugins\/yuzo-related-post\/assets\/images\/default.png') 50% 50% no-repeat;width: 125px;height:90px;margin-bottom: 5px;background-size: cover; \"><\/div>\n\t\t\t\t\t\t\t\t\t  <\/div>\n\t\t\t\t\t\t\t\t\t  \n\t\t\t\t\t\t\t\t   <span class=\"yuzo__text--title\" style=\"font-size:13px;\">Programa Papo na Laje estreia no cat\u00e1logo da prime...<\/span>\n\t\t\t\t\t\t\t  \n\t\t\t\t\t\t\t  \n\t\t\t\t\t\t\t  <\/a>\n\n\t\t\t\t\t\t  <\/div>\n\t\t\t\t\t\t  <div class=\"relatedthumb \" style=\"width:125px;float:left;overflow:hidden;\">  \n\t\t\t\t\t\t\t  \n\t\t\t\t\t\t\t  <a  href=\"https:\/\/redept.com.br\/blogosfera\/soldado-israelense-que-destruiu-estatua-de-jesus-e-condenado-a-30-dias-de-prisao\/\"  >\n\t\t\t\t\t\t\t\t\t  <div class=\"yuzo-img-wrap \" style=\"width: 125px;height:90px;\">\n\t\t\t\t\t\t\t\t\t\t\n\t\t\t\t\t\t\t\t\t\t<div class=\"yuzo-img\" style=\"background:url('https:\/\/redept.org\/blogosfera\/wp-content\/plugins\/yuzo-related-post\/assets\/images\/default.png') 50% 50% no-repeat;width: 125px;height:90px;margin-bottom: 5px;background-size: cover; \"><\/div>\n\t\t\t\t\t\t\t\t\t  <\/div>\n\t\t\t\t\t\t\t\t\t  \n\t\t\t\t\t\t\t\t   <span class=\"yuzo__text--title\" style=\"font-size:13px;\">Soldado israelense que destruiu est\u00e1tua de Jesus \u00e9...<\/span>\n\t\t\t\t\t\t\t  \n\t\t\t\t\t\t\t  \n\t\t\t\t\t\t\t  <\/a>\n\n\t\t\t\t\t\t  <\/div>\n\t\t\t\t\t\t  <div class=\"relatedthumb \" style=\"width:125px;float:left;overflow:hidden;\">  \n\t\t\t\t\t\t\t  \n\t\t\t\t\t\t\t  <a  href=\"https:\/\/redept.com.br\/blogosfera\/reuniao-na-casa-branca-nao-avanca-diante-da-exigencia-dos-eua-pela-groenlandia\/\"  >\n\t\t\t\t\t\t\t\t\t  <div class=\"yuzo-img-wrap \" style=\"width: 125px;height:90px;\">\n\t\t\t\t\t\t\t\t\t\t\n\t\t\t\t\t\t\t\t\t\t<div class=\"yuzo-img\" style=\"background:url('https:\/\/redept.com.br\/blogosfera\/wp-content\/uploads\/2026\/01\/7516b910-5273-4352-b333-b5a09614e3c1-150x150.jpg') 50% 50% no-repeat;width: 125px;height:90px;margin-bottom: 5px;background-size: cover; \"><\/div>\n\t\t\t\t\t\t\t\t\t  <\/div>\n\t\t\t\t\t\t\t\t\t  \n\t\t\t\t\t\t\t\t   <span class=\"yuzo__text--title\" style=\"font-size:13px;\">Reuni\u00e3o na Casa Branca n\u00e3o avan\u00e7a diante da exig\u00ean...<\/span>\n\t\t\t\t\t\t\t  \n\t\t\t\t\t\t\t  \n\t\t\t\t\t\t\t  <\/a>\n\n\t\t\t\t\t\t  <\/div>\n\t\t\t\t\t\t  <div class=\"relatedthumb \" style=\"width:125px;float:left;overflow:hidden;\">  \n\t\t\t\t\t\t\t  \n\t\t\t\t\t\t\t  <a  href=\"https:\/\/redept.com.br\/blogosfera\/resultado-da-mega-sena-2923-premio-de-r-127-milhoes\/\"  >\n\t\t\t\t\t\t\t\t\t  <div class=\"yuzo-img-wrap \" style=\"width: 125px;height:90px;\">\n\t\t\t\t\t\t\t\t\t\t\n\t\t\t\t\t\t\t\t\t\t<div class=\"yuzo-img\" style=\"background:url('https:\/\/redept.com.br\/blogosfera\/wp-content\/uploads\/2025\/10\/mega-sena-Marcello-Casal-Jr-Agencia-Brasil-1-150x150.jpg') 50% 50% no-repeat;width: 125px;height:90px;margin-bottom: 5px;background-size: cover; \"><\/div>\n\t\t\t\t\t\t\t\t\t  <\/div>\n\t\t\t\t\t\t\t\t\t  \n\t\t\t\t\t\t\t\t   <span class=\"yuzo__text--title\" style=\"font-size:13px;\">Resultado da Mega Sena 2923, pr\u00eamio de R$ 12,7 mil...<\/span>\n\t\t\t\t\t\t\t  \n\t\t\t\t\t\t\t  \n\t\t\t\t\t\t\t  <\/a>\n\n\t\t\t\t\t\t  <\/div>\n<\/div> <script>\n\t\t\t\t\t\t  jQuery(document).ready(function( $ ){\n\t\t\t\t\t\t\t\/\/jQuery('.yuzo_related_post').equalizer({ overflow : 'relatedthumb' });\n\t\t\t\t\t\t\tjQuery('.yuzo_related_post .yuzo_wraps').equalizer({ columns : '> div' });\n\t\t\t\t\t\t   })\n\t\t\t\t\t\t  <\/script> <!-- End Yuzo :) -->","protected":false},"excerpt":{"rendered":"<p>O prefeito de S\u00e3o Bernardo do Campo (SP), Marcelo Lima (Podemos), foi afastado do cargo por um ano ap\u00f3s uma opera\u00e7\u00e3o da Pol\u00edcia Federal (PF) que investiga um esquema de corrup\u00e7\u00e3o e lavagem de dinheiro na prefeitura da cidade. Ao todo est\u00e1 sendo cumprindo 20 mandados de busca e apreens\u00e3o. Saiba mais na TVT News. [&hellip;]<\/p>\n","protected":false},"author":2,"featured_media":0,"comment_status":"open","ping_status":"closed","sticky":false,"template":"","format":"standard","meta":{"fifu_image_url":"","fifu_image_alt":"","footnotes":""},"categories":[472,4040,1200,132],"tags":[],"class_list":["post-44679","post","type-post","status-publish","format-standard","hentry","category-destaque-ahome","category-grande-sao-paulo","category-pf","category-politica"],"_links":{"self":[{"href":"https:\/\/redept.com.br\/blogosfera\/wp-json\/wp\/v2\/posts\/44679","targetHints":{"allow":["GET"]}}],"collection":[{"href":"https:\/\/redept.com.br\/blogosfera\/wp-json\/wp\/v2\/posts"}],"about":[{"href":"https:\/\/redept.com.br\/blogosfera\/wp-json\/wp\/v2\/types\/post"}],"author":[{"embeddable":true,"href":"https:\/\/redept.com.br\/blogosfera\/wp-json\/wp\/v2\/users\/2"}],"replies":[{"embeddable":true,"href":"https:\/\/redept.com.br\/blogosfera\/wp-json\/wp\/v2\/comments?post=44679"}],"version-history":[{"count":0,"href":"https:\/\/redept.com.br\/blogosfera\/wp-json\/wp\/v2\/posts\/44679\/revisions"}],"wp:attachment":[{"href":"https:\/\/redept.com.br\/blogosfera\/wp-json\/wp\/v2\/media?parent=44679"}],"wp:term":[{"taxonomy":"category","embeddable":true,"href":"https:\/\/redept.com.br\/blogosfera\/wp-json\/wp\/v2\/categories?post=44679"},{"taxonomy":"post_tag","embeddable":true,"href":"https:\/\/redept.com.br\/blogosfera\/wp-json\/wp\/v2\/tags?post=44679"}],"curies":[{"name":"wp","href":"https:\/\/api.w.org\/{rel}","templated":true}]}}