{"id":44721,"date":"2025-08-14T12:20:42","date_gmt":"2025-08-14T15:20:42","guid":{"rendered":"https:\/\/redept.org\/blogosfera\/bolsa-familia-reduz-em-ate-55-mortes-por-aids-entre-mulheres-em-situacao-de-vulnerabilidade-aponta-estudo\/"},"modified":"2025-08-14T12:20:42","modified_gmt":"2025-08-14T15:20:42","slug":"bolsa-familia-reduz-em-ate-55-mortes-por-aids-entre-mulheres-em-situacao-de-vulnerabilidade-aponta-estudo","status":"publish","type":"post","link":"https:\/\/redept.com.br\/blogosfera\/bolsa-familia-reduz-em-ate-55-mortes-por-aids-entre-mulheres-em-situacao-de-vulnerabilidade-aponta-estudo\/","title":{"rendered":"Bolsa Fam\u00edlia reduz em at\u00e9 55% mortes por aids entre mulheres em situa\u00e7\u00e3o de vulnerabilidade, aponta estudo"},"content":{"rendered":"<p>O programa <a href=\"https:\/\/www.brasildefato.com.br\/2025\/07\/22\/bolsa-familia-958-mil-familias-superam-a-pobreza-e-deixam-o-programa\/\">Bolsa Fam\u00edlia<\/a> foi associado a quedas significativas nos casos e mortes por <a href=\"https:\/\/www.brasildefato.com.br\/2025\/03\/14\/epidemia-da-aids-uma-realidade-latente-ha-mais-de-quatro-decadas\/\">aids<\/a> entre mulheres em situa\u00e7\u00e3o de vulnerabilidade. A an\u00e1lise, <a href=\"https:\/\/www.nature.com\/articles\/s41562-025-02278-3\">publicada na revista <em>Nature Human Behavior<\/em><\/a>, foi coordenada pelo Instituto de Sa\u00fade Global de Barcelona (ISGlobal), da Espanha, em parceria com o Centro de Integra\u00e7\u00e3o de Dados e Conhecimento para Sa\u00fade da Funda\u00e7\u00e3o Oswaldo Cruz (Cidacs\/Fiocruz Bahia) e o Instituto de Sa\u00fade Coletiva da Universidade Federal da Bahia (ISC\/Ufba).<\/p>\n<p>O estudo abrangeu 12,3 milh\u00f5es de mulheres de baixa renda, com dados de 2007 a 2015, e focou em m\u00e3es e filhas de domic\u00edlios beneficiados pelo programa. Entre as filhas, o Bolsa Fam\u00edlia esteve ligado a uma queda de 47% na incid\u00eancia da doen\u00e7a e de 55% na mortalidade. Entre as m\u00e3es, as redu\u00e7\u00f5es foram de 42% e 43%, respectivamente. O impacto foi ainda maior entre mulheres que acumulam m\u00faltiplas vulnerabilidades. No caso de m\u00e3es negras ou pardas, em extrema pobreza e com maior n\u00edvel de escolaridade, a incid\u00eancia de aids caiu 56%. \u00a0\u00a0<\/p>\n<p>Para a pesquisadora Gabriela Jesus, da Fiocruz\/Ufba, o efeito positivo do Bolsa Fam\u00edlia se relaciona \u00e0s condicionalidades do programa, que exigem acompanhamento de sa\u00fade e matr\u00edcula escolar. \u201cEsse caminho de buscar o cuidado nos postos de sa\u00fade faz com que as pessoas tenham acesso a mais informa\u00e7\u00f5es sobre os cuidados. E a quest\u00e3o da escolaridade tamb\u00e9m faz com que consigam ter esse cuidado ainda melhor\u201d, afirma.<\/p>\n<p>Jesus destaca que, no caso das mulheres, que geralmente s\u00e3o as titulares do benef\u00edcio, o programa ainda pode reduzir a exposi\u00e7\u00e3o a situa\u00e7\u00f5es de risco. \u201cTem menor chance de a mulher se envolver em rela\u00e7\u00f5es sexuais por quest\u00e3o financeira, usando como moeda de troca\u201d, aponta.<\/p>\n<p>Segundo ela, o grupo de pesquisa tamb\u00e9m j\u00e1 identificou que Bolsa Fam\u00edlia tem impacto contra a tuberculose, outra doen\u00e7a associada \u00e0 pobreza. \u201cMesmo que ainda pequena, a melhoria da condi\u00e7\u00e3o financeira faz com que o indiv\u00edduo consiga ter um pouco mais de acesso do que tinha antes do programa\u201d, explica.<\/p>\n<p>A pesquisadora defende a amplia\u00e7\u00e3o de pol\u00edticas de transfer\u00eancia de renda e a cria\u00e7\u00e3o de iniciativas espec\u00edficas para pessoas com doen\u00e7as que exigem tratamento cont\u00ednuo. \u201cIsso envolve custo e tamb\u00e9m o impacto at\u00e9 na rotina de vida di\u00e1ria. [\u2026] \u00c9 interessante que se tenham programas tamb\u00e9m que sejam espec\u00edficos para pessoas em condi\u00e7\u00f5es de doen\u00e7as que precisem de suporte para se deslocar at\u00e9 para as unidades de tratamento, tanto da tuberculose quanto da aids\u201d, indica.<\/p>\n<figure>\n<div>\n<div><\/div>\n<\/div>\n<\/figure>\n<h4>Para ouvir e assistir<\/h4>\n<p>O jornal\u00a0<em>Conex\u00e3o BdF<\/em>\u00a0vai ao ar em duas edi\u00e7\u00f5es, de segunda a sexta-feira: a primeira \u00e0s 9h e a segunda \u00e0s 17h, na\u00a0<strong><a href=\"https:\/\/radiobrasildefato.com.br\/\" target=\"_blank\" rel=\"noreferrer noopener\">R\u00e1dio Brasil de Fato<\/a><\/strong>,\u00a0<strong>98.9 FM<\/strong>\u00a0na Grande S\u00e3o Paulo, com transmiss\u00e3o simult\u00e2nea tamb\u00e9m pelo\u00a0<a href=\"https:\/\/www.youtube.com\/@brasildefato\/playlists\" target=\"_blank\" rel=\"noreferrer noopener\">YouTube do Brasil de Fato<\/a>.<\/p>\n<p>O post <a href=\"https:\/\/www.brasildefato.com.br\/2025\/08\/14\/bolsa-familia-reduz-em-ate-55-mortes-por-aids-entre-mulheres-em-situacao-de-vulnerabilidade-aponta-estudo\/\">Bolsa Fam\u00edlia reduz em at\u00e9 55% mortes por aids entre mulheres em situa\u00e7\u00e3o de vulnerabilidade, aponta estudo<\/a> apareceu primeiro em <a href=\"https:\/\/www.brasildefato.com.br\/\">Brasil de Fato<\/a>.<\/p>\n<!-- Begin Yuzo --><div class='yuzo_related_post style-1'  data-version='5.12.89'><!-- without result --><div class='yuzo_clearfixed yuzo__title yuzo__title'><h3>Related Post<\/h3><\/div>\n\t\t\t\t\t\t  <div class=\"relatedthumb \" style=\"width:125px;float:left;overflow:hidden;\">  \n\t\t\t\t\t\t\t  \n\t\t\t\t\t\t\t  <a  href=\"https:\/\/redept.com.br\/blogosfera\/jose-mojica-marins-a-vida-e-obra-do-ze-do-caixao\/\"  >\n\t\t\t\t\t\t\t\t\t  <div class=\"yuzo-img-wrap \" style=\"width: 125px;height:90px;\">\n\t\t\t\t\t\t\t\t\t\t\n\t\t\t\t\t\t\t\t\t\t<div class=\"yuzo-img\" style=\"background:url('https:\/\/redept.com.br\/blogosfera\/wp-content\/uploads\/2026\/03\/jose_mojica_marins_em_o_profeta_da_fome_1971tif-150x150.jpg') 50% 50% no-repeat;width: 125px;height:90px;margin-bottom: 5px;background-size: cover; \"><\/div>\n\t\t\t\t\t\t\t\t\t  <\/div>\n\t\t\t\t\t\t\t\t\t  \n\t\t\t\t\t\t\t\t   <span class=\"yuzo__text--title\" style=\"font-size:13px;\">Jos\u00e9 Mojica Marins: a vida e obra do \u2018Z\u00e9 do Caix\u00e3o...<\/span>\n\t\t\t\t\t\t\t  \n\t\t\t\t\t\t\t  \n\t\t\t\t\t\t\t  <\/a>\n\n\t\t\t\t\t\t  <\/div>\n\t\t\t\t\t\t  <div class=\"relatedthumb \" style=\"width:125px;float:left;overflow:hidden;\">  \n\t\t\t\t\t\t\t  \n\t\t\t\t\t\t\t  <a  href=\"https:\/\/redept.com.br\/blogosfera\/walter-salles-revela-o-que-ia-dizer-no-oscar-ditadura-nunca-mais\/\"  >\n\t\t\t\t\t\t\t\t\t  <div class=\"yuzo-img-wrap \" style=\"width: 125px;height:90px;\">\n\t\t\t\t\t\t\t\t\t\t\n\t\t\t\t\t\t\t\t\t\t<div class=\"yuzo-img\" style=\"background:url('https:\/\/redept.com.br\/blogosfera\/wp-content\/uploads\/2025\/03\/ficha-2-150x150.jpg') 50% 50% no-repeat;width: 125px;height:90px;margin-bottom: 5px;background-size: cover; \"><\/div>\n\t\t\t\t\t\t\t\t\t  <\/div>\n\t\t\t\t\t\t\t\t\t  \n\t\t\t\t\t\t\t\t   <span class=\"yuzo__text--title\" style=\"font-size:13px;\">Walter Salles revela o que ia dizer no Oscar: Dita...<\/span>\n\t\t\t\t\t\t\t  \n\t\t\t\t\t\t\t  \n\t\t\t\t\t\t\t  <\/a>\n\n\t\t\t\t\t\t  <\/div>\n\t\t\t\t\t\t  <div class=\"relatedthumb \" style=\"width:125px;float:left;overflow:hidden;\">  \n\t\t\t\t\t\t\t  \n\t\t\t\t\t\t\t  <a  href=\"https:\/\/redept.com.br\/blogosfera\/por-unanimidade-stf-referenda-decisao-de-dino-para-liberar-emendas\/\"  >\n\t\t\t\t\t\t\t\t\t  <div class=\"yuzo-img-wrap \" style=\"width: 125px;height:90px;\">\n\t\t\t\t\t\t\t\t\t\t\n\t\t\t\t\t\t\t\t\t\t<div class=\"yuzo-img\" style=\"background:url('https:\/\/redept.com.br\/blogosfera\/wp-content\/uploads\/2025\/03\/Plnario-STF-150x150.jpg') 50% 50% no-repeat;width: 125px;height:90px;margin-bottom: 5px;background-size: cover; \"><\/div>\n\t\t\t\t\t\t\t\t\t  <\/div>\n\t\t\t\t\t\t\t\t\t  \n\t\t\t\t\t\t\t\t   <span class=\"yuzo__text--title\" style=\"font-size:13px;\">Por unanimidade, STF referenda decis\u00e3o de Dino par...<\/span>\n\t\t\t\t\t\t\t  \n\t\t\t\t\t\t\t  \n\t\t\t\t\t\t\t  <\/a>\n\n\t\t\t\t\t\t  <\/div>\n\t\t\t\t\t\t  <div class=\"relatedthumb \" style=\"width:125px;float:left;overflow:hidden;\">  \n\t\t\t\t\t\t\t  \n\t\t\t\t\t\t\t  <a  href=\"https:\/\/redept.com.br\/blogosfera\/reveillon-em-casa-confira-filmes-e-series-para-curtir-a-virada-no-conforto-do-sofa\/\"  >\n\t\t\t\t\t\t\t\t\t  <div class=\"yuzo-img-wrap \" style=\"width: 125px;height:90px;\">\n\t\t\t\t\t\t\t\t\t\t\n\t\t\t\t\t\t\t\t\t\t<div class=\"yuzo-img\" style=\"background:url('https:\/\/redept.com.br\/blogosfera\/wp-content\/uploads\/2024\/12\/1-3-150x150.jpg') 50% 50% no-repeat;width: 125px;height:90px;margin-bottom: 5px;background-size: cover; \"><\/div>\n\t\t\t\t\t\t\t\t\t  <\/div>\n\t\t\t\t\t\t\t\t\t  \n\t\t\t\t\t\t\t\t   <span class=\"yuzo__text--title\" style=\"font-size:13px;\">R\u00e9veillon em casa: confira filmes e s\u00e9ries para cu...<\/span>\n\t\t\t\t\t\t\t  \n\t\t\t\t\t\t\t  \n\t\t\t\t\t\t\t  <\/a>\n\n\t\t\t\t\t\t  <\/div>\n<\/div> <script>\n\t\t\t\t\t\t  jQuery(document).ready(function( $ ){\n\t\t\t\t\t\t\t\/\/jQuery('.yuzo_related_post').equalizer({ overflow : 'relatedthumb' });\n\t\t\t\t\t\t\tjQuery('.yuzo_related_post .yuzo_wraps').equalizer({ columns : '> div' });\n\t\t\t\t\t\t   })\n\t\t\t\t\t\t  <\/script> <!-- End Yuzo :) -->","protected":false},"excerpt":{"rendered":"<p>O programa Bolsa Fam\u00edlia foi associado a quedas significativas nos casos e mortes por aids entre mulheres em situa\u00e7\u00e3o de vulnerabilidade. A an\u00e1lise, publicada na revista Nature Human Behavior, foi coordenada pelo Instituto de Sa\u00fade Global de Barcelona (ISGlobal), da Espanha, em parceria com o Centro de Integra\u00e7\u00e3o de Dados e Conhecimento para Sa\u00fade da [&hellip;]<\/p>\n","protected":false},"author":2,"featured_media":0,"comment_status":"open","ping_status":"closed","sticky":false,"template":"","format":"standard","meta":{"fifu_image_url":"","fifu_image_alt":"","footnotes":""},"categories":[5646,637,45,126],"tags":[],"class_list":["post-44721","post","type-post","status-publish","format-standard","hentry","category-aids","category-bolsa-familia","category-brasil","category-saude"],"_links":{"self":[{"href":"https:\/\/redept.com.br\/blogosfera\/wp-json\/wp\/v2\/posts\/44721","targetHints":{"allow":["GET"]}}],"collection":[{"href":"https:\/\/redept.com.br\/blogosfera\/wp-json\/wp\/v2\/posts"}],"about":[{"href":"https:\/\/redept.com.br\/blogosfera\/wp-json\/wp\/v2\/types\/post"}],"author":[{"embeddable":true,"href":"https:\/\/redept.com.br\/blogosfera\/wp-json\/wp\/v2\/users\/2"}],"replies":[{"embeddable":true,"href":"https:\/\/redept.com.br\/blogosfera\/wp-json\/wp\/v2\/comments?post=44721"}],"version-history":[{"count":0,"href":"https:\/\/redept.com.br\/blogosfera\/wp-json\/wp\/v2\/posts\/44721\/revisions"}],"wp:attachment":[{"href":"https:\/\/redept.com.br\/blogosfera\/wp-json\/wp\/v2\/media?parent=44721"}],"wp:term":[{"taxonomy":"category","embeddable":true,"href":"https:\/\/redept.com.br\/blogosfera\/wp-json\/wp\/v2\/categories?post=44721"},{"taxonomy":"post_tag","embeddable":true,"href":"https:\/\/redept.com.br\/blogosfera\/wp-json\/wp\/v2\/tags?post=44721"}],"curies":[{"name":"wp","href":"https:\/\/api.w.org\/{rel}","templated":true}]}}