{"id":44747,"date":"2025-08-14T14:08:33","date_gmt":"2025-08-14T17:08:33","guid":{"rendered":"https:\/\/redept.org\/blogosfera\/o-problema-nao-esta-no-fetiche-mas-na-hipocrisia-diz-psicanalista-sobre-pastor-de-calcinha-enfiada\/"},"modified":"2025-08-14T14:08:33","modified_gmt":"2025-08-14T17:08:33","slug":"o-problema-nao-esta-no-fetiche-mas-na-hipocrisia-diz-psicanalista-sobre-pastor-de-calcinha-enfiada","status":"publish","type":"post","link":"https:\/\/redept.com.br\/blogosfera\/o-problema-nao-esta-no-fetiche-mas-na-hipocrisia-diz-psicanalista-sobre-pastor-de-calcinha-enfiada\/","title":{"rendered":"\u201cO problema n\u00e3o est\u00e1 no fetiche\u201d, mas na \u201chipocrisia\u201d, diz psicanalista sobre pastor de \u201ccalcinha enfiada\u201d"},"content":{"rendered":"<p>&#8220;\u00c9 f\u00e1cil apontar o dedo (&#8230;), mas \u00e9 muito mais dif\u00edcil encarar as pr\u00f3prias fantasias e admitir que a sexualidade \u00e9 diversa&#8221; &#8211; LEIA A \u00cdNTEGRA<\/p>\n<p>O post \u201cO problema n\u00e3o est\u00e1 no fetiche\u201d, mas na \u201chipocrisia\u201d, diz psicanalista sobre pastor de \u201ccalcinha enfiada\u201d apareceu primeiro em .<\/p>\n<!-- Begin Yuzo --><div class='yuzo_related_post style-1'  data-version='5.12.89'><!-- without result --><div class='yuzo_clearfixed yuzo__title yuzo__title'><h3>Related Post<\/h3><\/div>\n\t\t\t\t\t\t  <div class=\"relatedthumb \" style=\"width:125px;float:left;overflow:hidden;\">  \n\t\t\t\t\t\t\t  \n\t\t\t\t\t\t\t  <a  href=\"https:\/\/redept.com.br\/blogosfera\/estudantes-protestam-no-centro-de-sao-paulo-contra-o-aumento-das-passagens\/\"  >\n\t\t\t\t\t\t\t\t\t  <div class=\"yuzo-img-wrap \" style=\"width: 125px;height:90px;\">\n\t\t\t\t\t\t\t\t\t\t\n\t\t\t\t\t\t\t\t\t\t<div class=\"yuzo-img\" style=\"background:url('https:\/\/redept.org\/blogosfera\/wp-content\/plugins\/yuzo-related-post\/assets\/images\/default.png') 50% 50% no-repeat;width: 125px;height:90px;margin-bottom: 5px;background-size: cover; \"><\/div>\n\t\t\t\t\t\t\t\t\t  <\/div>\n\t\t\t\t\t\t\t\t\t  \n\t\t\t\t\t\t\t\t   <span class=\"yuzo__text--title\" style=\"font-size:13px;\">Estudantes protestam no centro de S\u00e3o Paulo contra...<\/span>\n\t\t\t\t\t\t\t  \n\t\t\t\t\t\t\t  \n\t\t\t\t\t\t\t  <\/a>\n\n\t\t\t\t\t\t  <\/div>\n\t\t\t\t\t\t  <div class=\"relatedthumb \" style=\"width:125px;float:left;overflow:hidden;\">  \n\t\t\t\t\t\t\t  \n\t\t\t\t\t\t\t  <a  href=\"https:\/\/redept.com.br\/blogosfera\/atlasintel-lula-lidera-1o-turno-para-presidente-flavio-bolsonaro-aparece-a-frente-no-2o\/\"  >\n\t\t\t\t\t\t\t\t\t  <div class=\"yuzo-img-wrap \" style=\"width: 125px;height:90px;\">\n\t\t\t\t\t\t\t\t\t\t\n\t\t\t\t\t\t\t\t\t\t<div class=\"yuzo-img\" style=\"background:url('https:\/\/redept.com.br\/blogosfera\/wp-content\/uploads\/2026\/03\/55163719637_4909516d97_k-150x150.jpg') 50% 50% no-repeat;width: 125px;height:90px;margin-bottom: 5px;background-size: cover; \"><\/div>\n\t\t\t\t\t\t\t\t\t  <\/div>\n\t\t\t\t\t\t\t\t\t  \n\t\t\t\t\t\t\t\t   <span class=\"yuzo__text--title\" style=\"font-size:13px;\">AtlasIntel: Lula lidera 1\u00ba turno para presidente; ...<\/span>\n\t\t\t\t\t\t\t  \n\t\t\t\t\t\t\t  \n\t\t\t\t\t\t\t  <\/a>\n\n\t\t\t\t\t\t  <\/div>\n\t\t\t\t\t\t  <div class=\"relatedthumb \" style=\"width:125px;float:left;overflow:hidden;\">  \n\t\t\t\t\t\t\t  \n\t\t\t\t\t\t\t  <a  href=\"https:\/\/redept.com.br\/blogosfera\/inep-divulga-edital-da-prova-nacional-docente-2025-confira-regras\/\"  >\n\t\t\t\t\t\t\t\t\t  <div class=\"yuzo-img-wrap \" style=\"width: 125px;height:90px;\">\n\t\t\t\t\t\t\t\t\t\t\n\t\t\t\t\t\t\t\t\t\t<div class=\"yuzo-img\" style=\"background:url('https:\/\/redept.org\/blogosfera\/wp-content\/plugins\/yuzo-related-post\/assets\/images\/default.png') 50% 50% no-repeat;width: 125px;height:90px;margin-bottom: 5px;background-size: cover; \"><\/div>\n\t\t\t\t\t\t\t\t\t  <\/div>\n\t\t\t\t\t\t\t\t\t  \n\t\t\t\t\t\t\t\t   <span class=\"yuzo__text--title\" style=\"font-size:13px;\">Inep divulga edital da Prova Nacional Docente 2025...<\/span>\n\t\t\t\t\t\t\t  \n\t\t\t\t\t\t\t  \n\t\t\t\t\t\t\t  <\/a>\n\n\t\t\t\t\t\t  <\/div>\n\t\t\t\t\t\t  <div class=\"relatedthumb \" style=\"width:125px;float:left;overflow:hidden;\">  \n\t\t\t\t\t\t\t  \n\t\t\t\t\t\t\t  <a  href=\"https:\/\/redept.com.br\/blogosfera\/morte-de-lider-do-cartel-de-jalisco-desencadeia-onda-de-violencia-no-mexico\/\"  >\n\t\t\t\t\t\t\t\t\t  <div class=\"yuzo-img-wrap \" style=\"width: 125px;height:90px;\">\n\t\t\t\t\t\t\t\t\t\t\n\t\t\t\t\t\t\t\t\t\t<div class=\"yuzo-img\" style=\"background:url('https:\/\/redept.org\/blogosfera\/wp-content\/plugins\/yuzo-related-post\/assets\/images\/default.png') 50% 50% no-repeat;width: 125px;height:90px;margin-bottom: 5px;background-size: cover; \"><\/div>\n\t\t\t\t\t\t\t\t\t  <\/div>\n\t\t\t\t\t\t\t\t\t  \n\t\t\t\t\t\t\t\t   <span class=\"yuzo__text--title\" style=\"font-size:13px;\">Morte de l\u00edder do cartel de Jalisco desencadeia on...<\/span>\n\t\t\t\t\t\t\t  \n\t\t\t\t\t\t\t  \n\t\t\t\t\t\t\t  <\/a>\n\n\t\t\t\t\t\t  <\/div>\n<\/div> <script>\n\t\t\t\t\t\t  jQuery(document).ready(function( $ ){\n\t\t\t\t\t\t\t\/\/jQuery('.yuzo_related_post').equalizer({ overflow : 'relatedthumb' });\n\t\t\t\t\t\t\tjQuery('.yuzo_related_post .yuzo_wraps').equalizer({ columns : '> div' });\n\t\t\t\t\t\t   })\n\t\t\t\t\t\t  <\/script> <!-- End Yuzo :) -->","protected":false},"excerpt":{"rendered":"<p>&#8220;\u00c9 f\u00e1cil apontar o dedo (&#8230;), mas \u00e9 muito mais dif\u00edcil encarar as pr\u00f3prias fantasias e admitir que a sexualidade \u00e9 diversa&#8221; &#8211; LEIA A \u00cdNTEGRA<\/p>\n<p>O post <a rel=\"nofollow\" href=\"https:\/\/urbsmagna.com\/bispo-eduardo-costa-calcinha-roberta-bastos-hipocrisia\/\">\u201cO problema n\u00e3o est\u00e1 no fetiche\u201d, mas na \u201chipocrisia\u201d, diz psicanalista sobre pastor de \u201ccalcinha enfiada\u201d<\/a> apareceu primeiro em <a rel=\"nofollow\" href=\"https:\/\/urbsmagna.com\/\"><\/a>.<\/p>\n","protected":false},"author":2,"featured_media":0,"comment_status":"open","ping_status":"closed","sticky":false,"template":"","format":"standard","meta":{"fifu_image_url":"","fifu_image_alt":"","footnotes":""},"categories":[5093,611,14256,14257,804,14258,14259,14260,191,153,13885,5471,202,14261,14255],"tags":[],"class_list":["post-44747","post","type-post","status-publish","format-standard","hentry","category-ativismo","category-comportamento","category-eduardo-costa","category-fetiche","category-goiania","category-hipocrisia","category-igreja-universal","category-moralismo","category-noticias","category-opiniao","category-polemica","category-politica-nacional","category-religiao","category-roberta-bastos","category-sexualidade"],"_links":{"self":[{"href":"https:\/\/redept.com.br\/blogosfera\/wp-json\/wp\/v2\/posts\/44747","targetHints":{"allow":["GET"]}}],"collection":[{"href":"https:\/\/redept.com.br\/blogosfera\/wp-json\/wp\/v2\/posts"}],"about":[{"href":"https:\/\/redept.com.br\/blogosfera\/wp-json\/wp\/v2\/types\/post"}],"author":[{"embeddable":true,"href":"https:\/\/redept.com.br\/blogosfera\/wp-json\/wp\/v2\/users\/2"}],"replies":[{"embeddable":true,"href":"https:\/\/redept.com.br\/blogosfera\/wp-json\/wp\/v2\/comments?post=44747"}],"version-history":[{"count":0,"href":"https:\/\/redept.com.br\/blogosfera\/wp-json\/wp\/v2\/posts\/44747\/revisions"}],"wp:attachment":[{"href":"https:\/\/redept.com.br\/blogosfera\/wp-json\/wp\/v2\/media?parent=44747"}],"wp:term":[{"taxonomy":"category","embeddable":true,"href":"https:\/\/redept.com.br\/blogosfera\/wp-json\/wp\/v2\/categories?post=44747"},{"taxonomy":"post_tag","embeddable":true,"href":"https:\/\/redept.com.br\/blogosfera\/wp-json\/wp\/v2\/tags?post=44747"}],"curies":[{"name":"wp","href":"https:\/\/api.w.org\/{rel}","templated":true}]}}