{"id":44857,"date":"2025-08-14T18:48:32","date_gmt":"2025-08-14T21:48:32","guid":{"rendered":"https:\/\/redept.org\/blogosfera\/setor-produtivo-elogia-plano-de-lula-para-combater-efeitos-do-tarifaco\/"},"modified":"2025-08-14T18:48:32","modified_gmt":"2025-08-14T21:48:32","slug":"setor-produtivo-elogia-plano-de-lula-para-combater-efeitos-do-tarifaco","status":"publish","type":"post","link":"https:\/\/redept.com.br\/blogosfera\/setor-produtivo-elogia-plano-de-lula-para-combater-efeitos-do-tarifaco\/","title":{"rendered":"Setor produtivo elogia plano de Lula para combater efeitos do tarifa\u00e7o"},"content":{"rendered":"<p><img fetchpriority=\"high\" width=\"1024\" height=\"588\"src=\"https:\/\/redept.org\/blogosfera\/wp-content\/uploads\/2025\/08\/54718997378_d9dd035bfe_o-2048x1176-1.jpg\" alt=\"\" decoding=\"async\" srcset=\"https:\/\/vermelho.org.br\/wp-content\/uploads\/2025\/08\/54718997378_d9dd035bfe_o-1024x588.jpg 1024w, https:\/\/vermelho.org.br\/wp-content\/uploads\/2025\/08\/54718997378_d9dd035bfe_o-300x172.jpg 300w, https:\/\/vermelho.org.br\/wp-content\/uploads\/2025\/08\/54718997378_d9dd035bfe_o-768x441.jpg 768w, https:\/\/vermelho.org.br\/wp-content\/uploads\/2025\/08\/54718997378_d9dd035bfe_o-1536x882.jpg 1536w, https:\/\/redept.org\/blogosfera\/wp-content\/uploads\/2025\/08\/54718997378_d9dd035bfe_o-2048x1176-1.jpg 2048w\" sizes=\"(max-width: 1024px) 100vw, 1024px\"><\/p>\n<p>As entidades patronais que representam o setor produtivo reagiram positivamente ao Plano Brasil Soberano \u2013 o pacote do governo federal para combater os efeitos do tarifa\u00e7o norte-americano. Desde 6 de agosto, por determina\u00e7\u00e3o unilateral e abusiva do presidente Donald Trump, os Estados Unidos imp\u00f5em uma taxa de 50% para importar produtos brasileiros.<\/p>\n<p>J\u00e1 no an\u00fancio do plano, nesta quarta-feira (13), Ricardo Alban, presidente da Confedera\u00e7\u00e3o Nacional da Ind\u00fastria (CNI), elogiou a iniciativa da gest\u00e3o Lula. \u201cN\u00e3o queremos s\u00f3 respirar, mas caminhar. Neste primeiro momento, o Plano Brasil Soberano representa abertura de mercado e reflete o esfor\u00e7o cont\u00ednuo de manter o di\u00e1logo e buscar solu\u00e7\u00f5es\u201d, declarou Alban.<\/p>\n<p>Jos\u00e9 Velloso, presidente da Associa\u00e7\u00e3o Brasileira da Ind\u00fastria de M\u00e1quinas e Equipamentos (Abimaq), foi na mesma linha. \u201cDe uma forma geral, o pacote foi bom. Acho que ele vai dar um f\u00f4lego para as empresas fazerem a travessia\u201d, afirmou. \u201cS\u00e3o importantes medidas, como o Reintegra e o cr\u00e9dito \u2013 mas \u00e9 uma situa\u00e7\u00e3o de transi\u00e7\u00e3o. L\u00e1 na frente, tanto o vendedor quanto o comprador precisam ter uma vis\u00e3o no fundo do t\u00fanel.\u201d<\/p>\n<p>Na todo-poderosa Fiesp (Federa\u00e7\u00e3o das Ind\u00fastrias do Estado de S\u00e3o Paulo), o tom tamb\u00e9m foi de apoio ao Plano Brasil Soberano. De acordo com nota divulgada pela entidade, \u201cmedidas para preservar empregos, diversificar mercados e assegurar condi\u00e7\u00f5es justas de com\u00e9rcio internacional s\u00e3o importantes e demonstram compromisso com a defesa dos setores produtivos nacionais\u201d.<\/p>\n<p>J\u00e1 a Federa\u00e7\u00e3o das Ind\u00fastrias do Estado do Rio de Janeiro (Firjan) classificou o plano como um \u201cprimeiro passo\u201d para enfrentar o tarifa\u00e7o. \u201cA Firjan refor\u00e7a, mais uma vez, a import\u00e2ncia da continuidade do di\u00e1logo entre os governos, com apoio do setor empresarial, para a busca de solu\u00e7\u00f5es negociadas e que preservem o ambiente de neg\u00f3cios e investimentos entre os pa\u00edses. Assim como a federa\u00e7\u00e3o tamb\u00e9m defende a necessidade de implementar a abertura de novos mercados\u201d, indicou, em nota, a entidade.<\/p>\n<p>Na vis\u00e3o da Associa\u00e7\u00e3o Brasileira da Ind\u00fastria Qu\u00edmica (Abiquim), o plano \u201cdialoga com demandas hist\u00f3ricas\u201d do setor. Segundo a entidade, o pacote \u00e9 \u201cpositivo\u201d para a \u201cpreserva\u00e7\u00e3o da competitividade e do emprego\u201d, sem esquecer a \u201curg\u00eancia de negocia\u00e7\u00f5es com os EUA por mais exclus\u00f5es setoriais do tarifa\u00e7o. A Abiquim seguir\u00e1 colaborando ativamente para que os recursos e instrumentos previstos no Plano Brasil Soberano alcancem, de forma \u00e1gil e eficaz, as empresas mais impactadas.\u201d<\/p>\n<p>Entre as entidades industriais, apenas duas \u2013 a Fiep (Federa\u00e7\u00e3o das Ind\u00fastrias do Paran\u00e1) e a Fiemg (Federa\u00e7\u00e3o das Ind\u00fastrias do Estado de Minas Gerais) preferiram insistir na narrativa anti-Lula a reconhecer os m\u00e9ritos das propostas. Presidente da Fiep, Edson Vasconcelos disse que as medidas s\u00e3o \u201cpaliativas\u201d em fun\u00e7\u00e3o de supostas \u201cquest\u00f5es ideol\u00f3gicas\u201d do governo. Ele cobrou \u201cuma solu\u00e7\u00e3o definitiva em rela\u00e7\u00e3o \u00e0 taxa\u00e7\u00e3o imposta pelos EUA\u201d, mas omitiu que a sa\u00edda n\u00e3o depende apenas do Brasil.<\/p>\n<p>O presidente da Fiemg, Fl\u00e1vio Roscoe, fez coro a Vasconcelos. \u201cAs medidas podem dar algum f\u00f4lego \u00e0s empresas, mas n\u00e3o resolvem a raiz do problema\u201d, disse o dirigente, em nota. \u201cSe n\u00e3o houver rapidez na implementa\u00e7\u00e3o e clareza nas regras, o risco \u00e9 que os recursos e incentivos fiquem no papel.\u201d<\/p>\n<p>No agroneg\u00f3cio, a apreens\u00e3o \u00e9 mais evidente. Durante a cerim\u00f4nia de an\u00fancio do Plano Brasil Soberano, Lula afirmou que seu governo atingiu a marca de 400 novos mercados abertos para o setor prim\u00e1rio. Mas o clima entre os segmentos atingidos \u00e9 de cautela. O Cecaf\u00e9 (Conselho dos Exportadores de Caf\u00e9 do Brasil) e a Abiec (Associa\u00e7\u00e3o Brasileira das Ind\u00fastrias Exportadoras de Carnes) informaram que s\u00f3 v\u00e3o se pronunciar formalmente ap\u00f3s a publica\u00e7\u00e3o da medida provis\u00f3ria.<\/p>\n<p>O post <a href=\"https:\/\/vermelho.org.br\/2025\/08\/14\/setor-produtivo-elogia-plano-de-lula-para-combater-efeitos-do-tarifaco\/\">Setor produtivo elogia plano de Lula para combater efeitos do tarifa\u00e7o<\/a> apareceu primeiro em <a href=\"https:\/\/vermelho.org.br\/\">Vermelho<\/a>.<\/p>\n<!-- Begin Yuzo --><div class='yuzo_related_post style-1'  data-version='5.12.89'><!-- without result --><div class='yuzo_clearfixed yuzo__title yuzo__title'><h3>Related Post<\/h3><\/div>\n\t\t\t\t\t\t  <div class=\"relatedthumb \" style=\"width:125px;float:left;overflow:hidden;\">  \n\t\t\t\t\t\t\t  \n\t\t\t\t\t\t\t  <a  href=\"https:\/\/redept.com.br\/blogosfera\/vitoria-contra-apagamento-filha-de-marielle-franco-comemora-data-aprovada-em-homenagem-a-vereadora-na-camara\/\"  >\n\t\t\t\t\t\t\t\t\t  <div class=\"yuzo-img-wrap \" style=\"width: 125px;height:90px;\">\n\t\t\t\t\t\t\t\t\t\t\n\t\t\t\t\t\t\t\t\t\t<div class=\"yuzo-img\" style=\"background:url('https:\/\/redept.org\/blogosfera\/wp-content\/plugins\/yuzo-related-post\/assets\/images\/default.png') 50% 50% no-repeat;width: 125px;height:90px;margin-bottom: 5px;background-size: cover; \"><\/div>\n\t\t\t\t\t\t\t\t\t  <\/div>\n\t\t\t\t\t\t\t\t\t  \n\t\t\t\t\t\t\t\t   <span class=\"yuzo__text--title\" style=\"font-size:13px;\">\u2018Vit\u00f3ria contra apagamento\u2019: filha de Marielle Fra...<\/span>\n\t\t\t\t\t\t\t  \n\t\t\t\t\t\t\t  \n\t\t\t\t\t\t\t  <\/a>\n\n\t\t\t\t\t\t  <\/div>\n\t\t\t\t\t\t  <div class=\"relatedthumb \" style=\"width:125px;float:left;overflow:hidden;\">  \n\t\t\t\t\t\t\t  \n\t\t\t\t\t\t\t  <a  href=\"https:\/\/redept.com.br\/blogosfera\/em-roma-lula-conclama-o-mundo-a-se-indignar-contra-a-fome-e-a-pobreza\/\"  >\n\t\t\t\t\t\t\t\t\t  <div class=\"yuzo-img-wrap \" style=\"width: 125px;height:90px;\">\n\t\t\t\t\t\t\t\t\t\t\n\t\t\t\t\t\t\t\t\t\t<div class=\"yuzo-img\" style=\"background:url('https:\/\/redept.org\/blogosfera\/wp-content\/plugins\/yuzo-related-post\/assets\/images\/default.png') 50% 50% no-repeat;width: 125px;height:90px;margin-bottom: 5px;background-size: cover; \"><\/div>\n\t\t\t\t\t\t\t\t\t  <\/div>\n\t\t\t\t\t\t\t\t\t  \n\t\t\t\t\t\t\t\t   <span class=\"yuzo__text--title\" style=\"font-size:13px;\">Em Roma, Lula conclama o mundo a se indignar contr...<\/span>\n\t\t\t\t\t\t\t  \n\t\t\t\t\t\t\t  \n\t\t\t\t\t\t\t  <\/a>\n\n\t\t\t\t\t\t  <\/div>\n\t\t\t\t\t\t  <div class=\"relatedthumb \" style=\"width:125px;float:left;overflow:hidden;\">  \n\t\t\t\t\t\t\t  \n\t\t\t\t\t\t\t  <a  href=\"https:\/\/redept.com.br\/blogosfera\/pena-maior-para-homicidio-e-agressao-em-escolas-vai-a-sancao\/\"  >\n\t\t\t\t\t\t\t\t\t  <div class=\"yuzo-img-wrap \" style=\"width: 125px;height:90px;\">\n\t\t\t\t\t\t\t\t\t\t\n\t\t\t\t\t\t\t\t\t\t<div class=\"yuzo-img\" style=\"background:url('https:\/\/redept.org\/blogosfera\/wp-content\/plugins\/yuzo-related-post\/assets\/images\/default.png') 50% 50% no-repeat;width: 125px;height:90px;margin-bottom: 5px;background-size: cover; \"><\/div>\n\t\t\t\t\t\t\t\t\t  <\/div>\n\t\t\t\t\t\t\t\t\t  \n\t\t\t\t\t\t\t\t   <span class=\"yuzo__text--title\" style=\"font-size:13px;\">Pena maior para homic\u00eddio e agress\u00e3o em escolas va...<\/span>\n\t\t\t\t\t\t\t  \n\t\t\t\t\t\t\t  \n\t\t\t\t\t\t\t  <\/a>\n\n\t\t\t\t\t\t  <\/div>\n\t\t\t\t\t\t  <div class=\"relatedthumb \" style=\"width:125px;float:left;overflow:hidden;\">  \n\t\t\t\t\t\t\t  \n\t\t\t\t\t\t\t  <a  href=\"https:\/\/sul21.com.br\/noticias\/geral\/2025\/08\/ciclone-extratropical-pode-trazer-chuva-forte-e-vento-acima-de-50-km-h-para-o-rs-a-partir-desta-terca-19\/\"  >\n\t\t\t\t\t\t\t\t\t  <div class=\"yuzo-img-wrap \" style=\"width: 125px;height:90px;\">\n\t\t\t\t\t\t\t\t\t\t\n\t\t\t\t\t\t\t\t\t\t<div class=\"yuzo-img\" style=\"background:url('https:\/\/agenciabrasil.ebc.com.br\/ebc.png?id=1654971&amp;o=node') 50% 50% no-repeat;width: 125px;height:90px;margin-bottom: 5px;background-size: cover; \"><\/div>\n\t\t\t\t\t\t\t\t\t  <\/div>\n\t\t\t\t\t\t\t\t\t  \n\t\t\t\t\t\t\t\t   <span class=\"yuzo__text--title\" style=\"font-size:13px;\">Ciclone extratropical pode trazer chuva forte e ve...<\/span>\n\t\t\t\t\t\t\t  \n\t\t\t\t\t\t\t  \n\t\t\t\t\t\t\t  <\/a>\n\n\t\t\t\t\t\t  <\/div>\n<\/div> <script>\n\t\t\t\t\t\t  jQuery(document).ready(function( $ ){\n\t\t\t\t\t\t\t\/\/jQuery('.yuzo_related_post').equalizer({ overflow : 'relatedthumb' });\n\t\t\t\t\t\t\tjQuery('.yuzo_related_post .yuzo_wraps').equalizer({ columns : '> div' });\n\t\t\t\t\t\t   })\n\t\t\t\t\t\t  <\/script> <!-- End Yuzo :) -->","protected":false},"excerpt":{"rendered":"<p>As entidades patronais que representam o setor produtivo reagiram positivamente ao Plano Brasil Soberano \u2013 o pacote do governo federal para combater os efeitos do tarifa\u00e7o norte-americano. Desde 6 de agosto, por determina\u00e7\u00e3o unilateral e abusiva do presidente Donald Trump, os Estados Unidos imp\u00f5em uma taxa de 50% para importar produtos brasileiros. J\u00e1 no an\u00fancio [&hellip;]<\/p>\n","protected":false},"author":2,"featured_media":0,"comment_status":"open","ping_status":"closed","sticky":false,"template":"","format":"standard","meta":{"fifu_image_url":"","fifu_image_alt":"","footnotes":""},"categories":[117,221,17,600,14059,9728,3641],"tags":[],"class_list":["post-44857","post","type-post","status-publish","format-standard","hentry","category-agronegocio","category-economia","category-governo-lula","category-industria","category-plano-brasil-soberano","category-setor-produtivo","category-tarifaco"],"_links":{"self":[{"href":"https:\/\/redept.com.br\/blogosfera\/wp-json\/wp\/v2\/posts\/44857","targetHints":{"allow":["GET"]}}],"collection":[{"href":"https:\/\/redept.com.br\/blogosfera\/wp-json\/wp\/v2\/posts"}],"about":[{"href":"https:\/\/redept.com.br\/blogosfera\/wp-json\/wp\/v2\/types\/post"}],"author":[{"embeddable":true,"href":"https:\/\/redept.com.br\/blogosfera\/wp-json\/wp\/v2\/users\/2"}],"replies":[{"embeddable":true,"href":"https:\/\/redept.com.br\/blogosfera\/wp-json\/wp\/v2\/comments?post=44857"}],"version-history":[{"count":0,"href":"https:\/\/redept.com.br\/blogosfera\/wp-json\/wp\/v2\/posts\/44857\/revisions"}],"wp:attachment":[{"href":"https:\/\/redept.com.br\/blogosfera\/wp-json\/wp\/v2\/media?parent=44857"}],"wp:term":[{"taxonomy":"category","embeddable":true,"href":"https:\/\/redept.com.br\/blogosfera\/wp-json\/wp\/v2\/categories?post=44857"},{"taxonomy":"post_tag","embeddable":true,"href":"https:\/\/redept.com.br\/blogosfera\/wp-json\/wp\/v2\/tags?post=44857"}],"curies":[{"name":"wp","href":"https:\/\/api.w.org\/{rel}","templated":true}]}}