{"id":44993,"date":"2025-08-15T10:04:29","date_gmt":"2025-08-15T13:04:29","guid":{"rendered":"https:\/\/redept.org\/blogosfera\/governo-lula-prepara-supermapeamento-geologico-de-minerais-estrategicos\/"},"modified":"2025-08-15T10:04:29","modified_gmt":"2025-08-15T13:04:29","slug":"governo-lula-prepara-supermapeamento-geologico-de-minerais-estrategicos","status":"publish","type":"post","link":"https:\/\/redept.com.br\/blogosfera\/governo-lula-prepara-supermapeamento-geologico-de-minerais-estrategicos\/","title":{"rendered":"Governo Lula prepara \u201csupermapeamento\u201d geol\u00f3gico de minerais estrat\u00e9gicos"},"content":{"rendered":"<p><img fetchpriority=\"high\" width=\"1024\" height=\"683\"src=\"https:\/\/redept.org\/blogosfera\/wp-content\/uploads\/2025\/08\/mineracao-1.jpg\" alt=\"\" decoding=\"async\" srcset=\"https:\/\/vermelho.org.br\/wp-content\/uploads\/2025\/08\/mineracao-1-1024x683.jpg 1024w, https:\/\/vermelho.org.br\/wp-content\/uploads\/2025\/08\/mineracao-1-300x200.jpg 300w, https:\/\/vermelho.org.br\/wp-content\/uploads\/2025\/08\/mineracao-1-768x512.jpg 768w, https:\/\/vermelho.org.br\/wp-content\/uploads\/2025\/08\/mineracao-1-272x182.jpg 272w, https:\/\/redept.org\/blogosfera\/wp-content\/uploads\/2025\/08\/mineracao-1.jpg 1200w\" sizes=\"(max-width: 1024px) 100vw, 1024px\"><\/p>\n<p>O governo Lula prepara um \u201csupermapeamento\u201d geol\u00f3gico para identificar as regi\u00f5es com maior potencial de minerais estrat\u00e9gicos no Brasil, em um movimento que combina planejamento t\u00e9cnico e defesa de soberania.\u00a0<\/p>\n<p>A iniciativa, conduzida pelo Servi\u00e7o Geol\u00f3gico do Brasil (SGB), prev\u00ea uma varredura minuciosa em \u00e1reas priorit\u00e1rias, com prazo de at\u00e9 120 dias para apresenta\u00e7\u00e3o ao minist\u00e9rio de Minas e Energia (MME) de um plano de prioriza\u00e7\u00e3o que detalhe onde e como ser\u00e3o feitos levantamentos geol\u00f3gicos, geof\u00edsicos e geoqu\u00edmicos.\u00a0<\/p>\n<p>Internamente, o projeto \u00e9 tratado como \u201csupermapeamento\u201d e busca preencher a lacuna hist\u00f3rica de informa\u00e7\u00f5es sobre o subsolo brasileiro \u2014 apenas cerca de 30% do potencial mineral do pa\u00eds foi mapeado at\u00e9 hoje.<\/p>\n<p>Essa medida integra a pol\u00edtica nacional para minerais cr\u00edticos que est\u00e1 em fase final de elabora\u00e7\u00e3o, batizada de <em>Minera\u00e7\u00e3o para Energia Limpa<\/em> (MEL).\u00a0<\/p>\n<p>A proposta pretende ampliar o mapeamento geol\u00f3gico, facilitar o financiamento de novos projetos, autorizar a emiss\u00e3o de deb\u00eantures incentivadas para a produ\u00e7\u00e3o e aumentar a participa\u00e7\u00e3o de pequenas empresas no setor.\u00a0<\/p>\n<p>Entre os recursos estrat\u00e9gicos est\u00e3o l\u00edtio, cobre, grafita, sil\u00edcio, terras-raras, ni\u00f3bio e van\u00e1dio, insumos essenciais para setores como energia renov\u00e1vel, mobilidade el\u00e9trica, defesa e tecnologia de ponta.\u00a0<\/p>\n<p>Apesar de deter algumas das maiores reservas globais, o Brasil ainda tem participa\u00e7\u00e3o modesta na produ\u00e7\u00e3o mundial: 26,4% das reservas de grafita, mas apenas 4,56% da produ\u00e7\u00e3o global; 19% das reservas de terras-raras, mas 0,02% da produ\u00e7\u00e3o.<\/p>\n<p>O cen\u00e1rio internacional adiciona press\u00e3o \u00e0 estrat\u00e9gia brasileira. Em julho, o encarregado de neg\u00f3cios da Embaixada dos EUA no Brasil, Gabriel Escobar, procurou representantes do setor mineral para manifestar o interesse de Washington no acesso a recursos estrat\u00e9gicos nacionais.\u00a0<\/p>\n<p>O gesto coincidiu com a decis\u00e3o do governo de Donald Trump de impor uma sobretaxa de 50% aos produtos brasileiros, medida que entrou em vigor em agosto e que acendeu o alerta sobre a possibilidade de uso dos minerais como moeda de troca em negocia\u00e7\u00f5es comerciais.\u00a0<\/p>\n<p>Em situa\u00e7\u00f5es anteriores, a imprensa norte-americana chegou a atribuir o fim de tarifas impostas pelos EUA \u00e0 concess\u00e3o, pelo Brasil, de acesso a reservas de terras-raras.<\/p>\n<p>Para especialistas, a chave \u00e9 transformar o potencial geol\u00f3gico em vantagem geopol\u00edtica e industrial. Ao <em>Brasil 247<\/em>, o engenheiro de minas Jorge Boeira, da Ag\u00eancia Brasileira de Desenvolvimento Industrial (ABDI), defende que n\u00e3o se trata apenas de vender min\u00e9rio bruto, mas de negociar inser\u00e7\u00e3o qualificada em setores de ponta da economia global, com contrapartidas como transfer\u00eancia de tecnologia, investimentos em beneficiamento e manufatura local, e parcerias em inova\u00e7\u00e3o.\u00a0<\/p>\n<p>Ao preparar o \u201csupermapeamento\u201d e a nova pol\u00edtica nacional, o governo Lula aposta em romper o ciclo hist\u00f3rico de exporta\u00e7\u00e3o de bens prim\u00e1rios com pouco valor agregado, usando a geologia como instrumento estrat\u00e9gico para o desenvolvimento.<\/p>\n<p>O post <a href=\"https:\/\/vermelho.org.br\/2025\/08\/15\/governo-lula-prepara-supermapeamento-geologico-de-minerais-estrategicos\/\">Governo Lula prepara \u201csupermapeamento\u201d geol\u00f3gico de minerais estrat\u00e9gicos<\/a> apareceu primeiro em <a href=\"https:\/\/vermelho.org.br\/\">Vermelho<\/a>.<\/p>\n<!-- Begin Yuzo --><div class='yuzo_related_post style-1'  data-version='5.12.89'><!-- without result --><div class='yuzo_clearfixed yuzo__title yuzo__title'><h3>Related Post<\/h3><\/div>\n\t\t\t\t\t\t  <div class=\"relatedthumb \" style=\"width:125px;float:left;overflow:hidden;\">  \n\t\t\t\t\t\t\t  \n\t\t\t\t\t\t\t  <a  href=\"https:\/\/redept.com.br\/blogosfera\/crise-climatica-e-transicao-energetica-com-marina-silva\/\"  >\n\t\t\t\t\t\t\t\t\t  <div class=\"yuzo-img-wrap \" style=\"width: 125px;height:90px;\">\n\t\t\t\t\t\t\t\t\t\t\n\t\t\t\t\t\t\t\t\t\t<div class=\"yuzo-img\" style=\"background:url('https:\/\/redept.org\/blogosfera\/wp-content\/plugins\/yuzo-related-post\/assets\/images\/default.png') 50% 50% no-repeat;width: 125px;height:90px;margin-bottom: 5px;background-size: cover; \"><\/div>\n\t\t\t\t\t\t\t\t\t  <\/div>\n\t\t\t\t\t\t\t\t\t  \n\t\t\t\t\t\t\t\t   <span class=\"yuzo__text--title\" style=\"font-size:13px;\">Crise clim\u00e1tica e transi\u00e7\u00e3o energ\u00e9tica \u2013 com Marin...<\/span>\n\t\t\t\t\t\t\t  \n\t\t\t\t\t\t\t  \n\t\t\t\t\t\t\t  <\/a>\n\n\t\t\t\t\t\t  <\/div>\n\t\t\t\t\t\t  <div class=\"relatedthumb \" style=\"width:125px;float:left;overflow:hidden;\">  \n\t\t\t\t\t\t\t  \n\t\t\t\t\t\t\t  <a  href=\"https:\/\/redept.com.br\/blogosfera\/cupula-dos-povos-mobiliza-mais-de-15-mil-pessoas-para-influenciar-na-cop30\/\"  >\n\t\t\t\t\t\t\t\t\t  <div class=\"yuzo-img-wrap \" style=\"width: 125px;height:90px;\">\n\t\t\t\t\t\t\t\t\t\t\n\t\t\t\t\t\t\t\t\t\t<div class=\"yuzo-img\" style=\"background:url('https:\/\/redept.com.br\/blogosfera\/wp-content\/uploads\/2025\/07\/Amazonia-150x150.jpg') 50% 50% no-repeat;width: 125px;height:90px;margin-bottom: 5px;background-size: cover; \"><\/div>\n\t\t\t\t\t\t\t\t\t  <\/div>\n\t\t\t\t\t\t\t\t\t  \n\t\t\t\t\t\t\t\t   <span class=\"yuzo__text--title\" style=\"font-size:13px;\">C\u00fapula dos Povos mobiliza mais de 15 mil pessoas p...<\/span>\n\t\t\t\t\t\t\t  \n\t\t\t\t\t\t\t  \n\t\t\t\t\t\t\t  <\/a>\n\n\t\t\t\t\t\t  <\/div>\n\t\t\t\t\t\t  <div class=\"relatedthumb \" style=\"width:125px;float:left;overflow:hidden;\">  \n\t\t\t\t\t\t\t  \n\t\t\t\t\t\t\t  <a  href=\"https:\/\/redept.com.br\/blogosfera\/scania-deve-desculpas-e-indenizacao-por-apoio-a-ditadura-brasileira-diz-representante-de-acionistas-alemaes\/\"  >\n\t\t\t\t\t\t\t\t\t  <div class=\"yuzo-img-wrap \" style=\"width: 125px;height:90px;\">\n\t\t\t\t\t\t\t\t\t\t\n\t\t\t\t\t\t\t\t\t\t<div class=\"yuzo-img\" style=\"background:url('https:\/\/redept.com.br\/blogosfera\/wp-content\/uploads\/2025\/05\/scania-alessandra-haro-memorial-da-resistencia-150x150.jpg') 50% 50% no-repeat;width: 125px;height:90px;margin-bottom: 5px;background-size: cover; \"><\/div>\n\t\t\t\t\t\t\t\t\t  <\/div>\n\t\t\t\t\t\t\t\t\t  \n\t\t\t\t\t\t\t\t   <span class=\"yuzo__text--title\" style=\"font-size:13px;\">\u2018Scania deve desculpas e indeniza\u00e7\u00e3o por apoio \u00e0 d...<\/span>\n\t\t\t\t\t\t\t  \n\t\t\t\t\t\t\t  \n\t\t\t\t\t\t\t  <\/a>\n\n\t\t\t\t\t\t  <\/div>\n\t\t\t\t\t\t  <div class=\"relatedthumb \" style=\"width:125px;float:left;overflow:hidden;\">  \n\t\t\t\t\t\t\t  \n\t\t\t\t\t\t\t  <a  href=\"https:\/\/redept.com.br\/blogosfera\/tarcisio-vai-quebrar-sp-dando-beneficios-a-rede-de-politicos-e-empresarios-corruptos-diz-perfil\/\"  >\n\t\t\t\t\t\t\t\t\t  <div class=\"yuzo-img-wrap \" style=\"width: 125px;height:90px;\">\n\t\t\t\t\t\t\t\t\t\t\n\t\t\t\t\t\t\t\t\t\t<div class=\"yuzo-img\" style=\"background:url('https:\/\/redept.org\/blogosfera\/wp-content\/plugins\/yuzo-related-post\/assets\/images\/default.png') 50% 50% no-repeat;width: 125px;height:90px;margin-bottom: 5px;background-size: cover; \"><\/div>\n\t\t\t\t\t\t\t\t\t  <\/div>\n\t\t\t\t\t\t\t\t\t  \n\t\t\t\t\t\t\t\t   <span class=\"yuzo__text--title\" style=\"font-size:13px;\">Tarc\u00edsio vai quebrar SP dando benef\u00edcios a rede de...<\/span>\n\t\t\t\t\t\t\t  \n\t\t\t\t\t\t\t  \n\t\t\t\t\t\t\t  <\/a>\n\n\t\t\t\t\t\t  <\/div>\n<\/div> <script>\n\t\t\t\t\t\t  jQuery(document).ready(function( $ ){\n\t\t\t\t\t\t\t\/\/jQuery('.yuzo_related_post').equalizer({ overflow : 'relatedthumb' });\n\t\t\t\t\t\t\tjQuery('.yuzo_related_post .yuzo_wraps').equalizer({ columns : '> div' });\n\t\t\t\t\t\t   })\n\t\t\t\t\t\t  <\/script> <!-- End Yuzo :) -->","protected":false},"excerpt":{"rendered":"<p>O governo Lula prepara um \u201csupermapeamento\u201d geol\u00f3gico para identificar as regi\u00f5es com maior potencial de minerais estrat\u00e9gicos no Brasil, em um movimento que combina planejamento t\u00e9cnico e defesa de soberania.\u00a0 A iniciativa, conduzida pelo Servi\u00e7o Geol\u00f3gico do Brasil (SGB), prev\u00ea uma varredura minuciosa em \u00e1reas priorit\u00e1rias, com prazo de at\u00e9 120 dias para apresenta\u00e7\u00e3o ao [&hellip;]<\/p>\n","protected":false},"author":2,"featured_media":0,"comment_status":"open","ping_status":"closed","sticky":false,"template":"","format":"standard","meta":{"fifu_image_url":"","fifu_image_alt":"","footnotes":""},"categories":[161,14506,3105,112,5661,132,14507,4036],"tags":[],"class_list":["post-44993","post","type-post","status-publish","format-standard","hentry","category-governo-federal","category-grafita","category-litio","category-lula","category-minerais-estrategicos","category-politica","category-supermapeamento","category-terras-raras"],"_links":{"self":[{"href":"https:\/\/redept.com.br\/blogosfera\/wp-json\/wp\/v2\/posts\/44993","targetHints":{"allow":["GET"]}}],"collection":[{"href":"https:\/\/redept.com.br\/blogosfera\/wp-json\/wp\/v2\/posts"}],"about":[{"href":"https:\/\/redept.com.br\/blogosfera\/wp-json\/wp\/v2\/types\/post"}],"author":[{"embeddable":true,"href":"https:\/\/redept.com.br\/blogosfera\/wp-json\/wp\/v2\/users\/2"}],"replies":[{"embeddable":true,"href":"https:\/\/redept.com.br\/blogosfera\/wp-json\/wp\/v2\/comments?post=44993"}],"version-history":[{"count":0,"href":"https:\/\/redept.com.br\/blogosfera\/wp-json\/wp\/v2\/posts\/44993\/revisions"}],"wp:attachment":[{"href":"https:\/\/redept.com.br\/blogosfera\/wp-json\/wp\/v2\/media?parent=44993"}],"wp:term":[{"taxonomy":"category","embeddable":true,"href":"https:\/\/redept.com.br\/blogosfera\/wp-json\/wp\/v2\/categories?post=44993"},{"taxonomy":"post_tag","embeddable":true,"href":"https:\/\/redept.com.br\/blogosfera\/wp-json\/wp\/v2\/tags?post=44993"}],"curies":[{"name":"wp","href":"https:\/\/api.w.org\/{rel}","templated":true}]}}