{"id":45134,"date":"2025-08-15T19:51:40","date_gmt":"2025-08-15T22:51:40","guid":{"rendered":"https:\/\/redept.org\/blogosfera\/urihi-maripra%c9%a8-sonhar-a-terra-floresta-exposicao-do-artista-joseca-yanomami-comeca-neste-sabado-em-sp\/"},"modified":"2025-08-15T19:51:40","modified_gmt":"2025-08-15T22:51:40","slug":"urihi-maripra%c9%a8-sonhar-a-terra-floresta-exposicao-do-artista-joseca-yanomami-comeca-neste-sabado-em-sp","status":"publish","type":"post","link":"https:\/\/redept.com.br\/blogosfera\/urihi-maripra%c9%a8-sonhar-a-terra-floresta-exposicao-do-artista-joseca-yanomami-comeca-neste-sabado-em-sp\/","title":{"rendered":"\u2018Urihi m\u00e3ripra\u0268 \u2013 Sonhar a terra-floresta\u2019: exposi\u00e7\u00e3o do artista Joseca Yanomami come\u00e7a neste s\u00e1bado em SP"},"content":{"rendered":"<p>A exposi\u00e7\u00e3o <em>Urihi m\u00e3ripra\u0268 \u2013 Sonhar a terra-floresta<\/em>, do artista Joseca Mokahesi Yanomami, ser\u00e1 inaugurada neste s\u00e1bado (16), em S\u00e3o Paulo, com a presen\u00e7a de D\u00e1rio Kopenawa Yanomami, lideran\u00e7a do povo Yanomami, e do antrop\u00f3logo Bruce Albert. O evento acontecer\u00e1 entre 11h e 16h na galeria Almeida &amp; Dale Fradique, onde a mostra segue at\u00e9 outubro com cerca de 30 obras in\u00e9ditas, entre desenhos e, pela primeira vez, pinturas em tela criadas pelo artista a partir de seus sonhos e experi\u00eancias com o xamanismo.<\/p>\n<p>As obras apresentadas em <em>Urihi m\u00e3ripra\u0268<\/em> (algo como \u201csonhar a terra-floresta\u201d, em yanomae) materializam cenas e personagens que habitam o mundo invis\u00edvel revelado aos xam\u00e3s em cantos e vis\u00f5es on\u00edricas. Esp\u00e9cies de \u201cpeles de imagens\u201d, como descreve o artista, os desenhos e pinturas de Joseca traduzem visualmente a cosmologia Yanomami \u2013 e criam pontes entre mundos distintos.<\/p>\n<p>A trajet\u00f3ria art\u00edstica de Joseca se insere em uma longa hist\u00f3ria de resist\u00eancia e afirma\u00e7\u00e3o cultural de seu povo, marcada pela colabora\u00e7\u00e3o entre artistas e lideran\u00e7as Yanomami e aliados como Claudia Andujar, Davi Kopenawa e o pr\u00f3prio Bruce Albert. \u00c9 com Albert, coautor do livro <em>A Queda do C\u00e9u<\/em> (2015), que Joseca divide a curadoria da atual exposi\u00e7\u00e3o.<\/p>\n<p>Nascido em 1971 na regi\u00e3o do Rio Uxi u, Joseca vive e trabalha na comunidade de Buriti, na Terra Ind\u00edgena Yanomami. \u00c9 filho de um grande xam\u00e3 e iniciou sua trajet\u00f3ria art\u00edstica ainda jovem, desenhando imagens ef\u00eameras pelas trilhas da floresta. A aproxima\u00e7\u00e3o com n\u00e3o ind\u00edgenas o levou a experimentar papel, l\u00e1pis e caneta, numa apropria\u00e7\u00e3o de materiais e conceitos que o conectaram ao universo da arte ocidental sem romper com suas ra\u00edzes.<\/p>\n<p>Nos anos 1990, foi um dos fundadores da primeira escola Yanomami de sua comunidade e participou da elabora\u00e7\u00e3o de cartilhas bil\u00edngues em programas de educa\u00e7\u00e3o e sa\u00fade. Desde ent\u00e3o, sua obra se consolidou como uma das mais significativas express\u00f5es visuais do pensamento Yanomami contempor\u00e2neo \u2013 e um instrumento de di\u00e1logo com os nap\u00eb p\u00eb (n\u00e3o ind\u00edgenas).<\/p>\n<p>Em 2022, Joseca realizou a exposi\u00e7\u00e3o individual <em>Kami Yamak\u0268 Urihip\u00eb [Nossa Terra-Floresta]<\/em> no Museu de Arte de S\u00e3o Paulo (MASP). Desde ent\u00e3o, participou de importantes mostras no Brasil e no exterior, incluindo a 60\u00aa Bienal de Veneza (2024), o Panorama da Arte Brasileira no Museu de Arte Moderna de S\u00e3o Paulo (MAM-SP \u2013 2024) e exposi\u00e7\u00f5es em pa\u00edses como Jap\u00e3o, China, Fran\u00e7a, It\u00e1lia e Austr\u00e1lia. Sua obra integra acervos de institui\u00e7\u00f5es como o MASP, o MAM-SP e a Fondation Cartier, na Fran\u00e7a.<\/p>\n<div data-foogallery='{\"item\":{\"showCaptionTitle\":true,\"showCaptionDescription\":true},\"lazy\":true,\"template\":{\"loop\":true}}' data-foogallery-lightbox='{\"thumbs\":\"bottom\",\"thumbsCaptions\":false,\"thumbsBestFit\":false,\"thumbsSmall\":false,\"thumbsCaptionsAlign\":\"default\",\"info\":\"bottom\",\"infoVisible\":true,\"infoOverlay\":true,\"infoAlign\":\"default\",\"transition\":\"fade\",\"hoverButtons\":false,\"fitMedia\":false,\"noScrollbars\":true,\"preserveButtonSpace\":true,\"buttons\":{\"fullscreen\":true,\"info\":true,\"thumbs\":false},\"video\":{\"autoPlay\":true}}'>\n<div>\n<div>\n<div>\n<figure><figcaption>\n<div><\/div>\n<\/figcaption><\/figure>\n<div><\/div>\n<\/div>\n<div>\n<figure><figcaption>\n<div><\/div>\n<\/figcaption><\/figure>\n<div><\/div>\n<\/div>\n<div>\n<figure><figcaption>\n<div><\/div>\n<\/figcaption><\/figure>\n<div><\/div>\n<\/div>\n<div>\n<figure><figcaption>\n<div><\/div>\n<\/figcaption><\/figure>\n<div><\/div>\n<\/div><\/div>\n<div>\n<div><span>Anterior<\/span><\/div>\n<p>\t\t\t<label><span>1<\/span>de<span>4<\/span><\/label><\/p>\n<div><span>Pr\u00f3ximo<\/span><\/div>\n<\/p><\/div>\n<\/p><\/div>\n<\/div>\n<h4>Exposi\u00e7\u00e3o busca traduzir o \u201crealismo xam\u00e2nico\u201d<\/h4>\n<p>Para Bruce Albert, os trabalhos de Joseca se apropriam de elementos do realismo figurativo ocidental para transform\u00e1-los num estilo pr\u00f3prio, que ele chama de \u201crealismo xam\u00e2nico\u201d. S\u00e3o composi\u00e7\u00f5es detalhadas e vibrantes que d\u00e3o corpo a entidades, lugares e narrativas evocadas pelos cantos dos grandes xam\u00e3s.<\/p>\n<p>Parte das obras pertence \u00e0 s\u00e9rie <em>Urihi a n\u00eb mari<\/em> e vem acompanhada de t\u00edtulos escritos na l\u00edngua Yanomami, o que refor\u00e7a a pot\u00eancia da arte de Joseca como ferramenta de tradu\u00e7\u00e3o e preserva\u00e7\u00e3o cultural. Ao mesmo tempo, suas imagens desafiam o olhar n\u00e3o ind\u00edgena, oferecendo uma vis\u00e3o complexa e sens\u00edvel da terra-floresta-mundo Yanomami.<\/p>\n<p>As falas de D\u00e1rio Kopenawa e Bruce Albert est\u00e3o previstas para acontecerem entre \u00e0s 11h30 e 12h deste s\u00e1bado (16). A exposi\u00e7\u00e3o tem entrada gratuita e fica em cartaz at\u00e9 o dia 11 de outubro, na galeria Almeida &amp; Dale Fradique (Fradique Coutinho, 1360), em S\u00e3o Paulo. O espa\u00e7o abre de segunda a sexta, das 10h \u00e0s 19h, e, nos s\u00e1bados, das 11h \u00e0s 16h.<\/p>\n<p>O post <a href=\"https:\/\/www.brasildefato.com.br\/2025\/08\/15\/urihi-maripra%C9%A8-sonhar-a-terra-floresta-exposicao-do-artista-joseca-yanomami-comeca-neste-sabado-em-sp\/\">\u2018Urihi m\u00e3ripra\u0268 \u2013 Sonhar a terra-floresta\u2019: exposi\u00e7\u00e3o do artista Joseca Yanomami come\u00e7a neste s\u00e1bado em SP<\/a> apareceu primeiro em <a href=\"https:\/\/www.brasildefato.com.br\/\">Brasil de Fato<\/a>.<\/p>\n<!-- Begin Yuzo --><div class='yuzo_related_post style-1'  data-version='5.12.89'><!-- without result --><div class='yuzo_clearfixed yuzo__title yuzo__title'><h3>Related Post<\/h3><\/div>\n\t\t\t\t\t\t  <div class=\"relatedthumb \" style=\"width:125px;float:left;overflow:hidden;\">  \n\t\t\t\t\t\t\t  \n\t\t\t\t\t\t\t  <a  href=\"https:\/\/redept.com.br\/blogosfera\/com-voto-do-pt-senado-aprova-aposentadoria-especial-para-agentes-de-saude\/\"  >\n\t\t\t\t\t\t\t\t\t  <div class=\"yuzo-img-wrap \" style=\"width: 125px;height:90px;\">\n\t\t\t\t\t\t\t\t\t\t\n\t\t\t\t\t\t\t\t\t\t<div class=\"yuzo-img\" style=\"background:url('https:\/\/redept.org\/blogosfera\/wp-content\/plugins\/yuzo-related-post\/assets\/images\/default.png') 50% 50% no-repeat;width: 125px;height:90px;margin-bottom: 5px;background-size: cover; \"><\/div>\n\t\t\t\t\t\t\t\t\t  <\/div>\n\t\t\t\t\t\t\t\t\t  \n\t\t\t\t\t\t\t\t   <span class=\"yuzo__text--title\" style=\"font-size:13px;\">Com voto do PT, Senado aprova aposentadoria especi...<\/span>\n\t\t\t\t\t\t\t  \n\t\t\t\t\t\t\t  \n\t\t\t\t\t\t\t  <\/a>\n\n\t\t\t\t\t\t  <\/div>\n\t\t\t\t\t\t  <div class=\"relatedthumb \" style=\"width:125px;float:left;overflow:hidden;\">  \n\t\t\t\t\t\t\t  \n\t\t\t\t\t\t\t  <a  href=\"https:\/\/redept.com.br\/blogosfera\/como-a-escola-das-americas-dos-eua-ensinou-militares-sul-americanos-a-combaterem-suas-proprias-populacoes\/\"  >\n\t\t\t\t\t\t\t\t\t  <div class=\"yuzo-img-wrap \" style=\"width: 125px;height:90px;\">\n\t\t\t\t\t\t\t\t\t\t\n\t\t\t\t\t\t\t\t\t\t<div class=\"yuzo-img\" style=\"background:url('https:\/\/redept.org\/blogosfera\/wp-content\/plugins\/yuzo-related-post\/assets\/images\/default.png') 50% 50% no-repeat;width: 125px;height:90px;margin-bottom: 5px;background-size: cover; \"><\/div>\n\t\t\t\t\t\t\t\t\t  <\/div>\n\t\t\t\t\t\t\t\t\t  \n\t\t\t\t\t\t\t\t   <span class=\"yuzo__text--title\" style=\"font-size:13px;\">Como a Escola das Am\u00e9ricas dos EUA ensinou militar...<\/span>\n\t\t\t\t\t\t\t  \n\t\t\t\t\t\t\t  \n\t\t\t\t\t\t\t  <\/a>\n\n\t\t\t\t\t\t  <\/div>\n\t\t\t\t\t\t  <div class=\"relatedthumb \" style=\"width:125px;float:left;overflow:hidden;\">  \n\t\t\t\t\t\t\t  \n\t\t\t\t\t\t\t  <a  href=\"https:\/\/redept.com.br\/blogosfera\/explosao-de-aeronave-deixa-179-mortos-e-dois-sobreviventes-na-coreia-do-sul\/\"  >\n\t\t\t\t\t\t\t\t\t  <div class=\"yuzo-img-wrap \" style=\"width: 125px;height:90px;\">\n\t\t\t\t\t\t\t\t\t\t\n\t\t\t\t\t\t\t\t\t\t<div class=\"yuzo-img\" style=\"background:url('https:\/\/redept.org\/blogosfera\/wp-content\/plugins\/yuzo-related-post\/assets\/images\/default.png') 50% 50% no-repeat;width: 125px;height:90px;margin-bottom: 5px;background-size: cover; \"><\/div>\n\t\t\t\t\t\t\t\t\t  <\/div>\n\t\t\t\t\t\t\t\t\t  \n\t\t\t\t\t\t\t\t   <span class=\"yuzo__text--title\" style=\"font-size:13px;\">Explos\u00e3o de aeronave deixa 179 mortos e dois sobre...<\/span>\n\t\t\t\t\t\t\t  \n\t\t\t\t\t\t\t  \n\t\t\t\t\t\t\t  <\/a>\n\n\t\t\t\t\t\t  <\/div>\n\t\t\t\t\t\t  <div class=\"relatedthumb \" style=\"width:125px;float:left;overflow:hidden;\">  \n\t\t\t\t\t\t\t  \n\t\t\t\t\t\t\t  <a  href=\"https:\/\/redept.com.br\/blogosfera\/donald-trump-quis-pintar-um-cenario-roseo-no-seu-discurso-anual-ao-congresso-aponta-jornalista\/\"  >\n\t\t\t\t\t\t\t\t\t  <div class=\"yuzo-img-wrap \" style=\"width: 125px;height:90px;\">\n\t\t\t\t\t\t\t\t\t\t\n\t\t\t\t\t\t\t\t\t\t<div class=\"yuzo-img\" style=\"background:url('https:\/\/redept.org\/blogosfera\/wp-content\/plugins\/yuzo-related-post\/assets\/images\/default.png') 50% 50% no-repeat;width: 125px;height:90px;margin-bottom: 5px;background-size: cover; \"><\/div>\n\t\t\t\t\t\t\t\t\t  <\/div>\n\t\t\t\t\t\t\t\t\t  \n\t\t\t\t\t\t\t\t   <span class=\"yuzo__text--title\" style=\"font-size:13px;\">Donald Trump quis pintar um \u2018cen\u00e1rio r\u00f3seo\u2019 no seu...<\/span>\n\t\t\t\t\t\t\t  \n\t\t\t\t\t\t\t  \n\t\t\t\t\t\t\t  <\/a>\n\n\t\t\t\t\t\t  <\/div>\n<\/div> <script>\n\t\t\t\t\t\t  jQuery(document).ready(function( $ ){\n\t\t\t\t\t\t\t\/\/jQuery('.yuzo_related_post').equalizer({ overflow : 'relatedthumb' });\n\t\t\t\t\t\t\tjQuery('.yuzo_related_post .yuzo_wraps').equalizer({ columns : '> div' });\n\t\t\t\t\t\t   })\n\t\t\t\t\t\t  <\/script> <!-- End Yuzo :) -->","protected":false},"excerpt":{"rendered":"<p>A exposi\u00e7\u00e3o Urihi m\u00e3ripra\u0268 \u2013 Sonhar a terra-floresta, do artista Joseca Mokahesi Yanomami, ser\u00e1 inaugurada neste s\u00e1bado (16), em S\u00e3o Paulo, com a presen\u00e7a de D\u00e1rio Kopenawa Yanomami, lideran\u00e7a do povo Yanomami, e do antrop\u00f3logo Bruce Albert. O evento acontecer\u00e1 entre 11h e 16h na galeria Almeida &amp; Dale Fradique, onde a mostra segue at\u00e9 [&hellip;]<\/p>\n","protected":false},"author":2,"featured_media":0,"comment_status":"open","ping_status":"closed","sticky":false,"template":"","format":"standard","meta":{"fifu_image_url":"","fifu_image_alt":"","footnotes":""},"categories":[5350,45,309,29,1729],"tags":[],"class_list":["post-45134","post","type-post","status-publish","format-standard","hentry","category-arte-indigena","category-brasil","category-cultura","category-sao-paulo","category-yanomami"],"_links":{"self":[{"href":"https:\/\/redept.com.br\/blogosfera\/wp-json\/wp\/v2\/posts\/45134","targetHints":{"allow":["GET"]}}],"collection":[{"href":"https:\/\/redept.com.br\/blogosfera\/wp-json\/wp\/v2\/posts"}],"about":[{"href":"https:\/\/redept.com.br\/blogosfera\/wp-json\/wp\/v2\/types\/post"}],"author":[{"embeddable":true,"href":"https:\/\/redept.com.br\/blogosfera\/wp-json\/wp\/v2\/users\/2"}],"replies":[{"embeddable":true,"href":"https:\/\/redept.com.br\/blogosfera\/wp-json\/wp\/v2\/comments?post=45134"}],"version-history":[{"count":0,"href":"https:\/\/redept.com.br\/blogosfera\/wp-json\/wp\/v2\/posts\/45134\/revisions"}],"wp:attachment":[{"href":"https:\/\/redept.com.br\/blogosfera\/wp-json\/wp\/v2\/media?parent=45134"}],"wp:term":[{"taxonomy":"category","embeddable":true,"href":"https:\/\/redept.com.br\/blogosfera\/wp-json\/wp\/v2\/categories?post=45134"},{"taxonomy":"post_tag","embeddable":true,"href":"https:\/\/redept.com.br\/blogosfera\/wp-json\/wp\/v2\/tags?post=45134"}],"curies":[{"name":"wp","href":"https:\/\/api.w.org\/{rel}","templated":true}]}}