{"id":45184,"date":"2025-08-15T16:30:26","date_gmt":"2025-08-15T19:30:26","guid":{"rendered":"https:\/\/redept.org\/blogosfera\/todos-contra-trump-ato-pro-palestina-e-soberania-nacional-acontece-pelo-brasil\/"},"modified":"2025-08-15T16:30:26","modified_gmt":"2025-08-15T19:30:26","slug":"todos-contra-trump-ato-pro-palestina-e-soberania-nacional-acontece-pelo-brasil","status":"publish","type":"post","link":"https:\/\/redept.com.br\/blogosfera\/todos-contra-trump-ato-pro-palestina-e-soberania-nacional-acontece-pelo-brasil\/","title":{"rendered":"Todos contra Trump: ato pr\u00f3-Palestina e soberania nacional acontece pelo Brasil"},"content":{"rendered":"<p>Manifestantes solid\u00e1rios \u00e0 causa palestina ocupam o Consulado dos Estados Unidos, em S\u00e3o Paulo, na pr\u00f3xima ter\u00e7a-feira (19\/08) para denunciar \u201cos interesses imperialistas\u201d que impulsionam o genoc\u00eddio israelense no territ\u00f3rio palestino.<\/p>\n<p>Sob o mote \u201cFora Trump do Brasil e da Palestina! Pris\u00e3o para os fascistas!\u201d, o ato foi convocado pela Frente Palestina de S\u00e3o Paulo e conta com o endosso de diversos grupos.<\/p>\n<p>\u00c0 frente do protesto na capital paulista est\u00e1 Vivian Mendes, presidente estadual da Unidade Popular (UP), que a <strong>Opera Mundi<\/strong> enfatizou que o partido pretende convocar manifesta\u00e7\u00f5es tamb\u00e9m em outros estados, se concentrando em locais onde h\u00e1 representa\u00e7\u00e3o diplom\u00e1tica dos EUA.<\/p>\n<p>\u201cNo Rio de Janeiro faremos uma vig\u00edlia de 24 horas, como fizemos em S\u00e3o Paulo h\u00e1 pouco tempo atr\u00e1s\u201d, disse Mendes, em refer\u00eancia a um evento pr\u00f3-Palestina que se deu no m\u00eas de julho. Tamb\u00e9m acontecer\u00e3o atos em outras cidades como Recife, Porto Alegre, e Bras\u00edlia.<\/p>\n<p>Para a presidente estadual da UP, as manifesta\u00e7\u00f5es servem, tamb\u00e9m, para aprofundar a discuss\u00e3o sobre a soberania brasileira. Ela destaca que \u201cn\u00f3s temos sofrido aqui no Brasil com a implementa\u00e7\u00e3o de medidas imperialistas\u201d, parte de um movimento que ela julga como internacional, do qual \u201cIsrael serve hoje tamb\u00e9m como ponta de lan\u00e7a\u201d.<\/p>\n<p>Ainda de acordo com ela, \u201cn\u00e3o \u00e9 lutar em defesa da soberania, n\u00e3o \u00e9 lutar s\u00f3 contra as taxa\u00e7\u00f5es do imperialismo, mas \u00e9 lutar na defesa dos reais interesses do nosso povo e na defesa do socialismo\u201d.<\/p>\n<p>Soraya Misleh, da Frente Palestina, tamb\u00e9m destacou que o ato em S\u00e3o Paulo faz parte de uma mobiliza\u00e7\u00e3o para denunciar os ataques de Donald Trump \u00e0 soberania brasileira e o mperialismo part\u00edcipe direto do genoc\u00eddio na Palestina.<\/p>\n<p>\u201cTermos realizado v\u00e1rias iniciativas e \u00e9 imprescind\u00edvel n\u00e3o parar de se mobilizar e ecoar as vozes palestinas nesta luta da humanidade\u201d, afirmou Misleh a<strong> Opera Mundi<\/strong>.<\/p>\n<p>A jornalista ainda relembrou da s\u00e9rie de ataques recentes da prefeitura de S\u00e3o Paulo, mandando pintar murais da solidariedade ao povo palestino, al\u00e9m do cancelamento da realiza\u00e7\u00e3o da Flipei (Festa Liter\u00e1ria Pirata das Editoras Independentes) no Theatro Municipal.<\/p>\n<p>\u201cO governo Tarc\u00edsio tem uma cartilha educacional que reproduz a propaganda sionista e esteve apertando as m\u00e3os de genocidas sionistas, enquanto S\u00e3o Paulo utiliza as tecnologias da morte testadas sobre os corpos palestinos para o genoc\u00eddio pobre e negro\u201d, continuou.<\/p>\n<p>\u00a0<\/p>\n<p>\u00a0<\/p>\n<blockquote data-instgrm-captioned=\"\" data-instgrm-permalink=\"https:\/\/www.instagram.com\/p\/DNVhEWRtAyj\/?utm_source=ig_embed&amp;utm_campaign=loading\" data-instgrm-version=\"14\">\n<div>\n<p>\u00a0<\/p>\n<div>\n<div><\/div>\n<div>\n<div><\/div>\n<div><\/div>\n<\/div>\n<\/div>\n<div><\/div>\n<div><\/div>\n<div>\n<div>Ver essa foto no Instagram<\/div>\n<\/div>\n<div><\/div>\n<div>\n<div>\n<div><\/div>\n<div><\/div>\n<div><\/div>\n<\/div>\n<div>\n<div><\/div>\n<div><\/div>\n<\/div>\n<div>\n<div><\/div>\n<div><\/div>\n<div><\/div>\n<\/div>\n<\/div>\n<div>\n<div><\/div>\n<div><\/div>\n<\/div>\n<p>\u00a0<\/p>\n<p>Uma publica\u00e7\u00e3o compartilhada por Frente Palestina S\u00e3o Paulo \ud83c\udde7\ud83c\uddf7 (@frentepalestinasaopaulo)<\/p>\n<\/div>\n<\/blockquote>\n<p>\u00a0<\/p>\n<p>\u00a0<\/p>\n<figure aria-describedby=\"caption-attachment-228391\"><img loading=\"lazy\" loading=\"lazy\" decoding=\"async\"src=\"https:\/\/redept.org\/blogosfera\/wp-content\/uploads\/2025\/08\/whatsapp-image-2025-08-15-at-151712.jpeg\" alt=\"\" width=\"1170\" height=\"1429\" srcset=\"https:\/\/redept.org\/blogosfera\/wp-content\/uploads\/2025\/08\/whatsapp-image-2025-08-15-at-151712.jpeg 1170w, https:\/\/operamundi.uol.com.br\/wp-content\/uploads\/2025\/08\/whatsapp-image-2025-08-15-at-15.17.12-246x300.jpeg 246w, https:\/\/operamundi.uol.com.br\/wp-content\/uploads\/2025\/08\/whatsapp-image-2025-08-15-at-15.17.12-838x1024.jpeg 838w, https:\/\/operamundi.uol.com.br\/wp-content\/uploads\/2025\/08\/whatsapp-image-2025-08-15-at-15.17.12-768x938.jpeg 768w, https:\/\/operamundi.uol.com.br\/wp-content\/uploads\/2025\/08\/whatsapp-image-2025-08-15-at-15.17.12-150x183.jpeg 150w, https:\/\/operamundi.uol.com.br\/wp-content\/uploads\/2025\/08\/whatsapp-image-2025-08-15-at-15.17.12-750x916.jpeg 750w, https:\/\/operamundi.uol.com.br\/wp-content\/uploads\/2025\/08\/whatsapp-image-2025-08-15-at-15.17.12-1140x1392.jpeg 1140w\" sizes=\"auto, (max-width: 1170px) 100vw, 1170px\"><figcaption>Divulga\u00e7\u00e3o\/Frente Palestina S\u00e2o Paulo<\/figcaption><\/figure>\n<figure aria-describedby=\"caption-attachment-228392\"><img loading=\"lazy\" loading=\"lazy\" decoding=\"async\"src=\"https:\/\/redept.org\/blogosfera\/wp-content\/uploads\/2025\/08\/whatsapp-image-2025-08-15-at-151711.jpeg\" alt=\"\" width=\"1170\" height=\"1452\" srcset=\"https:\/\/redept.org\/blogosfera\/wp-content\/uploads\/2025\/08\/whatsapp-image-2025-08-15-at-151711.jpeg 1170w, https:\/\/operamundi.uol.com.br\/wp-content\/uploads\/2025\/08\/whatsapp-image-2025-08-15-at-15.17.11-242x300.jpeg 242w, https:\/\/operamundi.uol.com.br\/wp-content\/uploads\/2025\/08\/whatsapp-image-2025-08-15-at-15.17.11-825x1024.jpeg 825w, https:\/\/operamundi.uol.com.br\/wp-content\/uploads\/2025\/08\/whatsapp-image-2025-08-15-at-15.17.11-768x953.jpeg 768w, https:\/\/operamundi.uol.com.br\/wp-content\/uploads\/2025\/08\/whatsapp-image-2025-08-15-at-15.17.11-150x186.jpeg 150w, https:\/\/operamundi.uol.com.br\/wp-content\/uploads\/2025\/08\/whatsapp-image-2025-08-15-at-15.17.11-750x931.jpeg 750w, https:\/\/operamundi.uol.com.br\/wp-content\/uploads\/2025\/08\/whatsapp-image-2025-08-15-at-15.17.11-1140x1415.jpeg 1140w\" sizes=\"auto, (max-width: 1170px) 100vw, 1170px\"><figcaption>Divulga\u00e7\u00e3o\/Frente Palestina S\u00e2o Paulo<\/figcaption><\/figure>\n<p><strong>Informa\u00e7\u00f5es sobre o ato:<\/strong><\/p>\n<p><span>Data: 19 de agosto de 2025<\/span><\/p>\n<p><span>Hor\u00e1rio: 13h \u00e0s 19h<\/span><\/p>\n<p><span>Local: Consulado dos Estados Unidos, em S\u00e3o Paulo<\/span><\/p>\n<p><span>Endere\u00e7o: Rua Henri Dunant, 500 \u2013 Ch\u00e1cara Santo Ant\u00f4nio<\/span><\/p>\n<p>O post Todos contra Trump: ato pr\u00f3-Palestina e soberania nacional acontece pelo Brasil apareceu primeiro em Opera Mundi.<\/p>\n<!-- Begin Yuzo --><div class='yuzo_related_post style-1'  data-version='5.12.89'><!-- without result --><div class='yuzo_clearfixed yuzo__title yuzo__title'><h3>Related Post<\/h3><\/div>\n\t\t\t\t\t\t  <div class=\"relatedthumb \" style=\"width:125px;float:left;overflow:hidden;\">  \n\t\t\t\t\t\t\t  \n\t\t\t\t\t\t\t  <a  href=\"https:\/\/redept.com.br\/blogosfera\/com-lula-cresce-a-participacao-feminina-na-gestao-publica-e-nas-politicas-sociais\/\"  >\n\t\t\t\t\t\t\t\t\t  <div class=\"yuzo-img-wrap \" style=\"width: 125px;height:90px;\">\n\t\t\t\t\t\t\t\t\t\t\n\t\t\t\t\t\t\t\t\t\t<div class=\"yuzo-img\" style=\"background:url('https:\/\/redept.com.br\/blogosfera\/wp-content\/uploads\/2025\/03\/48f932cb-0156-48f1-9086-66d79b3fc93e-150x150.jpeg') 50% 50% no-repeat;width: 125px;height:90px;margin-bottom: 5px;background-size: cover; \"><\/div>\n\t\t\t\t\t\t\t\t\t  <\/div>\n\t\t\t\t\t\t\t\t\t  \n\t\t\t\t\t\t\t\t   <span class=\"yuzo__text--title\" style=\"font-size:13px;\">Com Lula, cresce a participa\u00e7\u00e3o feminina na gest\u00e3o...<\/span>\n\t\t\t\t\t\t\t  \n\t\t\t\t\t\t\t  \n\t\t\t\t\t\t\t  <\/a>\n\n\t\t\t\t\t\t  <\/div>\n\t\t\t\t\t\t  <div class=\"relatedthumb \" style=\"width:125px;float:left;overflow:hidden;\">  \n\t\t\t\t\t\t\t  \n\t\t\t\t\t\t\t  <a  href=\"https:\/\/redept.com.br\/blogosfera\/mst-e-grupo-de-intercambio-em-agroecologia-promovem-feira-estadual-da-reforma-agraria-no-mt\/\"  >\n\t\t\t\t\t\t\t\t\t  <div class=\"yuzo-img-wrap \" style=\"width: 125px;height:90px;\">\n\t\t\t\t\t\t\t\t\t\t\n\t\t\t\t\t\t\t\t\t\t<div class=\"yuzo-img\" style=\"background:url('https:\/\/redept.com.br\/blogosfera\/wp-content\/uploads\/2024\/11\/IMG-20241119-WA0016-1024x682-1-150x150.jpg') 50% 50% no-repeat;width: 125px;height:90px;margin-bottom: 5px;background-size: cover; \"><\/div>\n\t\t\t\t\t\t\t\t\t  <\/div>\n\t\t\t\t\t\t\t\t\t  \n\t\t\t\t\t\t\t\t   <span class=\"yuzo__text--title\" style=\"font-size:13px;\">MST e Grupo de Interc\u00e2mbio em Agroecologia promove...<\/span>\n\t\t\t\t\t\t\t  \n\t\t\t\t\t\t\t  \n\t\t\t\t\t\t\t  <\/a>\n\n\t\t\t\t\t\t  <\/div>\n\t\t\t\t\t\t  <div class=\"relatedthumb \" style=\"width:125px;float:left;overflow:hidden;\">  \n\t\t\t\t\t\t\t  \n\t\t\t\t\t\t\t  <a  href=\"https:\/\/redept.com.br\/blogosfera\/fraude-no-inss-teve-inicio-sob-bolsonaro-mas-afeta-imagem-do-governo-lula\/\"  >\n\t\t\t\t\t\t\t\t\t  <div class=\"yuzo-img-wrap \" style=\"width: 125px;height:90px;\">\n\t\t\t\t\t\t\t\t\t\t\n\t\t\t\t\t\t\t\t\t\t<div class=\"yuzo-img\" style=\"background:url('https:\/\/redept.com.br\/blogosfera\/wp-content\/uploads\/2025\/06\/ok-coletiva-inss_Foto-Antonio-Cruz_-Agencia-Brasil-150x150.jpg') 50% 50% no-repeat;width: 125px;height:90px;margin-bottom: 5px;background-size: cover; \"><\/div>\n\t\t\t\t\t\t\t\t\t  <\/div>\n\t\t\t\t\t\t\t\t\t  \n\t\t\t\t\t\t\t\t   <span class=\"yuzo__text--title\" style=\"font-size:13px;\">Fraude no INSS teve in\u00edcio sob Bolsonaro, mas afet...<\/span>\n\t\t\t\t\t\t\t  \n\t\t\t\t\t\t\t  \n\t\t\t\t\t\t\t  <\/a>\n\n\t\t\t\t\t\t  <\/div>\n\t\t\t\t\t\t  <div class=\"relatedthumb \" style=\"width:125px;float:left;overflow:hidden;\">  \n\t\t\t\t\t\t\t  \n\t\t\t\t\t\t\t  <a  href=\"https:\/\/redept.com.br\/blogosfera\/jair-bolsonaro-passa-por-nova-cirurgia-neste-sabado-para-conter-solucos\/\"  >\n\t\t\t\t\t\t\t\t\t  <div class=\"yuzo-img-wrap \" style=\"width: 125px;height:90px;\">\n\t\t\t\t\t\t\t\t\t\t\n\t\t\t\t\t\t\t\t\t\t<div class=\"yuzo-img\" style=\"background:url('https:\/\/redept.org\/blogosfera\/wp-content\/plugins\/yuzo-related-post\/assets\/images\/default.png') 50% 50% no-repeat;width: 125px;height:90px;margin-bottom: 5px;background-size: cover; \"><\/div>\n\t\t\t\t\t\t\t\t\t  <\/div>\n\t\t\t\t\t\t\t\t\t  \n\t\t\t\t\t\t\t\t   <span class=\"yuzo__text--title\" style=\"font-size:13px;\">Jair Bolsonaro passa por nova cirurgia neste s\u00e1bad...<\/span>\n\t\t\t\t\t\t\t  \n\t\t\t\t\t\t\t  \n\t\t\t\t\t\t\t  <\/a>\n\n\t\t\t\t\t\t  <\/div>\n<\/div> <script>\n\t\t\t\t\t\t  jQuery(document).ready(function( $ ){\n\t\t\t\t\t\t\t\/\/jQuery('.yuzo_related_post').equalizer({ overflow : 'relatedthumb' });\n\t\t\t\t\t\t\tjQuery('.yuzo_related_post .yuzo_wraps').equalizer({ columns : '> div' });\n\t\t\t\t\t\t   })\n\t\t\t\t\t\t  <\/script> <!-- End Yuzo :) -->","protected":false},"excerpt":{"rendered":"<p>Manifestantes solid\u00e1rios \u00e0 causa palestina ocupam o Consulado dos Estados Unidos, em S\u00e3o Paulo, na pr\u00f3xima ter\u00e7a-feira (19\/08) para denunciar \u201cos interesses imperialistas\u201d que impulsionam o genoc\u00eddio israelense no territ\u00f3rio palestino. Sob o mote \u201cFora Trump do Brasil e da Palestina! Pris\u00e3o para os fascistas!\u201d, o ato foi convocado pela Frente Palestina de S\u00e3o Paulo [\u2026]<\/p>\n<p>O post <a href=\"https:\/\/operamundi.uol.com.br\/guerra-israel-x-palestina\/ato-pro-palestina-sao-paulo-19-agosto-25\/\">Todos contra Trump: ato pr\u00f3-Palestina e soberania nacional acontece pelo Brasil<\/a> apareceu primeiro em <a href=\"https:\/\/operamundi.uol.com.br\/\">Opera Mundi<\/a>.<\/p>\n","protected":false},"author":2,"featured_media":45185,"comment_status":"closed","ping_status":"closed","sticky":false,"template":"","format":"standard","meta":{"fifu_image_url":"","fifu_image_alt":"","footnotes":""},"categories":[8524,1023,9,14681,3938,25,187,54,2546,14682],"tags":[],"class_list":["post-45184","post","type-post","status-publish","format-standard","has-post-thumbnail","hentry","category-ato","category-donald-trump","category-eua","category-frente-palestina","category-guerra-israel-x-palestina","category-israel","category-manifestacao","category-palestina","category-up","category-vivian-mendes"],"_links":{"self":[{"href":"https:\/\/redept.com.br\/blogosfera\/wp-json\/wp\/v2\/posts\/45184","targetHints":{"allow":["GET"]}}],"collection":[{"href":"https:\/\/redept.com.br\/blogosfera\/wp-json\/wp\/v2\/posts"}],"about":[{"href":"https:\/\/redept.com.br\/blogosfera\/wp-json\/wp\/v2\/types\/post"}],"author":[{"embeddable":true,"href":"https:\/\/redept.com.br\/blogosfera\/wp-json\/wp\/v2\/users\/2"}],"replies":[{"embeddable":true,"href":"https:\/\/redept.com.br\/blogosfera\/wp-json\/wp\/v2\/comments?post=45184"}],"version-history":[{"count":0,"href":"https:\/\/redept.com.br\/blogosfera\/wp-json\/wp\/v2\/posts\/45184\/revisions"}],"wp:featuredmedia":[{"embeddable":true,"href":"https:\/\/redept.com.br\/blogosfera\/wp-json\/wp\/v2\/media\/45185"}],"wp:attachment":[{"href":"https:\/\/redept.com.br\/blogosfera\/wp-json\/wp\/v2\/media?parent=45184"}],"wp:term":[{"taxonomy":"category","embeddable":true,"href":"https:\/\/redept.com.br\/blogosfera\/wp-json\/wp\/v2\/categories?post=45184"},{"taxonomy":"post_tag","embeddable":true,"href":"https:\/\/redept.com.br\/blogosfera\/wp-json\/wp\/v2\/tags?post=45184"}],"curies":[{"name":"wp","href":"https:\/\/api.w.org\/{rel}","templated":true}]}}