{"id":45309,"date":"2025-08-17T10:04:47","date_gmt":"2025-08-17T13:04:47","guid":{"rendered":"https:\/\/redept.org\/blogosfera\/israel-anuncia-milhares-de-casas-na-cisjordania-e-onu-denuncia-crime-de-guerra\/"},"modified":"2025-08-17T10:04:47","modified_gmt":"2025-08-17T13:04:47","slug":"israel-anuncia-milhares-de-casas-na-cisjordania-e-onu-denuncia-crime-de-guerra","status":"publish","type":"post","link":"https:\/\/redept.com.br\/blogosfera\/israel-anuncia-milhares-de-casas-na-cisjordania-e-onu-denuncia-crime-de-guerra\/","title":{"rendered":"Israel anuncia milhares de casas na Cisjord\u00e2nia e ONU denuncia crime de guerra"},"content":{"rendered":"<p><img loading=\"lazy\" width=\"652\" height=\"379\"src=\"https:\/\/redept.org\/blogosfera\/wp-content\/uploads\/2025\/08\/27b11d89-2b4b-49b4-9f30-fd375c31d5b9.jpeg\" alt=\"\" decoding=\"async\" loading=\"lazy\" srcset=\"https:\/\/redept.org\/blogosfera\/wp-content\/uploads\/2025\/08\/27b11d89-2b4b-49b4-9f30-fd375c31d5b9.jpeg 652w, https:\/\/vermelho.org.br\/wp-content\/uploads\/2025\/08\/27b11d89-2b4b-49b4-9f30-fd375c31d5b9-300x174.jpeg 300w\" sizes=\"auto, (max-width: 652px) 100vw, 652px\"><\/p>\n<p>O governo de Israel anunciou na \u00faltima sexta-feira (15) a constru\u00e7\u00e3o de 3.400 casas para colonos na Cisjord\u00e2nia ocupada, projeto celebrado pelo ministro das Finan\u00e7as Bezalel Smotrich como o \u201centerro da ideia de um Estado palestino\u201d. <\/p>\n<p>O Alto Comissariado de Direitos Humanos da ONU reagiu, classificando a medida como ilegal sob o direito internacional e alertando que \u201c<em>\u00e9 um crime de guerra uma pot\u00eancia ocupante transferir sua pr\u00f3pria popula\u00e7\u00e3o civil para o territ\u00f3rio que ocupa<\/em>\u201d.<\/p>\n<p>Smotrich afirmou que pretende aprovar licita\u00e7\u00f5es \u201capesar de d\u00e9cadas de congelamento sob press\u00e3o internacional\u201d. Ao discursar na \u00faltima sexta-feira, ele declarou que \u201c<em>essa realidade enterra a ideia de um Estado palestino, porque n\u00e3o h\u00e1 nada a ser reconhecido<\/em>\u201d e insistiu que \u201c<em>eles falar\u00e3o de um sonho palestino, n\u00f3s construiremos uma realidade judaica<\/em>\u201d.<\/p>\n<p>O projeto prev\u00ea 3.412 unidades habitacionais, o que significaria um aumento de cerca de 33% no estoque de moradias em Ma\u2019ale Adumim, assentamento onde vivem aproximadamente 38 mil colonos israelenses. O plano vinha sendo discutido desde os anos 1990, mas esteve congelado devido \u00e0s press\u00f5es externas, especialmente de Washington.<\/p>\n<p>Embora Netanyahu n\u00e3o tenha feito declara\u00e7\u00f5es p\u00fablicas sobre o caso, Smotrich afirmou que o primeiro-ministro \u201co apoiou em tudo o que diz respeito \u00e0 Judeia e Samaria\u201d (forma como o sionismo se refere \u00e0 Cisjord\u00e2nia) e defendeu que a soberania israelense seja formalmente aplicada \u00e0 Cisjord\u00e2nia.<\/p>\n<p>Segundo organiza\u00e7\u00f5es de direitos humanos, a implementa\u00e7\u00e3o do assentamento teria efeitos devastadores para os palestinos. O projeto dividiria a Cisjord\u00e2nia em duas regi\u00f5es desconectadas (norte e sul), inviabilizando a contiguidade territorial necess\u00e1ria a um Estado palestino vi\u00e1vel.<\/p>\n<p>Relat\u00f3rios da <em>Peace Now<\/em>, <em>Ir Amim<\/em> e da Associa\u00e7\u00e3o para Justi\u00e7a Ambiental apontam que a constru\u00e7\u00e3o das casas consumiria as \u00faltimas reservas de terra entre Ramallah, Jerusal\u00e9m Oriental e Bel\u00e9m, cidades que abrigam cerca de 1 milh\u00e3o de palestinos. O resultado seria a transforma\u00e7\u00e3o dessas \u00e1reas em enclaves cercados e isolados, comparados aos \u201cBantust\u00f5es\u201d do apartheid sul-africano.<\/p>\n<p>O editorial do jornal israelense <em>Haaretz<\/em> deste s\u00e1bado (16) advertiu que a medida sufocaria as tr\u00eas cidades palestinas e reconheceu que Smotrich \u201c<em>nunca esteve t\u00e3o certo: se o assentamento for constru\u00eddo, isso encerrar\u00e1 as chances de estabelecer um Estado palestino<\/em>\u201d.<\/p>\n<p>O minist\u00e9rio das Rela\u00e7\u00f5es Exteriores da Palestina denunciou o projeto como parte de \u201ccrimes de genoc\u00eddio, deslocamento e anexa\u00e7\u00e3o\u201d, al\u00e9m de eco das declara\u00e7\u00f5es de Netanyahu sobre o chamado \u201cGrande Israel\u201d.<\/p>\n<p>A Autoridade Palestina, por meio de seu porta-voz Nabil Abu Rudeineh, afirmou que o avan\u00e7o do assentamento aprofundar\u00e1 tens\u00f5es e acusou tanto Israel quanto os Estados Unidos de sustentarem uma realidade contr\u00e1ria \u00e0 legitimidade internacional.<\/p>\n<p>O Hamas classificou o plano como \u201cpasso criminoso e perigoso\u201d, destinado a isolar Jerusal\u00e9m das cidades palestinas de Ramallah e Bel\u00e9m. J\u00e1 ativistas como Jamal Juma, da campanha <em>Stop the Wall<\/em>, alertaram que a iniciativa consolida um \u201csistema de apartheid\u201d em andamento desde a constru\u00e7\u00e3o do muro e pode levar a uma \u201ctemporada sangrenta\u201d de viol\u00eancia contra agricultores palestinos.<\/p>\n<p><strong>Rea\u00e7\u00f5es internacionais e estrutura da anexa\u00e7\u00e3o<\/strong><\/p>\n<p>A ONU denunciou que a constru\u00e7\u00e3o de assentamentos em territ\u00f3rio ocupado \u00e9 ilegal e lembrou que a transfer\u00eancia de popula\u00e7\u00e3o da pot\u00eancia ocupante configura crime de guerra.<\/p>\n<p>A Alemanha rejeitou o plano e o classificou como afronta ao direito internacional. O Egito acusou Israel de buscar alterar a geografia da regi\u00e3o e advertiu que a medida amea\u00e7a a estabilidade do Oriente M\u00e9dio.<\/p>\n<p>Os Estados Unidos emitiram apenas uma declara\u00e7\u00e3o vaga, sem cr\u00edticas diretas, embora todas as administra\u00e7\u00f5es anteriores, desde 1999, tenham bloqueado tentativas de implementa\u00e7\u00e3o deste assentamento.<\/p>\n<p>Ao mesmo tempo, pa\u00edses como Fran\u00e7a, Reino Unido, Austr\u00e1lia, Canad\u00e1, Finl\u00e2ndia, Nova Zel\u00e2ndia, Portugal, Andorra e San Marino anunciaram que pretendem reconhecer o Estado palestino em setembro, na Assembleia Geral da ONU. A declara\u00e7\u00e3o tamb\u00e9m foi assinada por pa\u00edses que j\u00e1 reconhecem a Palestina, como Isl\u00e2ndia, Irlanda e Espanha.<\/p>\n<p>O avan\u00e7o da ocupa\u00e7\u00e3o integra um processo mais amplo de anexa\u00e7\u00e3o de fato da Cisjord\u00e2nia. Em mar\u00e7o, o gabinete de seguran\u00e7a israelense aprovou a constru\u00e7\u00e3o da estrada chamada \u201cTecido da Vida\u201d, exclusiva para palestinos, desviando seu tr\u00e1fego da Rodovia 1 e abrindo espa\u00e7o para a expans\u00e3o de Ma\u2019ale Adumim.<\/p>\n<p>Relat\u00f3rios de ONGs israelenses apontam que o projeto se soma a uma rede de enclaves, postos de controle e assentamentos agr\u00edcolas criados desde o in\u00edcio da guerra em Gaza, consolidando um regime de segrega\u00e7\u00e3o e viol\u00eancia cotidiana contra comunidades palestinas.<\/p>\n<p>Para Smotrich, trata-se de um objetivo estrat\u00e9gico: \u201c<em>\u00c9 assim que voc\u00ea mata o Estado palestino de fato. \u00c9 assim que voc\u00ea traz um milh\u00e3o de novos colonos<\/em>\u201d, declarou. O <em>Haaretz<\/em> advertiu que, ao legitimar pogroms de colonos, postos de controle e enclaves isolados, Israel \u201cpavimenta o terreno para uma transfer\u00eancia populacional em larga escala da Cisjord\u00e2nia\u201d.<\/p>\n<p>O post <a href=\"https:\/\/vermelho.org.br\/2025\/08\/17\/israel-anuncia-milhares-de-casas-na-cisjordania-e-onu-denuncia-crime-de-guerra\/\">Israel anuncia milhares de casas na Cisjord\u00e2nia e ONU denuncia crime de guerra<\/a> apareceu primeiro em <a href=\"https:\/\/vermelho.org.br\/\">Vermelho<\/a>.<\/p>\n<!-- Begin Yuzo --><div class='yuzo_related_post style-1'  data-version='5.12.89'><!-- without result --><div class='yuzo_clearfixed yuzo__title yuzo__title'><h3>Related Post<\/h3><\/div>\n\t\t\t\t\t\t  <div class=\"relatedthumb \" style=\"width:125px;float:left;overflow:hidden;\">  \n\t\t\t\t\t\t\t  \n\t\t\t\t\t\t\t  <a  href=\"https:\/\/redept.com.br\/blogosfera\/museu-da-cultura-hip-hop-rs-sera-tema-da-escola-realeza-no-carnaval-de-porto-alegre-2026\/\"  >\n\t\t\t\t\t\t\t\t\t  <div class=\"yuzo-img-wrap \" style=\"width: 125px;height:90px;\">\n\t\t\t\t\t\t\t\t\t\t\n\t\t\t\t\t\t\t\t\t\t<div class=\"yuzo-img\" style=\"background:url('https:\/\/redept.org\/blogosfera\/wp-content\/plugins\/yuzo-related-post\/assets\/images\/default.png') 50% 50% no-repeat;width: 125px;height:90px;margin-bottom: 5px;background-size: cover; \"><\/div>\n\t\t\t\t\t\t\t\t\t  <\/div>\n\t\t\t\t\t\t\t\t\t  \n\t\t\t\t\t\t\t\t   <span class=\"yuzo__text--title\" style=\"font-size:13px;\">Museu da Cultura Hip Hop RS ser\u00e1 tema da Escola Re...<\/span>\n\t\t\t\t\t\t\t  \n\t\t\t\t\t\t\t  \n\t\t\t\t\t\t\t  <\/a>\n\n\t\t\t\t\t\t  <\/div>\n\t\t\t\t\t\t  <div class=\"relatedthumb \" style=\"width:125px;float:left;overflow:hidden;\">  \n\t\t\t\t\t\t\t  \n\t\t\t\t\t\t\t  <a  href=\"https:\/\/redept.com.br\/blogosfera\/e-muito-dificil-acreditar-na-justica-do-nosso-pais-afirma-viuva-de-musico-morto-pelo-exercito\/\"  >\n\t\t\t\t\t\t\t\t\t  <div class=\"yuzo-img-wrap \" style=\"width: 125px;height:90px;\">\n\t\t\t\t\t\t\t\t\t\t\n\t\t\t\t\t\t\t\t\t\t<div class=\"yuzo-img\" style=\"background:url('https:\/\/redept.org\/blogosfera\/wp-content\/plugins\/yuzo-related-post\/assets\/images\/default.png') 50% 50% no-repeat;width: 125px;height:90px;margin-bottom: 5px;background-size: cover; \"><\/div>\n\t\t\t\t\t\t\t\t\t  <\/div>\n\t\t\t\t\t\t\t\t\t  \n\t\t\t\t\t\t\t\t   <span class=\"yuzo__text--title\" style=\"font-size:13px;\">\u2018\u00c9 muito dif\u00edcil acreditar na justi\u00e7a do nos...<\/span>\n\t\t\t\t\t\t\t  \n\t\t\t\t\t\t\t  \n\t\t\t\t\t\t\t  <\/a>\n\n\t\t\t\t\t\t  <\/div>\n\t\t\t\t\t\t  <div class=\"relatedthumb \" style=\"width:125px;float:left;overflow:hidden;\">  \n\t\t\t\t\t\t\t  \n\t\t\t\t\t\t\t  <a  href=\"https:\/\/redept.com.br\/blogosfera\/atriz-diane-keaton-morre-aos-79-anos\/\"  >\n\t\t\t\t\t\t\t\t\t  <div class=\"yuzo-img-wrap \" style=\"width: 125px;height:90px;\">\n\t\t\t\t\t\t\t\t\t\t\n\t\t\t\t\t\t\t\t\t\t<div class=\"yuzo-img\" style=\"background:url('https:\/\/redept.org\/blogosfera\/wp-content\/plugins\/yuzo-related-post\/assets\/images\/default.png') 50% 50% no-repeat;width: 125px;height:90px;margin-bottom: 5px;background-size: cover; \"><\/div>\n\t\t\t\t\t\t\t\t\t  <\/div>\n\t\t\t\t\t\t\t\t\t  \n\t\t\t\t\t\t\t\t   <span class=\"yuzo__text--title\" style=\"font-size:13px;\">Atriz Diane Keaton morre aos 79 anos<\/span>\n\t\t\t\t\t\t\t  \n\t\t\t\t\t\t\t  \n\t\t\t\t\t\t\t  <\/a>\n\n\t\t\t\t\t\t  <\/div>\n\t\t\t\t\t\t  <div class=\"relatedthumb \" style=\"width:125px;float:left;overflow:hidden;\">  \n\t\t\t\t\t\t\t  \n\t\t\t\t\t\t\t  <a  href=\"https:\/\/redept.com.br\/blogosfera\/pf-investiga-vazamento-de-dados-de-moraes-e-familiares\/\"  >\n\t\t\t\t\t\t\t\t\t  <div class=\"yuzo-img-wrap \" style=\"width: 125px;height:90px;\">\n\t\t\t\t\t\t\t\t\t\t\n\t\t\t\t\t\t\t\t\t\t<div class=\"yuzo-img\" style=\"background:url('https:\/\/redept.com.br\/blogosfera\/wp-content\/uploads\/2026\/04\/Captura-de-tela-2026-04-02-082444-150x150.png') 50% 50% no-repeat;width: 125px;height:90px;margin-bottom: 5px;background-size: cover; \"><\/div>\n\t\t\t\t\t\t\t\t\t  <\/div>\n\t\t\t\t\t\t\t\t\t  \n\t\t\t\t\t\t\t\t   <span class=\"yuzo__text--title\" style=\"font-size:13px;\">PF investiga vazamento de dados de Moraes e famili...<\/span>\n\t\t\t\t\t\t\t  \n\t\t\t\t\t\t\t  \n\t\t\t\t\t\t\t  <\/a>\n\n\t\t\t\t\t\t  <\/div>\n<\/div> <script>\n\t\t\t\t\t\t  jQuery(document).ready(function( $ ){\n\t\t\t\t\t\t\t\/\/jQuery('.yuzo_related_post').equalizer({ overflow : 'relatedthumb' });\n\t\t\t\t\t\t\tjQuery('.yuzo_related_post .yuzo_wraps').equalizer({ columns : '> div' });\n\t\t\t\t\t\t   })\n\t\t\t\t\t\t  <\/script> <!-- End Yuzo :) -->","protected":false},"excerpt":{"rendered":"<p>O governo de Israel anunciou na \u00faltima sexta-feira (15) a constru\u00e7\u00e3o de 3.400 casas para colonos na Cisjord\u00e2nia ocupada, projeto celebrado pelo ministro das Finan\u00e7as Bezalel Smotrich como o \u201centerro da ideia de um Estado palestino\u201d. O Alto Comissariado de Direitos Humanos da ONU reagiu, classificando a medida como ilegal sob o direito internacional e [&hellip;]<\/p>\n","protected":false},"author":2,"featured_media":0,"comment_status":"open","ping_status":"closed","sticky":false,"template":"","format":"standard","meta":{"fifu_image_url":"","fifu_image_alt":"","footnotes":""},"categories":[9520,14747,3248,11808,50,25],"tags":[],"class_list":["post-45309","post","type-post","status-publish","format-standard","hentry","category-apartheid-israelense","category-belazel-smotrich","category-cisjordania","category-cisjordania-ocupada","category-internacional","category-israel"],"_links":{"self":[{"href":"https:\/\/redept.com.br\/blogosfera\/wp-json\/wp\/v2\/posts\/45309","targetHints":{"allow":["GET"]}}],"collection":[{"href":"https:\/\/redept.com.br\/blogosfera\/wp-json\/wp\/v2\/posts"}],"about":[{"href":"https:\/\/redept.com.br\/blogosfera\/wp-json\/wp\/v2\/types\/post"}],"author":[{"embeddable":true,"href":"https:\/\/redept.com.br\/blogosfera\/wp-json\/wp\/v2\/users\/2"}],"replies":[{"embeddable":true,"href":"https:\/\/redept.com.br\/blogosfera\/wp-json\/wp\/v2\/comments?post=45309"}],"version-history":[{"count":0,"href":"https:\/\/redept.com.br\/blogosfera\/wp-json\/wp\/v2\/posts\/45309\/revisions"}],"wp:attachment":[{"href":"https:\/\/redept.com.br\/blogosfera\/wp-json\/wp\/v2\/media?parent=45309"}],"wp:term":[{"taxonomy":"category","embeddable":true,"href":"https:\/\/redept.com.br\/blogosfera\/wp-json\/wp\/v2\/categories?post=45309"},{"taxonomy":"post_tag","embeddable":true,"href":"https:\/\/redept.com.br\/blogosfera\/wp-json\/wp\/v2\/tags?post=45309"}],"curies":[{"name":"wp","href":"https:\/\/api.w.org\/{rel}","templated":true}]}}