{"id":45392,"date":"2025-08-18T06:40:00","date_gmt":"2025-08-18T09:40:00","guid":{"rendered":"https:\/\/redept.org\/blogosfera\/ministerio-publico-do-trabalho-condena-centro-hospitalar-no-recife-a-pagar-r-500-mil-por-ma-qualidade-do-ar-e-falhas-com-a-saude-dos-trabalhadores\/"},"modified":"2025-08-18T06:40:00","modified_gmt":"2025-08-18T09:40:00","slug":"ministerio-publico-do-trabalho-condena-centro-hospitalar-no-recife-a-pagar-r-500-mil-por-ma-qualidade-do-ar-e-falhas-com-a-saude-dos-trabalhadores","status":"publish","type":"post","link":"https:\/\/redept.com.br\/blogosfera\/ministerio-publico-do-trabalho-condena-centro-hospitalar-no-recife-a-pagar-r-500-mil-por-ma-qualidade-do-ar-e-falhas-com-a-saude-dos-trabalhadores\/","title":{"rendered":"Minist\u00e9rio P\u00fablico do Trabalho condena centro hospitalar no Recife a pagar R$ 500 mil por m\u00e1 qualidade do ar e falhas com a sa\u00fade dos trabalhadores"},"content":{"rendered":"<p>O Hospital Santa Joana, no bairro das Gra\u00e7as, Recife, foi condenado na 2\u00aa Vara da Justi\u00e7a do Trabalho da capital por violar normas de seguran\u00e7a e sa\u00fade dos seus trabalhadores, destacando a m\u00e1 qualidade do ar em ambientes internos da unidade. A condena\u00e7\u00e3o respondeu a uma a\u00e7\u00e3o civil p\u00fablica movida pelo Minist\u00e9rio P\u00fablico do Trabalho (MPT). A multa aplicada ao centro de sa\u00fade foi de R$ 500 mil (meio milh\u00e3o), por danos morais coletivos, valor que ser\u00e1 destinado ao Fundo de Defesa dos Direitos Difusos.<\/p>\n<p>Publicada no in\u00edcio de agosto, a senten\u00e7a do juiz Leonardo Pessoa Burgos obriga o centro de sa\u00fade privado a adotar medidas de prote\u00e7\u00e3o \u00e0 sa\u00fade dos seus funcion\u00e1rios e clientes, como a renova\u00e7\u00e3o do ar interior do hospital a uma vaz\u00e3o m\u00ednima de 27 metros c\u00fabicos por hora por pessoa; a manuten\u00e7\u00e3o dos sistemas de climatiza\u00e7\u00e3o; a elabora\u00e7\u00e3o e implementa\u00e7\u00e3o de um plano de manuten\u00e7\u00e3o, opera\u00e7\u00e3o e controle nos sistemas de ar climatizado; e a comprova\u00e7\u00e3o de treinamentos aos seus prestadores de servi\u00e7os. O Santa Joana pode ser multado em R$ 40 mil por cada item descumprido.<\/p>\n<p>Na decis\u00e3o, Burgos avalia que a empresa exp\u00f4s a riscos desnecess\u00e1rios e de forma reiterada os 1.127 trabalhadores da empresa, entre contratados e terceirizados. O magistrado ainda destacou que falhas no sistema de climatiza\u00e7\u00e3o representam tamb\u00e9m um risco \u00e0 sa\u00fade p\u00fablica, especialmente no contexto de superlota\u00e7\u00e3o hospitalar e surtos de s\u00edndromes respirat\u00f3rias agudas graves em Pernambuco.<\/p>\n<p>Fiscais da Superintend\u00eancia Regional do Trabalho (SRTb-PE) apontaram a falta de medidas corretivas mesmo ap\u00f3s o hospital ser notificado e a falta de relat\u00f3rios recentes sobre a qualidade do ar.<\/p>\n<p>A a\u00e7\u00e3o civil p\u00fablica \u00e9 resultado de um inqu\u00e9rito solicitado pelo Sindicato dos T\u00e9cnicos de Seguran\u00e7a do Trabalho de Pernambuco (Sinditest-PE). A investiga\u00e7\u00e3o revelou que o Santa Joana utiliza, desde 2020, equipamentos de ar-condicionado inapropriados para ambientes hospitalares, sem filtros adequados e sem sistemas de renova\u00e7\u00e3o de ar exigidos pela norma t\u00e9cnica NBR 7.256 da Associa\u00e7\u00e3o Brasileira de Normas T\u00e9cnicas (ABNT), descumprindo a legisla\u00e7\u00e3o sobre qualidade do ar.<\/p>\n<p>O <strong>Brasil de Fato<\/strong> tentou contato com o hospital atrav\u00e9s do \u00fanico contato dispon\u00edvel, o do servi\u00e7o de atendimento ao consumidor <a href=\"https:\/\/www.hospitalsantajoanarecife.com.br\/contato.html\">(SAC)<\/a>, visto que a p\u00e1gina para <a href=\"https:\/\/www.saudeamericas.com.br\/imprensa\">di\u00e1logo com a imprensa est\u00e1 indispon\u00edvel<\/a>. At\u00e9 o momento n\u00e3o fomos respondidos. T\u00e3o logo entrem em contato conosco, adicionaremos a resposta aqui.<\/p>\n<h4>Quem recebe a multa pelos danos?<\/h4>\n<p>A multa de meio milh\u00e3o de reais deve ser destinada ao Fundo de Defesa aos Direitos Difusos, sob gest\u00e3o do Minist\u00e9rio da Justi\u00e7a e de um conselho. Os recursos do FDD deveriam ser utilizados, segundo a lei, para reparar danos ambientais, hist\u00f3ricos, art\u00edsticos, tur\u00edsticos, paisag\u00edsticos, est\u00e9ticos, econ\u00f4micos, danos ao consumidor e outros interesses coletivos e difusos.<\/p>\n<h4>O Santa Joana<\/h4>\n<p>Fundado em 1979, no Recife, o Hospital Santa Joana hoje integra a Rede Am\u00e9ricas, que conta com 25 hospitais pelo pa\u00eds. As marcas pertencem \u00e0 empresa Amil Assist\u00eancia M\u00e9dica S. A., que por sua vez pertence, desde 2023, ao bilion\u00e1rio Jos\u00e9 Seripieri Filho, o \u201cJ\u00fanior da Qualicorp\u201d.<\/p>\n<p>Em 2020, antes de adquirir a Amil, o empres\u00e1rio foi preso no \u00e2mbito da Opera\u00e7\u00e3o Lava-Jato por suspeita de ter doado, em 2014, o montante de R$ 5 milh\u00f5es n\u00e3o declarados (o popular \u201ccaixa dois\u201d) \u00e0 campanha eleitoral de Jos\u00e9 Serra (PSDB) ao Governo de S\u00e3o Paulo. Em 2022, Seripieri Filho deu uma carona, em seu jatinho, ao rec\u00e9m-eleito presidente Luiz In\u00e1cio Lula da Silva (PT) para a Confer\u00eancia do Clima (COP 27).<\/p>\n<p>O post <a href=\"https:\/\/www.brasildefato.com.br\/2025\/08\/18\/ministerio-publico-do-trabalho-condena-centro-hospitalar-no-recife-a-pagar-r-500-mil-por-ma-qualidade-do-ar-e-falhas-com-a-saude-dos-trabalhadores\/\">Minist\u00e9rio P\u00fablico do Trabalho condena centro hospitalar no Recife a pagar R$ 500 mil por m\u00e1 qualidade do ar e falhas com a sa\u00fade dos trabalhadores<\/a> apareceu primeiro em <a href=\"https:\/\/www.brasildefato.com.br\/\">Brasil de Fato<\/a>.<\/p>\n<!-- Begin Yuzo --><div class='yuzo_related_post style-1'  data-version='5.12.89'><!-- without result --><div class='yuzo_clearfixed yuzo__title yuzo__title'><h3>Related Post<\/h3><\/div>\n\t\t\t\t\t\t  <div class=\"relatedthumb \" style=\"width:125px;float:left;overflow:hidden;\">  \n\t\t\t\t\t\t\t  \n\t\t\t\t\t\t\t  <a  href=\"https:\/\/sul21.com.br\/noticias\/geral\/2025\/08\/justica-proibe-trabalho-infantil-em-redes-da-meta-sem-aval-judicial\/\"  >\n\t\t\t\t\t\t\t\t\t  <div class=\"yuzo-img-wrap \" style=\"width: 125px;height:90px;\">\n\t\t\t\t\t\t\t\t\t\t\n\t\t\t\t\t\t\t\t\t\t<div class=\"yuzo-img\" style=\"background:url('https:\/\/agenciabrasil.ebc.com.br\/ebc.png?id=1656103&amp;o=node') 50% 50% no-repeat;width: 125px;height:90px;margin-bottom: 5px;background-size: cover; \"><\/div>\n\t\t\t\t\t\t\t\t\t  <\/div>\n\t\t\t\t\t\t\t\t\t  \n\t\t\t\t\t\t\t\t   <span class=\"yuzo__text--title\" style=\"font-size:13px;\">Justi\u00e7a pro\u00edbe trabalho infantil em redes da Meta ...<\/span>\n\t\t\t\t\t\t\t  \n\t\t\t\t\t\t\t  \n\t\t\t\t\t\t\t  <\/a>\n\n\t\t\t\t\t\t  <\/div>\n\t\t\t\t\t\t  <div class=\"relatedthumb \" style=\"width:125px;float:left;overflow:hidden;\">  \n\t\t\t\t\t\t\t  \n\t\t\t\t\t\t\t  <a  href=\"https:\/\/redept.com.br\/blogosfera\/rodrigo-paz-toma-posse-na-bolivia-e-exclui-indigenas-de-seu-governo\/\"  >\n\t\t\t\t\t\t\t\t\t  <div class=\"yuzo-img-wrap \" style=\"width: 125px;height:90px;\">\n\t\t\t\t\t\t\t\t\t\t\n\t\t\t\t\t\t\t\t\t\t<div class=\"yuzo-img\" style=\"background:url('https:\/\/redept.com.br\/blogosfera\/wp-content\/uploads\/2025\/11\/Rodrigo-Paz-saiu-do-anonimato-para-a-presidencia-da-Bolivia-150x150.png') 50% 50% no-repeat;width: 125px;height:90px;margin-bottom: 5px;background-size: cover; \"><\/div>\n\t\t\t\t\t\t\t\t\t  <\/div>\n\t\t\t\t\t\t\t\t\t  \n\t\t\t\t\t\t\t\t   <span class=\"yuzo__text--title\" style=\"font-size:13px;\">Rodrigo Paz toma posse na Bol\u00edvia e exclui ind\u00edgen...<\/span>\n\t\t\t\t\t\t\t  \n\t\t\t\t\t\t\t  \n\t\t\t\t\t\t\t  <\/a>\n\n\t\t\t\t\t\t  <\/div>\n\t\t\t\t\t\t  <div class=\"relatedthumb \" style=\"width:125px;float:left;overflow:hidden;\">  \n\t\t\t\t\t\t\t  \n\t\t\t\t\t\t\t  <a  href=\"https:\/\/redept.com.br\/blogosfera\/microplasticos-ultrapassam-placenta-e-ja-sao-encontrados-no-cordao-umbilical-alerta-estudo\/\"  >\n\t\t\t\t\t\t\t\t\t  <div class=\"yuzo-img-wrap \" style=\"width: 125px;height:90px;\">\n\t\t\t\t\t\t\t\t\t\t\n\t\t\t\t\t\t\t\t\t\t<div class=\"yuzo-img\" style=\"background:url('https:\/\/redept.org\/blogosfera\/wp-content\/plugins\/yuzo-related-post\/assets\/images\/default.png') 50% 50% no-repeat;width: 125px;height:90px;margin-bottom: 5px;background-size: cover; \"><\/div>\n\t\t\t\t\t\t\t\t\t  <\/div>\n\t\t\t\t\t\t\t\t\t  \n\t\t\t\t\t\t\t\t   <span class=\"yuzo__text--title\" style=\"font-size:13px;\">Micropl\u00e1sticos ultrapassam placenta e j\u00e1 s\u00e3o encon...<\/span>\n\t\t\t\t\t\t\t  \n\t\t\t\t\t\t\t  \n\t\t\t\t\t\t\t  <\/a>\n\n\t\t\t\t\t\t  <\/div>\n\t\t\t\t\t\t  <div class=\"relatedthumb \" style=\"width:125px;float:left;overflow:hidden;\">  \n\t\t\t\t\t\t\t  \n\t\t\t\t\t\t\t  <a  href=\"https:\/\/redept.com.br\/blogosfera\/netanyahu-congela-cessar-fogo-e-aprofunda-genocidio-em-gaza\/\"  >\n\t\t\t\t\t\t\t\t\t  <div class=\"yuzo-img-wrap \" style=\"width: 125px;height:90px;\">\n\t\t\t\t\t\t\t\t\t\t\n\t\t\t\t\t\t\t\t\t\t<div class=\"yuzo-img\" style=\"background:url('https:\/\/redept.org\/blogosfera\/wp-content\/plugins\/yuzo-related-post\/assets\/images\/default.png') 50% 50% no-repeat;width: 125px;height:90px;margin-bottom: 5px;background-size: cover; \"><\/div>\n\t\t\t\t\t\t\t\t\t  <\/div>\n\t\t\t\t\t\t\t\t\t  \n\t\t\t\t\t\t\t\t   <span class=\"yuzo__text--title\" style=\"font-size:13px;\">Netanyahu congela cessar-fogo e aprofunda genoc\u00eddi...<\/span>\n\t\t\t\t\t\t\t  \n\t\t\t\t\t\t\t  \n\t\t\t\t\t\t\t  <\/a>\n\n\t\t\t\t\t\t  <\/div>\n<\/div> <script>\n\t\t\t\t\t\t  jQuery(document).ready(function( $ ){\n\t\t\t\t\t\t\t\/\/jQuery('.yuzo_related_post').equalizer({ overflow : 'relatedthumb' });\n\t\t\t\t\t\t\tjQuery('.yuzo_related_post .yuzo_wraps').equalizer({ columns : '> div' });\n\t\t\t\t\t\t   })\n\t\t\t\t\t\t  <\/script> <!-- End Yuzo :) -->","protected":false},"excerpt":{"rendered":"<p>O Hospital Santa Joana, no bairro das Gra\u00e7as, Recife, foi condenado na 2\u00aa Vara da Justi\u00e7a do Trabalho da capital por violar normas de seguran\u00e7a e sa\u00fade dos seus trabalhadores, destacando a m\u00e1 qualidade do ar em ambientes internos da unidade. A condena\u00e7\u00e3o respondeu a uma a\u00e7\u00e3o civil p\u00fablica movida pelo Minist\u00e9rio P\u00fablico do Trabalho [&hellip;]<\/p>\n","protected":false},"author":2,"featured_media":0,"comment_status":"open","ping_status":"closed","sticky":false,"template":"","format":"standard","meta":{"fifu_image_url":"","fifu_image_alt":"","footnotes":""},"categories":[179,185,126,14793,377],"tags":[],"class_list":["post-45392","post","type-post","status-publish","format-standard","hentry","category-pernambuco","category-recife","category-saude","category-saude-privada","category-trabalho"],"_links":{"self":[{"href":"https:\/\/redept.com.br\/blogosfera\/wp-json\/wp\/v2\/posts\/45392","targetHints":{"allow":["GET"]}}],"collection":[{"href":"https:\/\/redept.com.br\/blogosfera\/wp-json\/wp\/v2\/posts"}],"about":[{"href":"https:\/\/redept.com.br\/blogosfera\/wp-json\/wp\/v2\/types\/post"}],"author":[{"embeddable":true,"href":"https:\/\/redept.com.br\/blogosfera\/wp-json\/wp\/v2\/users\/2"}],"replies":[{"embeddable":true,"href":"https:\/\/redept.com.br\/blogosfera\/wp-json\/wp\/v2\/comments?post=45392"}],"version-history":[{"count":0,"href":"https:\/\/redept.com.br\/blogosfera\/wp-json\/wp\/v2\/posts\/45392\/revisions"}],"wp:attachment":[{"href":"https:\/\/redept.com.br\/blogosfera\/wp-json\/wp\/v2\/media?parent=45392"}],"wp:term":[{"taxonomy":"category","embeddable":true,"href":"https:\/\/redept.com.br\/blogosfera\/wp-json\/wp\/v2\/categories?post=45392"},{"taxonomy":"post_tag","embeddable":true,"href":"https:\/\/redept.com.br\/blogosfera\/wp-json\/wp\/v2\/tags?post=45392"}],"curies":[{"name":"wp","href":"https:\/\/api.w.org\/{rel}","templated":true}]}}