{"id":45472,"date":"2025-08-18T13:27:56","date_gmt":"2025-08-18T16:27:56","guid":{"rendered":"https:\/\/redept.org\/blogosfera\/presidente-do-tj-pr-suspende-liminar-e-mantem-punicao-da-alep-a-renato-freitas\/"},"modified":"2025-08-18T13:27:56","modified_gmt":"2025-08-18T16:27:56","slug":"presidente-do-tj-pr-suspende-liminar-e-mantem-punicao-da-alep-a-renato-freitas","status":"publish","type":"post","link":"https:\/\/redept.com.br\/blogosfera\/presidente-do-tj-pr-suspende-liminar-e-mantem-punicao-da-alep-a-renato-freitas\/","title":{"rendered":"Presidente do TJ-PR suspende liminar e mant\u00e9m puni\u00e7\u00e3o da ALEP a Renato Freitas"},"content":{"rendered":"<p>A desembargadora Lidia Maejima, Presidente do Tribunal de Justi\u00e7a do Paran\u00e1, cassou a liminar que impedia a suspens\u00e3o das prerrogativas do deputado estadual Renato Freitas (PT). A decis\u00e3o foi publicada neste domingo (17) e, com isso, caso seja o parecer aprovado pela Comiss\u00e3o de Constitui\u00e7\u00e3o e Justi\u00e7a (CCJ) seja lido em plen\u00e1rio pelo presidente da Assembleia Legislativa do Paran\u00e1 (Alep), Alexandre Curi, o petista perde o direito de falar por 30 dias.<\/p>\n<p>A decis\u00e3o da presidente do TJ se deu ap\u00f3s a pr\u00f3pria Alep recorrer da liminar que suspendia a decis\u00e3o da CCJ e mantinha os direitos pol\u00edticos do deputado Renato Freitas. Segundo a Alep, a atua\u00e7\u00e3o de Renato Freitas \u00e9 incompat\u00edvel com o decoro parlamentar e h\u00e1 abuso das prerrogativas. \u201cH\u00e1 fundado receio entre os Excelent\u00edssimos Deputados Estaduais da perda da ordem no Plen\u00e1rio em raz\u00e3o do sentimento de impunidade pela n\u00e3o aplica\u00e7\u00e3o injustificada de penalidade administrativa fruto de processo que observou todas as garantias constitucionais, notadamente, a ampla defesa e o devido processo legal\u201d, diz a Alep, ao recorrer da liminar que suspendia a puni\u00e7\u00e3o.<\/p>\n<p>Para Lidia Maejima, Presidente do Tribunal de Justi\u00e7a do Paran\u00e1, ao cassar a decis\u00e3o favor\u00e1vel a Renato Freitas, a puni\u00e7\u00e3o ao parlamentar n\u00e3o apresenta ilegalidade na aplica\u00e7\u00e3o da pena de suspens\u00e3o das prerrogativas regimentais, sendo esta apenas a terceira mais grave entre as cinco previstas no artigo 272 do Regimento Interno da Assembleia Legislativa do Estado do Paran\u00e1.<\/p>\n<p>\u201cA retirada da efic\u00e1cia de decis\u00e3o administrativa disciplinar proferida pela Comiss\u00e3o de \u00c9tica e Decoro Parlamentar e mantida pela Comiss\u00e3o de Constitui\u00e7\u00e3o e Justi\u00e7a causa les\u00e3o \u00e0 ordem p\u00fablica por transmitir a indevida sensa\u00e7\u00e3o de inger\u00eancia e impunidade\u201d.<\/p>\n<p><strong>Surpresa e suspens\u00e3o<\/strong><\/p>\n<p>Em nota da defesa de Renato Freitas, assinada pelo advogado Edson Abdala, \u00e9 refor\u00e7ada a surpresa com a decis\u00e3o. \u201cA defesa de Renato Freitas v\u00ea com surpresa a decis\u00e3o liminar da Presid\u00eancia do TJ e estuda as possibilidades de recurso.\u201d<\/p>\n<p>Com a suspens\u00e3o da liminar, a Alep pode ler hoje o parecer da CCJ e suspender Renato Freitas por 30 dias sem que o caso seja votado em plen\u00e1rio.<\/p>\n<p>Em nota, a presid\u00eancia da Alep disse que \u201ca desembargadora acatou o argumento da Procuradoria da Assembleia de que a decis\u00e3o monocr\u00e1tica concedida em favor do Parlamentar feria o princ\u00edpio da separa\u00e7\u00e3o entre os poderes e a autonomia do Poder Legislativo na aplica\u00e7\u00e3o das suas regras regimentais.\u201d<\/p>\n<p>O post <a href=\"https:\/\/www.brasildefato.com.br\/2025\/08\/18\/presidente-do-tj-pr-suspende-liminar-e-mantem-punicao-da-alep-a-renato-freitas\/\">Presidente do TJ-PR suspende liminar e mant\u00e9m puni\u00e7\u00e3o da ALEP a Renato Freitas<\/a> apareceu primeiro em <a href=\"https:\/\/www.brasildefato.com.br\/\">Brasil de Fato<\/a>.<\/p>\n<!-- Begin Yuzo --><div class='yuzo_related_post style-1'  data-version='5.12.89'><!-- without result --><div class='yuzo_clearfixed yuzo__title yuzo__title'><h3>Related Post<\/h3><\/div>\n\t\t\t\t\t\t  <div class=\"relatedthumb \" style=\"width:125px;float:left;overflow:hidden;\">  \n\t\t\t\t\t\t\t  \n\t\t\t\t\t\t\t  <a  href=\"https:\/\/redept.com.br\/blogosfera\/mesmo-sem-o-oscar-o-agente-secreto-acumula-mais-de-70-premios-relembre\/\"  >\n\t\t\t\t\t\t\t\t\t  <div class=\"yuzo-img-wrap \" style=\"width: 125px;height:90px;\">\n\t\t\t\t\t\t\t\t\t\t\n\t\t\t\t\t\t\t\t\t\t<div class=\"yuzo-img\" style=\"background:url('https:\/\/redept.org\/blogosfera\/wp-content\/plugins\/yuzo-related-post\/assets\/images\/default.png') 50% 50% no-repeat;width: 125px;height:90px;margin-bottom: 5px;background-size: cover; \"><\/div>\n\t\t\t\t\t\t\t\t\t  <\/div>\n\t\t\t\t\t\t\t\t\t  \n\t\t\t\t\t\t\t\t   <span class=\"yuzo__text--title\" style=\"font-size:13px;\">Mesmo sem o Oscar, O Agente Secreto acumula mais d...<\/span>\n\t\t\t\t\t\t\t  \n\t\t\t\t\t\t\t  \n\t\t\t\t\t\t\t  <\/a>\n\n\t\t\t\t\t\t  <\/div>\n\t\t\t\t\t\t  <div class=\"relatedthumb \" style=\"width:125px;float:left;overflow:hidden;\">  \n\t\t\t\t\t\t\t  \n\t\t\t\t\t\t\t  <a  href=\"https:\/\/redept.com.br\/blogosfera\/paim-se-compromete-com-reivindicacoes-das-centrais-por-melhorias-na-legislacao-da-terceirizacao\/\"  >\n\t\t\t\t\t\t\t\t\t  <div class=\"yuzo-img-wrap \" style=\"width: 125px;height:90px;\">\n\t\t\t\t\t\t\t\t\t\t\n\t\t\t\t\t\t\t\t\t\t<div class=\"yuzo-img\" style=\"background:url('https:\/\/redept.org\/blogosfera\/wp-content\/plugins\/yuzo-related-post\/assets\/images\/default.png') 50% 50% no-repeat;width: 125px;height:90px;margin-bottom: 5px;background-size: cover; \"><\/div>\n\t\t\t\t\t\t\t\t\t  <\/div>\n\t\t\t\t\t\t\t\t\t  \n\t\t\t\t\t\t\t\t   <span class=\"yuzo__text--title\" style=\"font-size:13px;\">Paim se compromete com reivindica\u00e7\u00f5es das centrais...<\/span>\n\t\t\t\t\t\t\t  \n\t\t\t\t\t\t\t  \n\t\t\t\t\t\t\t  <\/a>\n\n\t\t\t\t\t\t  <\/div>\n\t\t\t\t\t\t  <div class=\"relatedthumb \" style=\"width:125px;float:left;overflow:hidden;\">  \n\t\t\t\t\t\t\t  \n\t\t\t\t\t\t\t  <a  href=\"https:\/\/redept.com.br\/blogosfera\/vestibular-unesp-2026-abre-inscricoes-nesta-quinta-para-5-867-vagas\/\"  >\n\t\t\t\t\t\t\t\t\t  <div class=\"yuzo-img-wrap \" style=\"width: 125px;height:90px;\">\n\t\t\t\t\t\t\t\t\t\t\n\t\t\t\t\t\t\t\t\t\t<div class=\"yuzo-img\" style=\"background:url('https:\/\/redept.org\/blogosfera\/wp-content\/plugins\/yuzo-related-post\/assets\/images\/default.png') 50% 50% no-repeat;width: 125px;height:90px;margin-bottom: 5px;background-size: cover; \"><\/div>\n\t\t\t\t\t\t\t\t\t  <\/div>\n\t\t\t\t\t\t\t\t\t  \n\t\t\t\t\t\t\t\t   <span class=\"yuzo__text--title\" style=\"font-size:13px;\">Vestibular Unesp 2026 abre inscri\u00e7\u00f5es nesta quinta...<\/span>\n\t\t\t\t\t\t\t  \n\t\t\t\t\t\t\t  \n\t\t\t\t\t\t\t  <\/a>\n\n\t\t\t\t\t\t  <\/div>\n\t\t\t\t\t\t  <div class=\"relatedthumb \" style=\"width:125px;float:left;overflow:hidden;\">  \n\t\t\t\t\t\t\t  \n\t\t\t\t\t\t\t  <a  href=\"https:\/\/sul21.com.br\/noticias\/saude\/2025\/10\/gravidez-na-adolescencia-deve-ser-debatida-nas-igrejas-diz-alexandre-padilha\/\"  >\n\t\t\t\t\t\t\t\t\t  <div class=\"yuzo-img-wrap \" style=\"width: 125px;height:90px;\">\n\t\t\t\t\t\t\t\t\t\t\n\t\t\t\t\t\t\t\t\t\t<div class=\"yuzo-img\" style=\"background:url('https:\/\/agenciabrasil.ebc.com.br\/ebc.png?id=1663732&amp;o=node') 50% 50% no-repeat;width: 125px;height:90px;margin-bottom: 5px;background-size: cover; \"><\/div>\n\t\t\t\t\t\t\t\t\t  <\/div>\n\t\t\t\t\t\t\t\t\t  \n\t\t\t\t\t\t\t\t   <span class=\"yuzo__text--title\" style=\"font-size:13px;\">Gravidez na adolesc\u00eancia deve ser debatida nas igr...<\/span>\n\t\t\t\t\t\t\t  \n\t\t\t\t\t\t\t  \n\t\t\t\t\t\t\t  <\/a>\n\n\t\t\t\t\t\t  <\/div>\n<\/div> <script>\n\t\t\t\t\t\t  jQuery(document).ready(function( $ ){\n\t\t\t\t\t\t\t\/\/jQuery('.yuzo_related_post').equalizer({ overflow : 'relatedthumb' });\n\t\t\t\t\t\t\tjQuery('.yuzo_related_post .yuzo_wraps').equalizer({ columns : '> div' });\n\t\t\t\t\t\t   })\n\t\t\t\t\t\t  <\/script> <!-- End Yuzo :) -->","protected":false},"excerpt":{"rendered":"<p>A desembargadora Lidia Maejima, Presidente do Tribunal de Justi\u00e7a do Paran\u00e1, cassou a liminar que impedia a suspens\u00e3o das prerrogativas do deputado estadual Renato Freitas (PT). A decis\u00e3o foi publicada neste domingo (17) e, com isso, caso seja o parecer aprovado pela Comiss\u00e3o de Constitui\u00e7\u00e3o e Justi\u00e7a (CCJ) seja lido em plen\u00e1rio pelo presidente da [&hellip;]<\/p>\n","protected":false},"author":2,"featured_media":0,"comment_status":"open","ping_status":"closed","sticky":false,"template":"","format":"standard","meta":{"fifu_image_url":"","fifu_image_alt":"","footnotes":""},"categories":[132,14245],"tags":[],"class_list":["post-45472","post","type-post","status-publish","format-standard","hentry","category-politica","category-renato-freitas"],"_links":{"self":[{"href":"https:\/\/redept.com.br\/blogosfera\/wp-json\/wp\/v2\/posts\/45472","targetHints":{"allow":["GET"]}}],"collection":[{"href":"https:\/\/redept.com.br\/blogosfera\/wp-json\/wp\/v2\/posts"}],"about":[{"href":"https:\/\/redept.com.br\/blogosfera\/wp-json\/wp\/v2\/types\/post"}],"author":[{"embeddable":true,"href":"https:\/\/redept.com.br\/blogosfera\/wp-json\/wp\/v2\/users\/2"}],"replies":[{"embeddable":true,"href":"https:\/\/redept.com.br\/blogosfera\/wp-json\/wp\/v2\/comments?post=45472"}],"version-history":[{"count":0,"href":"https:\/\/redept.com.br\/blogosfera\/wp-json\/wp\/v2\/posts\/45472\/revisions"}],"wp:attachment":[{"href":"https:\/\/redept.com.br\/blogosfera\/wp-json\/wp\/v2\/media?parent=45472"}],"wp:term":[{"taxonomy":"category","embeddable":true,"href":"https:\/\/redept.com.br\/blogosfera\/wp-json\/wp\/v2\/categories?post=45472"},{"taxonomy":"post_tag","embeddable":true,"href":"https:\/\/redept.com.br\/blogosfera\/wp-json\/wp\/v2\/tags?post=45472"}],"curies":[{"name":"wp","href":"https:\/\/api.w.org\/{rel}","templated":true}]}}