{"id":45651,"date":"2025-08-18T15:08:54","date_gmt":"2025-08-18T18:08:54","guid":{"rendered":"https:\/\/redept.org\/blogosfera\/bolsonaro-foi-quem-cochichou-no-ouvido-de-carluxo-o-ataque-aos-ratos-bolsonaristas\/"},"modified":"2025-08-18T15:08:54","modified_gmt":"2025-08-18T18:08:54","slug":"bolsonaro-foi-quem-cochichou-no-ouvido-de-carluxo-o-ataque-aos-ratos-bolsonaristas","status":"publish","type":"post","link":"https:\/\/redept.com.br\/blogosfera\/bolsonaro-foi-quem-cochichou-no-ouvido-de-carluxo-o-ataque-aos-ratos-bolsonaristas\/","title":{"rendered":"Bolsonaro foi quem cochichou no ouvido de Carluxo o ataque aos ratos bolsonaristas"},"content":{"rendered":"<p>Para quem sonhava com uma carta de apresenta\u00e7\u00e3o aos bolsonaristas do \u201cpadrinho\u201d, os ratos que se lan\u00e7aram candidatos a substitutos de Bolsonaro num claro enterro vivo do monumento fascista, o tro\u00e7o deu errado. Talhou!<\/p>\n<p>Bolsonaro chamou seu pitbull preferido, Carluxo, para usar sua mand\u00edbula nas redes e ir direto na jugular dos governadores bolsonaristas que est\u00e3o crocodilando o soberano para chefiar a falange das trevas.<\/p>\n<p>Do alto bordo do bolsonarismo, Malafaia tamb\u00e9m atacou os ratos, mostrando uma sinergia de comando claramente ensaiada pelo todo poderoso do PL<\/p>\n<p>A m\u00eddia cataquizadora de belzebu ficou de cal\u00e7a arriada. Ela sabe que, sem a ben\u00e7\u00e3o do tinhoso, bolsonaristas ignoram. Nesse caso, Bolsonaro j\u00e1 quis queimar a bucha de Tarc\u00edsio na largada.<\/p>\n<hr>\n<h5>Apoie o Antropofagista com qualquer valor<br \/>\nPIX: 45013993768<br \/>\nAgradecemos imensamente<\/h5>\n<hr>\n<p><strong>Siga-nos no Whatsapp:<\/strong> https:\/\/chat.whatsapp.com\/EDwMnaR2cC27mPiXJEH24i?mode=ac_t<\/p>\n<p><strong>Siga-nos no Facebook:<\/strong> https:\/\/www.facebook.com\/profile.php?id=100070790366110<\/p>\n<p><strong>Siga-nos no X:<\/strong> https:\/\/x.com\/Antropofagista1<\/p>\n<p><strong>Siga-nos no Instagram<\/strong> https:\/\/www.instagram.com\/blogantropofagista?igsh=YzljYTk1ODg3Zg<\/p>\n<p>The post Bolsonaro foi quem cochichou no ouvido de Carluxo o ataque aos ratos bolsonaristas first appeared on Antropofagista.<\/p>\n<!-- Begin Yuzo --><div class='yuzo_related_post style-1'  data-version='5.12.89'><!-- without result --><div class='yuzo_clearfixed yuzo__title yuzo__title'><h3>Related Post<\/h3><\/div>\n\t\t\t\t\t\t  <div class=\"relatedthumb \" style=\"width:125px;float:left;overflow:hidden;\">  \n\t\t\t\t\t\t\t  \n\t\t\t\t\t\t\t  <a  href=\"https:\/\/redept.com.br\/blogosfera\/nikolas-ferreira-cassado-e-preso-onda-de-representacoes-na-justica-ocorre-apos-deputado-sugerir-ingerencia-dos-eua-no-brasil\/\"  >\n\t\t\t\t\t\t\t\t\t  <div class=\"yuzo-img-wrap \" style=\"width: 125px;height:90px;\">\n\t\t\t\t\t\t\t\t\t\t\n\t\t\t\t\t\t\t\t\t\t<div class=\"yuzo-img\" style=\"background:url('https:\/\/redept.org\/blogosfera\/wp-content\/plugins\/yuzo-related-post\/assets\/images\/default.png') 50% 50% no-repeat;width: 125px;height:90px;margin-bottom: 5px;background-size: cover; \"><\/div>\n\t\t\t\t\t\t\t\t\t  <\/div>\n\t\t\t\t\t\t\t\t\t  \n\t\t\t\t\t\t\t\t   <span class=\"yuzo__text--title\" style=\"font-size:13px;\">Nikolas Ferreira cassado e preso? Onda de represen...<\/span>\n\t\t\t\t\t\t\t  \n\t\t\t\t\t\t\t  \n\t\t\t\t\t\t\t  <\/a>\n\n\t\t\t\t\t\t  <\/div>\n\t\t\t\t\t\t  <div class=\"relatedthumb \" style=\"width:125px;float:left;overflow:hidden;\">  \n\t\t\t\t\t\t\t  \n\t\t\t\t\t\t\t  <a  href=\"https:\/\/redept.com.br\/blogosfera\/dia-de-sao-joao-e-24-de-junho-dia-de-brasil-x-escocia\/\"  >\n\t\t\t\t\t\t\t\t\t  <div class=\"yuzo-img-wrap \" style=\"width: 125px;height:90px;\">\n\t\t\t\t\t\t\t\t\t\t\n\t\t\t\t\t\t\t\t\t\t<div class=\"yuzo-img\" style=\"background:url('https:\/\/redept.com.br\/blogosfera\/wp-content\/uploads\/2026\/06\/Neymar-Rafael-Ribeiro_CBF-150x150.jpg') 50% 50% no-repeat;width: 125px;height:90px;margin-bottom: 5px;background-size: cover; \"><\/div>\n\t\t\t\t\t\t\t\t\t  <\/div>\n\t\t\t\t\t\t\t\t\t  \n\t\t\t\t\t\t\t\t   <span class=\"yuzo__text--title\" style=\"font-size:13px;\">Dia de S\u00e3o Jo\u00e3o \u00e9 24 de junho: dia de Brasil x Esc...<\/span>\n\t\t\t\t\t\t\t  \n\t\t\t\t\t\t\t  \n\t\t\t\t\t\t\t  <\/a>\n\n\t\t\t\t\t\t  <\/div>\n\t\t\t\t\t\t  <div class=\"relatedthumb \" style=\"width:125px;float:left;overflow:hidden;\">  \n\t\t\t\t\t\t\t  \n\t\t\t\t\t\t\t  <a  href=\"https:\/\/redept.com.br\/blogosfera\/mega-sena-2984-confira-resultado-sorteio-de-14-de-marco\/\"  >\n\t\t\t\t\t\t\t\t\t  <div class=\"yuzo-img-wrap \" style=\"width: 125px;height:90px;\">\n\t\t\t\t\t\t\t\t\t\t\n\t\t\t\t\t\t\t\t\t\t<div class=\"yuzo-img\" style=\"background:url('https:\/\/redept.com.br\/blogosfera\/wp-content\/uploads\/2026\/03\/barbara_domingos_ginastica_ritmica_paris_2024-e1750275354406-5-150x150.webp') 50% 50% no-repeat;width: 125px;height:90px;margin-bottom: 5px;background-size: cover; \"><\/div>\n\t\t\t\t\t\t\t\t\t  <\/div>\n\t\t\t\t\t\t\t\t\t  \n\t\t\t\t\t\t\t\t   <span class=\"yuzo__text--title\" style=\"font-size:13px;\">Mega-Sena 2984: confira resultado sorteio de 14 de...<\/span>\n\t\t\t\t\t\t\t  \n\t\t\t\t\t\t\t  \n\t\t\t\t\t\t\t  <\/a>\n\n\t\t\t\t\t\t  <\/div>\n\t\t\t\t\t\t  <div class=\"relatedthumb \" style=\"width:125px;float:left;overflow:hidden;\">  \n\t\t\t\t\t\t\t  \n\t\t\t\t\t\t\t  <a  href=\"https:\/\/sul21.com.br\/noticias\/politica\/2025\/08\/pf-diz-que-bolsonaro-burlou-proibicao-do-stf-e-encaminhou-300-videos-pelo-whatsapp\/\"  >\n\t\t\t\t\t\t\t\t\t  <div class=\"yuzo-img-wrap \" style=\"width: 125px;height:90px;\">\n\t\t\t\t\t\t\t\t\t\t\n\t\t\t\t\t\t\t\t\t\t<div class=\"yuzo-img\" style=\"background:url('https:\/\/agenciabrasil.ebc.com.br\/ebc.png?id=1655327&amp;o=node') 50% 50% no-repeat;width: 125px;height:90px;margin-bottom: 5px;background-size: cover; \"><\/div>\n\t\t\t\t\t\t\t\t\t  <\/div>\n\t\t\t\t\t\t\t\t\t  \n\t\t\t\t\t\t\t\t   <span class=\"yuzo__text--title\" style=\"font-size:13px;\">PF diz que Bolsonaro burlou proibi\u00e7\u00e3o do STF e enc...<\/span>\n\t\t\t\t\t\t\t  \n\t\t\t\t\t\t\t  \n\t\t\t\t\t\t\t  <\/a>\n\n\t\t\t\t\t\t  <\/div>\n<\/div> <script>\n\t\t\t\t\t\t  jQuery(document).ready(function( $ ){\n\t\t\t\t\t\t\t\/\/jQuery('.yuzo_related_post').equalizer({ overflow : 'relatedthumb' });\n\t\t\t\t\t\t\tjQuery('.yuzo_related_post .yuzo_wraps').equalizer({ columns : '> div' });\n\t\t\t\t\t\t   })\n\t\t\t\t\t\t  <\/script> <!-- End Yuzo :) -->","protected":false},"excerpt":{"rendered":"<p>Para quem sonhava com uma carta de apresenta\u00e7\u00e3o aos bolsonaristas do \u201cpadrinho\u201d, os ratos que se lan\u00e7aram candidatos a substitutos de Bolsonaro num claro enterro vivo do monumento fascista, o tro\u00e7o deu errado. Talhou! Bolsonaro chamou seu pitbull preferido, Carluxo, para usar sua mand\u00edbula nas redes e ir direto na jugular dos governadores bolsonaristas que [\u2026]<\/p>\n<p>The post <a href=\"https:\/\/antropofagista.com.br\/2025\/08\/18\/bolsonaro-foi-quem-cochichou-no-ouvido-de-carluxo-o-ataque-aos-ratos-bolsonaristas\/\">Bolsonaro foi quem cochichou no ouvido de Carluxo o ataque aos ratos bolsonaristas<\/a> first appeared on <a href=\"https:\/\/antropofagista.com.br\/\">Antropofagista<\/a>.<\/p>\n","protected":false},"author":2,"featured_media":0,"comment_status":"open","ping_status":"closed","sticky":false,"template":"","format":"standard","meta":{"fifu_image_url":"","fifu_image_alt":"","footnotes":""},"categories":[1390,8527,15067,132,12156],"tags":[],"class_list":["post-45651","post","type-post","status-publish","format-standard","hentry","category-bolsonaro","category-carluxo","category-fascista","category-politica","category-ratos"],"_links":{"self":[{"href":"https:\/\/redept.com.br\/blogosfera\/wp-json\/wp\/v2\/posts\/45651","targetHints":{"allow":["GET"]}}],"collection":[{"href":"https:\/\/redept.com.br\/blogosfera\/wp-json\/wp\/v2\/posts"}],"about":[{"href":"https:\/\/redept.com.br\/blogosfera\/wp-json\/wp\/v2\/types\/post"}],"author":[{"embeddable":true,"href":"https:\/\/redept.com.br\/blogosfera\/wp-json\/wp\/v2\/users\/2"}],"replies":[{"embeddable":true,"href":"https:\/\/redept.com.br\/blogosfera\/wp-json\/wp\/v2\/comments?post=45651"}],"version-history":[{"count":0,"href":"https:\/\/redept.com.br\/blogosfera\/wp-json\/wp\/v2\/posts\/45651\/revisions"}],"wp:attachment":[{"href":"https:\/\/redept.com.br\/blogosfera\/wp-json\/wp\/v2\/media?parent=45651"}],"wp:term":[{"taxonomy":"category","embeddable":true,"href":"https:\/\/redept.com.br\/blogosfera\/wp-json\/wp\/v2\/categories?post=45651"},{"taxonomy":"post_tag","embeddable":true,"href":"https:\/\/redept.com.br\/blogosfera\/wp-json\/wp\/v2\/tags?post=45651"}],"curies":[{"name":"wp","href":"https:\/\/api.w.org\/{rel}","templated":true}]}}