{"id":45670,"date":"2025-08-19T07:00:00","date_gmt":"2025-08-19T10:00:00","guid":{"rendered":"https:\/\/redept.org\/blogosfera\/comite-para-criacao-do-instituto-nacional-do-cerrado-sera-lancado-nesta-quarta-20\/"},"modified":"2025-08-19T07:00:00","modified_gmt":"2025-08-19T10:00:00","slug":"comite-para-criacao-do-instituto-nacional-do-cerrado-sera-lancado-nesta-quarta-20","status":"publish","type":"post","link":"https:\/\/redept.com.br\/blogosfera\/comite-para-criacao-do-instituto-nacional-do-cerrado-sera-lancado-nesta-quarta-20\/","title":{"rendered":"Comit\u00ea para cria\u00e7\u00e3o do Instituto Nacional do Cerrado ser\u00e1 lan\u00e7ado nesta quarta (20)"},"content":{"rendered":"<p>Considerado a \u201ccaixa d\u2019\u00e1gua do Brasil\u201d, o <a href=\"https:\/\/www.brasildefato.com.br\/colunista\/rede-de-sementes-do-cerrado-rsc\/2025\/07\/23\/o-colapso-silencioso-do-cerrado-os-rios-secam-e-as-consequencias-transbordam\/\">Cerrado<\/a> \u00e9 tamb\u00e9m um dos biomas mais amea\u00e7ados do pa\u00eds e enfrenta desmatamento acelerado, expans\u00e3o do agroneg\u00f3cio, queimadas e fragmenta\u00e7\u00e3o de ecossistemas, al\u00e9m de aumento da temperatura e chuvas cada vez mais irregulares. <\/p>\n<p>Com o objetivo de <a href=\"https:\/\/www.brasildefato.com.br\/2024\/07\/16\/ampliar-governanca-federal-sobre-o-cerrado-e-chave-para-o-combate-as-mudancas-climaticas\/\">refor\u00e7ar a prote\u00e7\u00e3o ao bioma<\/a>, ser\u00e1 criado nesta quarta-feira (20), o Comit\u00ea Pr\u00f3-Instituto Nacional do Cerrado. O lan\u00e7amento ocorrer\u00e1 \u00e0s 11h, no Centro de Apoio ao Desenvolvimento Tecnol\u00f3gico (CDT\/UnB).<\/p>\n<p>A iniciativa re\u00fane universidades federais, estaduais, municipais, comunit\u00e1rias e institutos federais presentes na \u00e1rea de abrang\u00eancia do bioma. Na avalia\u00e7\u00e3o da reitora da UnB, Rozana Reigota Naves, o Instituto Nacional do Cerrado \u00e9 mais do que um centro de excel\u00eancia para pesquisa, inova\u00e7\u00e3o e monitoramento ambiental: \u00e9 uma estrat\u00e9gia de soberania.<\/p>\n<p>\u201cPreservar o Cerrado significa garantir a seguran\u00e7a h\u00eddrica, alimentar e clim\u00e1tica do Brasil, al\u00e9m de proteger comunidades tradicionais e um patrim\u00f4nio natural \u00fanico no mundo\u201d ressaltou Naves.<\/p>\n<p>Entre as principais metas do Comit\u00ea est\u00e3o: captar recursos e ampliar redes de coopera\u00e7\u00e3o em \u00e2mbito nacional e internacional; criar o Instituto Nacional do Cerrado, vinculado ao Minist\u00e9rio da Ci\u00eancia, Tecnologia e Inova\u00e7\u00e3o (MCTI), como refer\u00eancia em pesquisa, inova\u00e7\u00e3o e monitoramento ambiental; integrar universidades, centros de pesquisa, setor produtivo e sociedade civil para desenvolver tecnologias e solu\u00e7\u00f5es sustent\u00e1veis adaptadas ao bioma; e fortalecer a bioeconomia e a economia circular, promovendo redu\u00e7\u00e3o de desigualdades regionais e seguran\u00e7a alimentar.<\/p>\n<p>O lan\u00e7amento ocorre em momento estrat\u00e9gico, j\u00e1 que o Brasil se prepara para sediar, em 2025, a COP 30 em Bel\u00e9m (PA).<\/p>\n<p>\u201cAo sediar o lan\u00e7amento do comit\u00ea, a Universidade de Bras\u00edlia reafirma seu compromisso hist\u00f3rico com a produ\u00e7\u00e3o de conhecimento voltado ao desenvolvimento sustent\u00e1vel, \u00e0 justi\u00e7a socioambiental e \u00e0 defesa do patrim\u00f4nio nacional\u201d, destacou a reitora.<\/p>\n<h4>Servi\u00e7o<\/h4>\n<p>Lan\u00e7amento do Comit\u00ea Pr\u00f3-Instituto Nacional do Cerrado<\/p>\n<p>Quarta-feira (20), \u00e0s 11h<\/p>\n<p>Centro de Apoio ao Desenvolvimento Tecnol\u00f3gico da Universidade de Bras\u00edlia (CDT\/UnB)<\/p>\n<p>::\u00a0<a href=\"https:\/\/chat.whatsapp.com\/Hyjleok1c8B7dzcdujTC6E\" target=\"_blank\" rel=\"noreferrer noopener\">Receba not\u00edcias do DF no seu Whatsapp<\/a>\u00a0::<\/p>\n<p>O post <a href=\"https:\/\/www.brasildefato.com.br\/2025\/08\/19\/comite-para-criacao-do-instituto-nacional-do-cerrado-sera-lancado-nesta-quarta-20\/\">Comit\u00ea para cria\u00e7\u00e3o do Instituto Nacional do Cerrado ser\u00e1 lan\u00e7ado nesta quarta (20)<\/a> apareceu primeiro em <a href=\"https:\/\/www.brasildefato.com.br\/\">Brasil de Fato<\/a>.<\/p>\n<!-- Begin Yuzo --><div class='yuzo_related_post style-1'  data-version='5.12.89'><!-- without result --><div class='yuzo_clearfixed yuzo__title yuzo__title'><h3>Related Post<\/h3><\/div>\n\t\t\t\t\t\t  <div class=\"relatedthumb \" style=\"width:125px;float:left;overflow:hidden;\">  \n\t\t\t\t\t\t\t  \n\t\t\t\t\t\t\t  <a  href=\"https:\/\/redept.com.br\/blogosfera\/apoiadora-de-bolsonaro-neta-de-ministro-nazista-perde-para-a-esquerda-na-alemanha\/\"  >\n\t\t\t\t\t\t\t\t\t  <div class=\"yuzo-img-wrap \" style=\"width: 125px;height:90px;\">\n\t\t\t\t\t\t\t\t\t\t\n\t\t\t\t\t\t\t\t\t\t<div class=\"yuzo-img\" style=\"background:url('https:\/\/redept.com.br\/blogosfera\/wp-content\/uploads\/2025\/02\/Captura-de-Tela-2025-02-24-as-16.18.36-150x150.png') 50% 50% no-repeat;width: 125px;height:90px;margin-bottom: 5px;background-size: cover; \"><\/div>\n\t\t\t\t\t\t\t\t\t  <\/div>\n\t\t\t\t\t\t\t\t\t  \n\t\t\t\t\t\t\t\t   <span class=\"yuzo__text--title\" style=\"font-size:13px;\">Apoiadora de Bolsonaro, neta de ministro nazista p...<\/span>\n\t\t\t\t\t\t\t  \n\t\t\t\t\t\t\t  \n\t\t\t\t\t\t\t  <\/a>\n\n\t\t\t\t\t\t  <\/div>\n\t\t\t\t\t\t  <div class=\"relatedthumb \" style=\"width:125px;float:left;overflow:hidden;\">  \n\t\t\t\t\t\t\t  \n\t\t\t\t\t\t\t  <a  href=\"https:\/\/redept.com.br\/blogosfera\/risco-de-fuga-deputados-do-pt-pedem-a-pgr-que-bolsonaro-use-tornozeleira-eletronica\/\"  >\n\t\t\t\t\t\t\t\t\t  <div class=\"yuzo-img-wrap \" style=\"width: 125px;height:90px;\">\n\t\t\t\t\t\t\t\t\t\t\n\t\t\t\t\t\t\t\t\t\t<div class=\"yuzo-img\" style=\"background:url('https:\/\/redept.com.br\/blogosfera\/wp-content\/uploads\/2025\/03\/WhatsApp-Image-2025-02-12-at-16.50.00-350x250-1-150x150.jpeg') 50% 50% no-repeat;width: 125px;height:90px;margin-bottom: 5px;background-size: cover; \"><\/div>\n\t\t\t\t\t\t\t\t\t  <\/div>\n\t\t\t\t\t\t\t\t\t  \n\t\t\t\t\t\t\t\t   <span class=\"yuzo__text--title\" style=\"font-size:13px;\">Risco de fuga: Deputados do PT pedem \u00e0 PGR que Bol...<\/span>\n\t\t\t\t\t\t\t  \n\t\t\t\t\t\t\t  \n\t\t\t\t\t\t\t  <\/a>\n\n\t\t\t\t\t\t  <\/div>\n\t\t\t\t\t\t  <div class=\"relatedthumb \" style=\"width:125px;float:left;overflow:hidden;\">  \n\t\t\t\t\t\t\t  \n\t\t\t\t\t\t\t  <a  href=\"https:\/\/redept.com.br\/blogosfera\/governo-lula-tem-quase-100-dos-estados-favoraveis-ao-novo-icms-do-diesel\/\"  >\n\t\t\t\t\t\t\t\t\t  <div class=\"yuzo-img-wrap \" style=\"width: 125px;height:90px;\">\n\t\t\t\t\t\t\t\t\t\t\n\t\t\t\t\t\t\t\t\t\t<div class=\"yuzo-img\" style=\"background:url('https:\/\/redept.com.br\/blogosfera\/wp-content\/uploads\/2026\/03\/diesel-150x150.jpg') 50% 50% no-repeat;width: 125px;height:90px;margin-bottom: 5px;background-size: cover; \"><\/div>\n\t\t\t\t\t\t\t\t\t  <\/div>\n\t\t\t\t\t\t\t\t\t  \n\t\t\t\t\t\t\t\t   <span class=\"yuzo__text--title\" style=\"font-size:13px;\">Governo Lula tem quase 100% dos estados favor\u00e1veis...<\/span>\n\t\t\t\t\t\t\t  \n\t\t\t\t\t\t\t  \n\t\t\t\t\t\t\t  <\/a>\n\n\t\t\t\t\t\t  <\/div>\n\t\t\t\t\t\t  <div class=\"relatedthumb \" style=\"width:125px;float:left;overflow:hidden;\">  \n\t\t\t\t\t\t\t  \n\t\t\t\t\t\t\t  <a  href=\"https:\/\/redept.com.br\/blogosfera\/israel-tenta-interromper-envio-de-armas-russas-ao-ira-pelo-mar-caspio\/\"  >\n\t\t\t\t\t\t\t\t\t  <div class=\"yuzo-img-wrap \" style=\"width: 125px;height:90px;\">\n\t\t\t\t\t\t\t\t\t\t\n\t\t\t\t\t\t\t\t\t\t<div class=\"yuzo-img\" style=\"background:url('https:\/\/redept.com.br\/blogosfera\/wp-content\/uploads\/2026\/03\/mar-caspio-647598886-1000x667-1-150x150.jpg') 50% 50% no-repeat;width: 125px;height:90px;margin-bottom: 5px;background-size: cover; \"><\/div>\n\t\t\t\t\t\t\t\t\t  <\/div>\n\t\t\t\t\t\t\t\t\t  \n\t\t\t\t\t\t\t\t   <span class=\"yuzo__text--title\" style=\"font-size:13px;\">Israel tenta interromper envio de armas russas ao ...<\/span>\n\t\t\t\t\t\t\t  \n\t\t\t\t\t\t\t  \n\t\t\t\t\t\t\t  <\/a>\n\n\t\t\t\t\t\t  <\/div>\n<\/div> <script>\n\t\t\t\t\t\t  jQuery(document).ready(function( $ ){\n\t\t\t\t\t\t\t\/\/jQuery('.yuzo_related_post').equalizer({ overflow : 'relatedthumb' });\n\t\t\t\t\t\t\tjQuery('.yuzo_related_post .yuzo_wraps').equalizer({ columns : '> div' });\n\t\t\t\t\t\t   })\n\t\t\t\t\t\t  <\/script> <!-- End Yuzo :) -->","protected":false},"excerpt":{"rendered":"<p>Considerado a \u201ccaixa d\u2019\u00e1gua do Brasil\u201d, o Cerrado \u00e9 tamb\u00e9m um dos biomas mais amea\u00e7ados do pa\u00eds e enfrenta desmatamento acelerado, expans\u00e3o do agroneg\u00f3cio, queimadas e fragmenta\u00e7\u00e3o de ecossistemas, al\u00e9m de aumento da temperatura e chuvas cada vez mais irregulares. Com o objetivo de refor\u00e7ar a prote\u00e7\u00e3o ao bioma, ser\u00e1 criado nesta quarta-feira (20), o [&hellip;]<\/p>\n","protected":false},"author":2,"featured_media":0,"comment_status":"open","ping_status":"closed","sticky":false,"template":"","format":"standard","meta":{"fifu_image_url":"","fifu_image_alt":"","footnotes":""},"categories":[234,4711,1209],"tags":[],"class_list":["post-45670","post","type-post","status-publish","format-standard","hentry","category-distrito-federal","category-socioambiental","category-unb"],"_links":{"self":[{"href":"https:\/\/redept.com.br\/blogosfera\/wp-json\/wp\/v2\/posts\/45670","targetHints":{"allow":["GET"]}}],"collection":[{"href":"https:\/\/redept.com.br\/blogosfera\/wp-json\/wp\/v2\/posts"}],"about":[{"href":"https:\/\/redept.com.br\/blogosfera\/wp-json\/wp\/v2\/types\/post"}],"author":[{"embeddable":true,"href":"https:\/\/redept.com.br\/blogosfera\/wp-json\/wp\/v2\/users\/2"}],"replies":[{"embeddable":true,"href":"https:\/\/redept.com.br\/blogosfera\/wp-json\/wp\/v2\/comments?post=45670"}],"version-history":[{"count":0,"href":"https:\/\/redept.com.br\/blogosfera\/wp-json\/wp\/v2\/posts\/45670\/revisions"}],"wp:attachment":[{"href":"https:\/\/redept.com.br\/blogosfera\/wp-json\/wp\/v2\/media?parent=45670"}],"wp:term":[{"taxonomy":"category","embeddable":true,"href":"https:\/\/redept.com.br\/blogosfera\/wp-json\/wp\/v2\/categories?post=45670"},{"taxonomy":"post_tag","embeddable":true,"href":"https:\/\/redept.com.br\/blogosfera\/wp-json\/wp\/v2\/tags?post=45670"}],"curies":[{"name":"wp","href":"https:\/\/api.w.org\/{rel}","templated":true}]}}