{"id":45937,"date":"2025-08-19T16:14:17","date_gmt":"2025-08-19T19:14:17","guid":{"rendered":"https:\/\/redept.org\/blogosfera\/a-quem-interessa-a-reforma-administrativa\/"},"modified":"2025-08-19T16:14:17","modified_gmt":"2025-08-19T19:14:17","slug":"a-quem-interessa-a-reforma-administrativa","status":"publish","type":"post","link":"https:\/\/redept.com.br\/blogosfera\/a-quem-interessa-a-reforma-administrativa\/","title":{"rendered":"A quem interessa a \u201cReforma\u201d Administrativa?"},"content":{"rendered":"<figure><img loading=\"lazy\" loading=\"lazy\" decoding=\"async\" width=\"790\" height=\"428\"src=\"https:\/\/redept.org\/blogosfera\/wp-content\/uploads\/2025\/08\/fonasefe26122021mini.png\" alt=\"\" srcset=\"https:\/\/redept.org\/blogosfera\/wp-content\/uploads\/2025\/08\/fonasefe26122021mini.png 790w, https:\/\/outraspalavras.net\/wp-content\/uploads\/2025\/08\/fonasefe26122021mini-300x163.png 300w, https:\/\/outraspalavras.net\/wp-content\/uploads\/2025\/08\/fonasefe26122021mini-768x416.png 768w\" sizes=\"auto, (max-width: 790px) 100vw, 790px\"><\/figure>\n<div>\n<div>\n<div>\n<div>\n<div>\n<div>\n<div>\n<h4>Boletim Outras Palavras<\/h4>\n<p>Receba por email, diariamente, todas as publica\u00e7\u00f5es do site<\/p>\n<\/p><\/div>\n<div>\n<div>\n<div>\n<div>\n<div><\/div>\n<\/p><\/div>\n<\/p><\/div>\n<div>\n                <button type=\"submit\">Assinar<\/button><br \/>\n                <button disabled type=\"button\"> <\/p>\n<div><\/div>\n<p> <span>Loading&#8230;<\/span> <\/button>\n              <\/div>\n<\/p><\/div>\n<\/p><\/div>\n<div>\n            <button type=\"submit\">Assinar<\/button><br \/>\n            <button disabled type=\"button\"> <\/p>\n<div><\/div>\n<p> <span>Loading&#8230;<\/span> <\/button>\n          <\/div>\n<\/p><\/div>\n<div>\n<div>\n<h4>Agradecemos!<\/h4>\n<p>Voc\u00ea j\u00e1 est\u00e1 inscrito e come\u00e7ar\u00e1 a receber os boletins em breve. Boa leitura!<\/p>\n<\/p><\/div>\n<\/p><\/div>\n<\/p><\/div>\n<\/p><\/div>\n<\/div>\n<\/div>\n<\/div>\n<p>Ela surge e ressurge com frequ\u00eancia. Tal qual a f\u00eanix da mitologia grega, mesmo n\u00e3o chegando a morrer e virar cinzas. Quando n\u00e3o mais se esperava, olha ela ai de novo, a proposta de Reforma Administrativa do servi\u00e7o p\u00fablico. Em geral embrulhada em argumentos que \u201cado\u00e7am a boca\u201d da sociedade, ou seja, em prol da maior efici\u00eancia do setor p\u00fablico e da redu\u00e7\u00e3o dos desperd\u00edcios e da \u201cgastan\u00e7a\u201d. Argumentos que de t\u00e3o repetidos terminam ecoando e sendo aceitos como verdade. Al\u00e7am assim a tal \u201cReforma\u201d ao n\u00edvel de necess\u00e1ria e imprescind\u00edvel, ou quase.<\/p>\n<p>Diante de tais \u201cverdades\u201d, cabe examinar com um pouco de cuidado se h\u00e1 mesmo necessidade e prem\u00eancia de reformar a constitui\u00e7\u00e3o para acomodar as propostas de mudan\u00e7as na esfera administrativa do setor p\u00fablico.<\/p>\n<p>Antes de especular sobre os dados dos gastos p\u00fablicos com os servidores, cabe tentar entender os contornos gerais onde a proposta de reforma administrativa se insere. E ai se destaca outra cantilena repetida <em>ad nauseam<\/em>: a pretensa necessidade de ajuste fiscal. \u00c9 nesse preceito do neoliberalismo que as quest\u00f5es ligadas ao Estado se enquadram. Ou seja, a ideia \u00e9 que o Estado deve cortar gastos em todas as inst\u00e2ncias poss\u00edveis, inclusive na presta\u00e7\u00e3o de servi\u00e7os p\u00fablicos. Entende-se que o Estado deve encolher ao n\u00edvel m\u00ednimo e deixar o mercado fluir e ocupar todos os espa\u00e7os poss\u00edveis. Com isso os capitalistas ficam, no limite, livres de amarras regulat\u00f3rias e da concorr\u00eancia do Estado na presta\u00e7\u00e3o de servi\u00e7os de sa\u00fade, educa\u00e7\u00e3o, infraestrutura etc. Excetuam-se as atividades de administra\u00e7\u00e3o da justi\u00e7a, que garante a propriedade privada, e com isso mant\u00e9m-se a base da sociedade capitalista.<\/p>\n<div>\n<div><img loading=\"lazy\" loading=\"lazy\" decoding=\"async\"src=\"https:\/\/redept.org\/blogosfera\/wp-content\/uploads\/2025\/08\/MATERIA-3-7.png\" alt=\"\" srcset=\"https:\/\/redept.org\/blogosfera\/wp-content\/uploads\/2025\/08\/MATERIA-3-7.png 681w, https:\/\/outraspalavras.net\/wp-content\/uploads\/2023\/03\/MATERIA-3-300x75.png 300w\" sizes=\"auto, (max-width: 681px) 100vw, 681px\" width=\"681\" height=\"171\"><\/div>\n<\/div>\n<p>O ajuste fiscal \u00e9 ent\u00e3o a pe\u00e7a chave dos que professam o neoliberalismo e isso tem tamb\u00e9m um outro contexto. O ajuste fiscal, ou seja, o equil\u00edbrio do or\u00e7amento p\u00fablico, pode ser feito com o aumento da receita fiscal, com o corte de gastos ou fazendo as duas coisas. S\u00f3 que o alvo preferido, quase \u00fanico, dos capitalistas rentistas \u00e9 o corte de gastos. Por n\u00e3o aceitar a via do aumento de receitas, difunde-se a ideia, no m\u00ednimo discut\u00edvel, de que a carga tribut\u00e1ria est\u00e1 \u201cinsuportavelmente no limite\u201d. Assim, aumentar a arrecada\u00e7\u00e3o de impostos para ajustar o or\u00e7amento seria uma via descart\u00e1vel.<\/p>\n<p>Ser\u00e1 mesmo excessiva a nossa carga tribut\u00e1ria? Vale aqui recorrer aos dados oficiais da arrecada\u00e7\u00e3o de impostos no Brasil. De acordo com o Minist\u00e9rio da Fazenda:<\/p>\n<p>\u201cEm 2024, a carga tribut\u00e1ria bruta (CTB) do Governo Geral (governo central, governos estaduais e municipais) foi de 32,32% do PIB, o que representa um aumento de 2,06 p.p. do PIB em rela\u00e7\u00e3o a 2023. Os dados est\u00e3o no\u00a0Boletim de Estimativa da Carga Tribut\u00e1ria Bruta do Governo Geral de 2024, publicado nesta sexta-feira (28\/3) pelo Tesouro Nacional.\u201d<\/p>\n<p>Essa carga foi apropriada, de forma mais ou menos est\u00e1vel desde 2010, entre a Uni\u00e3o (21,4%), Estados (8,5%) e Munic\u00edpios (2,4%), sendo que ao longo de cada ano uma parte significativa da fatia da Uni\u00e3o \u00e9 transferida aos demais entes federados. Em 2022, de acordo com a mesma fonte, a carga total foi de 31% do PIB, portanto apenas pouco mais de 1% do PIB a menos. O fato \u00e9 que os dados do Tesouro Nacional desde 2010 mostram pequenas varia\u00e7\u00f5es em torno disso.<\/p>\n<p>Esse patamar de carga \u00e9 excessivo? Tendo em conta a m\u00e9dia de carga tribut\u00e1ria dos pa\u00edses da OCDE, a do Brasil est\u00e1 abaixo dos 34,3% em m\u00e9dia que l\u00e1 \u00e9 praticada. Caso o padr\u00e3o de compara\u00e7\u00e3o seja a Su\u00e9cia, por exemplo, est\u00e1 muito abaixo dos 43% por l\u00e1 cobrado da popula\u00e7\u00e3o em impostos e taxas. Portanto, nada extraordin\u00e1rio o que nos \u00e9 arrecadado no Brasil e at\u00e9 teria espa\u00e7o para um pouco mais, ou seja, chegar \u00e0 m\u00e9dia de 34,3% dos pa\u00edses da OCDE, por exemplo.<\/p>\n<p>O discurso da classe dominante e de seus representantes no Congresso e na grande m\u00eddia \u00e9 o mantra do \u201cningu\u00e9m aguenta mais imposto\u201d nem a \u201cgastan\u00e7a\u201d do Estado. E argumentam com o discurso chinfrim de que n\u00e3o se pode gastar mais do que se ganha, como se o Estado se adequasse a um or\u00e7amento familiar. E sacam de pronto a tal par\u00e1bola da dona de casa, sempre dispon\u00edvel para dar suporte ao clamor pelo equil\u00edbrio fiscal. Propositalmente, ou n\u00e3o, esquecem, ou n\u00e3o querem admitir, que o Estado tem mais amplitude e mais flexibilidade para arrecadar. Ele pode, por exemplo, emitir t\u00edtulos da d\u00edvida p\u00fablica e tomar empr\u00e9stimos com alguma facilidade; pode emitir moeda e pagar suas d\u00edvidas, sem necessariamente causar infla\u00e7\u00e3o, al\u00e9m de se beneficiar dos efeitos positivos dos gastos p\u00fablicos sobre o crescimento econ\u00f4mico, que geram aumento de receita de impostos.<\/p>\n<p>Assim, ao contr\u00e1rio do que \u00e9 dito e redito na m\u00eddia, gasto p\u00fablico n\u00e3o \u00e9 necessariamente \u201cgastan\u00e7a\u201d e pode contribuir para o crescimento econ\u00f4mico e melhoria o emprego, da renda e dos sal\u00e1rios. Na verdade, o af\u00e3 pelo equil\u00edbrio fiscal \u00e9 coisa que interessa muito de perto aos rentistas, que se sentem mais seguros com o equil\u00edbrio fiscal, preferencialmente com super\u00e1vit prim\u00e1rio, e com uma trajet\u00f3ria mais contida da d\u00edvida p\u00fablica, tendo tamb\u00e9m um contexto ideol\u00f3gico de enxugar o papel do Estado. Ao que se sabe, os tais rentistas n\u00e3o cobram conten\u00e7\u00e3o da taxa Selic pelo Banco Central, mesmo que seu patamar obsceno implique em aumento da d\u00edvida, cujo custo ultrapassa metade dos gastos p\u00fablicos no Brasil e atinge quase R$ 1,0 trilh\u00e3o por ano. Curioso que logo esse custo t\u00e3o elevado seja t\u00e3o esquecido. Pois \u00e9, o fiscalismo t\u00e3o austero \u00e9 tamb\u00e9m caolho ao s\u00f3 enxergar os gastos prim\u00e1rios. Dai se pode concluir que a condena\u00e7\u00e3o a gastos p\u00fablicos depende de onde se gasta, j\u00e1 que as despesas com juros n\u00e3o sofrem o olhar inquisidor e austero do mercado financeiro e dos rentistas. Caso a taxa Selic e a meta de infla\u00e7\u00e3o estivessem em patamares mais realistas, a trajet\u00f3ria da expans\u00e3o da d\u00edvida p\u00fablica seria bem mais suave, pois a conta com juros seria menor.<\/p>\n<div>\n<div><\/div>\n<\/div>\n<p>Um outro aspecto a considerar \u00e9 o valor dos gastos com os servidores p\u00fablicos, apontados como excessivos e pouco \u00fateis, dada a alegada inefici\u00eancia do Estado e de seus servidores (em geral descritos como \u201cparasitas matando o hospedeiro\u201d). Aqui tamb\u00e9m h\u00e1 muito o que observar. Em 2018, conforme a Profa. Laura Carvalho em seu livro Curto Circuito, metade dos servidores ganhava menos de R$ 2,7 mil e apenas 3% do total de servidores ganhava acima de 20 s.m. Pouco deve ter mudando desde ent\u00e3o em termos reais e assim tratar servidores p\u00fablicos como privilegiados de forma generalizada \u00e9 at\u00e9 perverso. No m\u00ednimo um equ\u00edvoco.<\/p>\n<p>Na verdade, os gastos com pessoal no Brasil apresentam em propor\u00e7\u00e3o do PIB uma leve tend\u00eancia decrescente, passando de 2,6% em 2002 para 1,79% do PIB em 2024, segundo o Atlas do Estado Brasileiro do IPEA. Em 2024, os gastos com pessoal da Uni\u00e3o representaram 23% da Receita Corrente L\u00edquida, bem abaixo do limite de 37% indicados na Lei de Responsabilidade Fiscal. Ademais, a participa\u00e7\u00e3o do total de servidores na for\u00e7a de trabalho no Brasil, de acordo com a plataforma de estat\u00edsticas da Organiza\u00e7\u00e3o Internacional do Trabalho (OIT ILOSTAT), \u00e9 de 12,3%, bem abaixo da m\u00e9dia dos pa\u00edses da OCDE, que chega a 23,5%. Diante desses dados fica dif\u00edcil endossar o discurso da \u201cgastan\u00e7a\u201d e do desperd\u00edcio de recursos com o pretenso excesso de pessoal e elevada remunera\u00e7\u00e3o no servi\u00e7o p\u00fablico.<\/p>\n<p>Dito isso, cabe ent\u00e3o a pergunta: est\u00e1 tudo muito bem ajustado e funcionando no quesito servi\u00e7o p\u00fablico no Brasil? N\u00e3o podemos dizer peremptoriamente que sim, embora o quadro n\u00e3o seja ca\u00f3tico. Sempre h\u00e1 coisas a melhorar e a corrigir. Algumas delas j\u00e1 est\u00e3o inclusive sendo implantadas pelo Minist\u00e9rio da Gest\u00e3o e Inova\u00e7\u00e3o desde 2023.<\/p>\n<p>De uma maneira geral as distor\u00e7\u00f5es afloram ao se comparar a situa\u00e7\u00e3o dos servidores nos tr\u00eas poderes. A dist\u00e2ncia do quadro salarial entre o Judici\u00e1rio e o Executivo \u00e9 uma delas. Segundo o estudo \u201cUma an\u00e1lise multidimensional da burocracia p\u00fablica brasileira em duas d\u00e9cadas (1995-2016)\u201d, com dados do Atlas do Estado Brasileiro: \u201cOs servidores do Executivo federal receberam, em m\u00e9dia, 50% das remunera\u00e7\u00f5es do Judici\u00e1rio federal entre 2007 e 2016: R$ 8 mil contra R$ 16 mil, respectivamente. J\u00e1 no Legislativo federal, os sal\u00e1rios no per\u00edodo foram equivalentes a 90% da remunera\u00e7\u00e3o do Judici\u00e1rio, em torno de R$ 14,3 mil.\u201d Nessa m\u00e9dia bem mais elevada do judici\u00e1rio est\u00e3o embutidos tamb\u00e9m os chamados \u201csupersal\u00e1rios\u201d de alguns servidores, notadamente no judici\u00e1rio dos Estados, que conseguem se manter recebendo os chamados \u201cpenduricalhos\u201d e sal\u00e1rios muito superiores ao teto constitucional.<\/p>\n<p>Outro aspecto merecedor de corre\u00e7\u00f5es \u00e9 a velocidade para a obten\u00e7\u00e3o de promo\u00e7\u00f5es, que faz com que o servidor atinja o topo da carreira bem antes da idade de aposentadoria, o que impacta sobre a folha salarial e sobre o est\u00edmulo \u00e0 presta\u00e7\u00e3o de bons servi\u00e7os. Mudan\u00e7as nesse quesito s\u00e3o bem vindas e os mecanismos de promo\u00e7\u00e3o deveriam estimular a maior efici\u00eancia do servidor, mesmo sendo esse um ponto um tanto complexo. H\u00e1 aqui tamb\u00e9m que corrigir a leni\u00eancia com aqueles servidores que se estribam na estabilidade e n\u00e3o cumprem suas tarefas com o compromisso m\u00ednimo desej\u00e1vel, contando com a complac\u00eancia de administradores e com o longo caminho para o desligamento \u201ca bem do servi\u00e7o p\u00fablico\u201d, quando \u00e9 o caso. Aqui, por\u00e9m, h\u00e1 que se ter cuidado com a generaliza\u00e7\u00e3o, que leva ao discurso do servi\u00e7o p\u00fablico ineficiente, lento e descompromissado com as demandas da sociedade.<\/p>\n<p>Assim, j\u00e1 que o quadro exposto n\u00e3o justifica tanta preocupa\u00e7\u00e3o, o que motiva o \u201crenascimento\u201d frequente da proposta de reforma administrativa? O que pode estar por tr\u00e1s das reiteradas tentativas de reformar o servi\u00e7o p\u00fablico? Dois pontos principais a\u00ed se destacam, al\u00e9m do objetivo de reduzir os gastos do Estado. S\u00e3o eles: o acesso via concurso p\u00fablico e a estabilidade no emprego. Por tr\u00e1s disso, por sua vez, os interesses clientelistas de ampliar os cargos comissionados, sem concurso, e de promover contrata\u00e7\u00f5es sem estabilidade que permitiriam a demiss\u00e3o e a contrata\u00e7\u00e3o de pessoas alinhadas com interesses pol\u00edticos.<\/p>\n<p>Pelo que j\u00e1 foi divulgado, o Grupo de Trabalho (GT) criado no Congresso para elaborar uma nova sugest\u00e3o de Reforma Administrativa prepara o ataque \u00e0 estabilidade e \u00e0 entrada via concurso p\u00fablico, atrav\u00e9s de propostas de mudan\u00e7a que deixariam a estabilidade sujeita \u00e0 revis\u00e3o ou reavalia\u00e7\u00e3o ap\u00f3s certo per\u00edodo. Tamb\u00e9m est\u00e1 na pauta do GT a contrata\u00e7\u00e3o tempor\u00e1ria de servidores por at\u00e9 dez anos. Isso \u00e9 a porta de entrada para fragilizar o servidor, deixando-o \u00e0 merc\u00ea do seu superior, seja ele servidor ou ocupante de cargo eletivo. Por sua vez, a entrada no servi\u00e7o p\u00fablico via processos seletivos simplificados restringe o alcance da sele\u00e7\u00e3o e facilita a indica\u00e7\u00e3o de pessoas menos aptas a ocupar os cargos p\u00fablicos. Defender tais expedientes, longe de soprar a favor da efici\u00eancia e de melhores servi\u00e7os, \u00e9 contribuir para a fragiliza\u00e7\u00e3o do retorno \u00e0 sociedade das pol\u00edticas p\u00fablicas e dos servi\u00e7os em geral.<\/p>\n<p>Curioso \u00e9 que os aspectos que merecem mudan\u00e7as, como, por exemplo, os supersal\u00e1rios, os desn\u00edveis de remunera\u00e7\u00e3o entre os tr\u00eas poderes e a aposentadoria precoce dos militares n\u00e3o s\u00e3o mencionados como alvos do GT da Reforma. Diante das propostas divulgadas, que amea\u00e7am o servidor e a qualidade dos servi\u00e7os, h\u00e1 que se ter uma discuss\u00e3o ampla do tema e uma mobiliza\u00e7\u00e3o da sociedade para mudar os rumos propostos. At\u00e9 aqui, a defesa da estabilidade e dos concursos feita pelas entidades representativas de servidores p\u00fablicos tem resistido de diversas formas aos ataques e amea\u00e7as por parte dos interessados em reformas administrativas desse teor. Resta ver se a mobiliza\u00e7\u00e3o e o di\u00e1logo com a sociedade por parte das entidades dos servidores v\u00e3o ser fortes o suficiente para mudar o rumo da prosa proposta, pois, do jeito que est\u00e1 posta, certamente n\u00e3o interessa ao conjunto da popula\u00e7\u00e3o brasileira.<\/p>\n<div>\n<div>\n<p><span><em>Sem publicidade ou patroc\u00ednio, dependemos de voc\u00ea. Fa\u00e7a parte do nosso grupo de apoiadores e ajude a manter nossa voz livre e plural: <strong>apoia.se\/outraspalavras<\/strong><\/em><\/span><\/p>\n<\/div>\n<\/div>\n<p>The post A quem interessa a \u201cReforma\u201d Administrativa? appeared first on Outras Palavras.<\/p>\n<!-- Begin Yuzo --><div class='yuzo_related_post style-1'  data-version='5.12.89'><!-- without result --><div class='yuzo_clearfixed yuzo__title yuzo__title'><h3>Related Post<\/h3><\/div>\n\t\t\t\t\t\t  <div class=\"relatedthumb \" style=\"width:125px;float:left;overflow:hidden;\">  \n\t\t\t\t\t\t\t  \n\t\t\t\t\t\t\t  <a  href=\"https:\/\/redept.com.br\/blogosfera\/os-50-anos-de-resistencia-e-dignidade-da-republica-saaraui-democratica\/\"  >\n\t\t\t\t\t\t\t\t\t  <div class=\"yuzo-img-wrap \" style=\"width: 125px;height:90px;\">\n\t\t\t\t\t\t\t\t\t\t\n\t\t\t\t\t\t\t\t\t\t<div class=\"yuzo-img\" style=\"background:url('https:\/\/redept.com.br\/blogosfera\/wp-content\/uploads\/2026\/02\/o-diplomata-e-escritor-Ahmed-Mulay-Ali-Hamadi-150x150.jpeg') 50% 50% no-repeat;width: 125px;height:90px;margin-bottom: 5px;background-size: cover; \"><\/div>\n\t\t\t\t\t\t\t\t\t  <\/div>\n\t\t\t\t\t\t\t\t\t  \n\t\t\t\t\t\t\t\t   <span class=\"yuzo__text--title\" style=\"font-size:13px;\">Os 50 anos de resist\u00eancia e dignidade da Rep\u00fablica...<\/span>\n\t\t\t\t\t\t\t  \n\t\t\t\t\t\t\t  \n\t\t\t\t\t\t\t  <\/a>\n\n\t\t\t\t\t\t  <\/div>\n\t\t\t\t\t\t  <div class=\"relatedthumb \" style=\"width:125px;float:left;overflow:hidden;\">  \n\t\t\t\t\t\t\t  \n\t\t\t\t\t\t\t  <a  href=\"https:\/\/redept.com.br\/blogosfera\/preso-ha-cinco-meses-por-interromper-barco-de-pesca-de-baleias-ativista-ambiental-e-solto-na-groenlandia\/\"  >\n\t\t\t\t\t\t\t\t\t  <div class=\"yuzo-img-wrap \" style=\"width: 125px;height:90px;\">\n\t\t\t\t\t\t\t\t\t\t\n\t\t\t\t\t\t\t\t\t\t<div class=\"yuzo-img\" style=\"background:url('https:\/\/redept.org\/blogosfera\/wp-content\/plugins\/yuzo-related-post\/assets\/images\/default.png') 50% 50% no-repeat;width: 125px;height:90px;margin-bottom: 5px;background-size: cover; \"><\/div>\n\t\t\t\t\t\t\t\t\t  <\/div>\n\t\t\t\t\t\t\t\t\t  \n\t\t\t\t\t\t\t\t   <span class=\"yuzo__text--title\" style=\"font-size:13px;\">Preso h\u00e1 cinco meses por interromper barco de pesc...<\/span>\n\t\t\t\t\t\t\t  \n\t\t\t\t\t\t\t  \n\t\t\t\t\t\t\t  <\/a>\n\n\t\t\t\t\t\t  <\/div>\n\t\t\t\t\t\t  <div class=\"relatedthumb \" style=\"width:125px;float:left;overflow:hidden;\">  \n\t\t\t\t\t\t\t  \n\t\t\t\t\t\t\t  <a  href=\"https:\/\/redept.com.br\/blogosfera\/no-stf-servidor-diz-que-governo-bolsonaro-tentou-ligar-lula-a-faccao\/\"  >\n\t\t\t\t\t\t\t\t\t  <div class=\"yuzo-img-wrap \" style=\"width: 125px;height:90px;\">\n\t\t\t\t\t\t\t\t\t\t\n\t\t\t\t\t\t\t\t\t\t<div class=\"yuzo-img\" style=\"background:url('https:\/\/redept.org\/blogosfera\/wp-content\/plugins\/yuzo-related-post\/assets\/images\/default.png') 50% 50% no-repeat;width: 125px;height:90px;margin-bottom: 5px;background-size: cover; \"><\/div>\n\t\t\t\t\t\t\t\t\t  <\/div>\n\t\t\t\t\t\t\t\t\t  \n\t\t\t\t\t\t\t\t   <span class=\"yuzo__text--title\" style=\"font-size:13px;\">No STF, servidor diz que governo Bolsonaro tentou ...<\/span>\n\t\t\t\t\t\t\t  \n\t\t\t\t\t\t\t  \n\t\t\t\t\t\t\t  <\/a>\n\n\t\t\t\t\t\t  <\/div>\n\t\t\t\t\t\t  <div class=\"relatedthumb \" style=\"width:125px;float:left;overflow:hidden;\">  \n\t\t\t\t\t\t\t  \n\t\t\t\t\t\t\t  <a  href=\"https:\/\/redept.com.br\/blogosfera\/paulinho-da-forca-afirma-que-isencao-do-ir-esta-condicionada-a-anistia\/\"  >\n\t\t\t\t\t\t\t\t\t  <div class=\"yuzo-img-wrap \" style=\"width: 125px;height:90px;\">\n\t\t\t\t\t\t\t\t\t\t\n\t\t\t\t\t\t\t\t\t\t<div class=\"yuzo-img\" style=\"background:url('https:\/\/redept.org\/blogosfera\/wp-content\/plugins\/yuzo-related-post\/assets\/images\/default.png') 50% 50% no-repeat;width: 125px;height:90px;margin-bottom: 5px;background-size: cover; \"><\/div>\n\t\t\t\t\t\t\t\t\t  <\/div>\n\t\t\t\t\t\t\t\t\t  \n\t\t\t\t\t\t\t\t   <span class=\"yuzo__text--title\" style=\"font-size:13px;\">Paulinho da For\u00e7a afirma que isen\u00e7\u00e3o do IR est\u00e1 co...<\/span>\n\t\t\t\t\t\t\t  \n\t\t\t\t\t\t\t  \n\t\t\t\t\t\t\t  <\/a>\n\n\t\t\t\t\t\t  <\/div>\n<\/div> <script>\n\t\t\t\t\t\t  jQuery(document).ready(function( $ ){\n\t\t\t\t\t\t\t\/\/jQuery('.yuzo_related_post').equalizer({ overflow : 'relatedthumb' });\n\t\t\t\t\t\t\tjQuery('.yuzo_related_post .yuzo_wraps').equalizer({ columns : '> div' });\n\t\t\t\t\t\t   })\n\t\t\t\t\t\t  <\/script> <!-- End Yuzo :) -->","protected":false},"excerpt":{"rendered":"<p>Ressurge no cen\u00e1rio brasileiro um mito: o de que o servi\u00e7o p\u00fablico \u00e9 perdul\u00e1rio, ineficiente e \u201cinchado\u201d. O que dizem os dados reais acerca destas ideias? E onde est\u00e1 o verdadeiro desperd\u00edcio dos recursos do Estado?<\/p>\n<p>The post <a href=\"https:\/\/outraspalavras.net\/crise-brasileira\/aquem-interessa-a-reforma-administrativa\/\">A quem interessa a \u201cReforma\u201d Administrativa?<\/a> appeared first on <a href=\"https:\/\/outraspalavras.net\/\">Outras Palavras<\/a>.<\/p>\n","protected":false},"author":2,"featured_media":45938,"comment_status":"open","ping_status":"closed","sticky":false,"template":"","format":"standard","meta":{"fifu_image_url":"","fifu_image_alt":"","footnotes":""},"categories":[587,1503,6007,2713,15169,3725,4467,5168,12430],"tags":[],"class_list":["post-45937","post","type-post","status-publish","format-standard","has-post-thumbnail","hentry","category-ajuste-fiscal","category-concurso-publico","category-crise-brasileira","category-equilibrio-fiscal","category-estado-inchado","category-funcionalismo-publico","category-gasto-publico","category-reforma-administrativa","category-servidor-publico"],"_links":{"self":[{"href":"https:\/\/redept.com.br\/blogosfera\/wp-json\/wp\/v2\/posts\/45937","targetHints":{"allow":["GET"]}}],"collection":[{"href":"https:\/\/redept.com.br\/blogosfera\/wp-json\/wp\/v2\/posts"}],"about":[{"href":"https:\/\/redept.com.br\/blogosfera\/wp-json\/wp\/v2\/types\/post"}],"author":[{"embeddable":true,"href":"https:\/\/redept.com.br\/blogosfera\/wp-json\/wp\/v2\/users\/2"}],"replies":[{"embeddable":true,"href":"https:\/\/redept.com.br\/blogosfera\/wp-json\/wp\/v2\/comments?post=45937"}],"version-history":[{"count":0,"href":"https:\/\/redept.com.br\/blogosfera\/wp-json\/wp\/v2\/posts\/45937\/revisions"}],"wp:featuredmedia":[{"embeddable":true,"href":"https:\/\/redept.com.br\/blogosfera\/wp-json\/wp\/v2\/media\/45938"}],"wp:attachment":[{"href":"https:\/\/redept.com.br\/blogosfera\/wp-json\/wp\/v2\/media?parent=45937"}],"wp:term":[{"taxonomy":"category","embeddable":true,"href":"https:\/\/redept.com.br\/blogosfera\/wp-json\/wp\/v2\/categories?post=45937"},{"taxonomy":"post_tag","embeddable":true,"href":"https:\/\/redept.com.br\/blogosfera\/wp-json\/wp\/v2\/tags?post=45937"}],"curies":[{"name":"wp","href":"https:\/\/api.w.org\/{rel}","templated":true}]}}