{"id":46143,"date":"2025-08-20T17:02:05","date_gmt":"2025-08-20T20:02:05","guid":{"rendered":"https:\/\/redept.org\/blogosfera\/fipe-mostra-que-arroz-feijao-frango-carnes-e-cafe-estao-mais-baratos\/"},"modified":"2025-08-20T17:02:05","modified_gmt":"2025-08-20T20:02:05","slug":"fipe-mostra-que-arroz-feijao-frango-carnes-e-cafe-estao-mais-baratos","status":"publish","type":"post","link":"https:\/\/redept.com.br\/blogosfera\/fipe-mostra-que-arroz-feijao-frango-carnes-e-cafe-estao-mais-baratos\/","title":{"rendered":"Fipe mostra que arroz, feij\u00e3o, frango, carnes e caf\u00e9 est\u00e3o mais baratos"},"content":{"rendered":"<p><img fetchpriority=\"high\" width=\"1024\" height=\"576\"src=\"https:\/\/redept.org\/blogosfera\/wp-content\/uploads\/2025\/08\/Design-sem-nome-3-1.jpg\" alt=\"\" decoding=\"async\" srcset=\"https:\/\/vermelho.org.br\/wp-content\/uploads\/2025\/08\/Design-sem-nome-3-1-1024x576.jpg 1024w, https:\/\/vermelho.org.br\/wp-content\/uploads\/2025\/08\/Design-sem-nome-3-1-300x169.jpg 300w, https:\/\/vermelho.org.br\/wp-content\/uploads\/2025\/08\/Design-sem-nome-3-1-768x432.jpg 768w, https:\/\/vermelho.org.br\/wp-content\/uploads\/2025\/08\/Design-sem-nome-3-1-1536x864.jpg 1536w, https:\/\/redept.org\/blogosfera\/wp-content\/uploads\/2025\/08\/Design-sem-nome-3-1.jpg 1920w\" sizes=\"(max-width: 1024px) 100vw, 1024px\"><\/p>\n<p>O pre\u00e7o dos alimentos segue em queda na cidade de S\u00e3o Paulo, de acordo com a Fipe (Funda\u00e7\u00e3o Instituto de Pesquisas Econ\u00f4micas). A entidade, respons\u00e1vel pelo IPC-Fipe (\u00cdndice de Pre\u00e7os ao Consumidor), mostra que os pre\u00e7os m\u00e9dios dos alimentos recuaram 0,42% nas \u00faltimas quatro semanas (16\/07\/2025 a 15\/08\/2025), mantendo a tend\u00eancia de queda na primeira quinzena de agosto.<\/p>\n<p>O acompanhamento dos pre\u00e7os revela que desde a segunda quadrissemana de julho (refere-se a um per\u00edodo de quatro semanas) h\u00e1 registro de defla\u00e7\u00e3o dos alimentos na capital paulista.<\/p>\n<figure>\n<table>\n<thead>\n<tr>\n<th>Grupos<\/th>\n<th>Pondera\u00e7\u00e3o (%)<\/th>\n<th>Varia\u00e7\u00e3o (%)<\/th>\n<th>Varia\u00e7\u00e3o<br \/>Ponderada p.p.<\/th>\n<\/tr>\n<\/thead>\n<tbody>\n<tr>\n<td>Habita\u00e7\u00e3o<\/td>\n<td>31,1245<\/td>\n<td>0,32<\/td>\n<td>0,0987<\/td>\n<\/tr>\n<tr>\n<td>Alimenta\u00e7\u00e3o<\/td>\n<td>24,5494<\/td>\n<td>-0,42<\/td>\n<td>-0,1027<\/td>\n<\/tr>\n<tr>\n<td>Transportes<\/td>\n<td>14,7212<\/td>\n<td>-0,15<\/td>\n<td>-0,0224<\/td>\n<\/tr>\n<tr>\n<td>Despesas Pessoais<\/td>\n<td>13,6443<\/td>\n<td>0,55<\/td>\n<td>0,0743<\/td>\n<\/tr>\n<tr>\n<td>Sa\u00fade<\/td>\n<td>6,0868<\/td>\n<td>0,69<\/td>\n<td>0,0418<\/td>\n<\/tr>\n<tr>\n<td>Vestu\u00e1rio<\/td>\n<td>6,6214<\/td>\n<td>-0,10<\/td>\n<td>-0,0066<\/td>\n<\/tr>\n<tr>\n<td>Educa\u00e7\u00e3o<\/td>\n<td>3,2524<\/td>\n<td>0,30<\/td>\n<td>0,0096<\/td>\n<\/tr>\n<tr>\n<td>Geral<\/td>\n<td>100,0000<\/td>\n<td>0,09<\/td>\n<td>0,0900<\/td>\n<\/tr>\n<\/tbody>\n<\/table><figcaption>Fonte: Fipe<\/figcaption><\/figure>\n<p>Transportes (-0,15%) e Vestu\u00e1rio (-0,10%) foram os outros grupos que tiveram queda e ajudaram a segurar o IPC-Fipe em 0,09%.<\/p>\n<p><strong>Leia mais:<\/strong> <a href=\"https:\/\/vermelho.org.br\/2025\/08\/12\/preco-dos-alimentos-cai-pelo-segundo-mes-e-ajuda-a-segurar-a-inflacao\/\">Pre\u00e7o dos alimentos cai pelo segundo m\u00eas e ajuda a segurar a infla\u00e7\u00e3o<\/a><\/p>\n<p>A medi\u00e7\u00e3o pela Fipe acompanha o \u00cdndice Nacional de Pre\u00e7os ao Consumidor Amplo (IPCA) de julho para o Brasil, que indicou que o grupo alimenta\u00e7\u00e3o e bebidas ajudou a segurar a infla\u00e7\u00e3o no m\u00eas (recuo de 0,27% no grupo e segundo m\u00eas consecutivo de queda).<\/p>\n<p>Segundo a Funda\u00e7\u00e3o, na segunda quadrissemana de agosto o recuo de pre\u00e7os foi registrado nos seguintes alimentos: arroz, feij\u00e3o, batata, carne de frango, carne de boi e caf\u00e9.<\/p>\n<p>O caf\u00e9 ficou 3,1% mais em conta, a carne bovina, 2%, e a de frango, 1,5%.\u00a0 Os pescados tiveram retra\u00e7\u00e3o de 0,7% no pre\u00e7o e a carne su\u00edna apresentou uma pequena queda, 0,1%. J\u00e1 o arroz est\u00e1 2,7% mais acess\u00edvel e j\u00e1 acumula uma queda de 17% no ano.<\/p>\n<p><em>*Com informa\u00e7\u00f5es F. de S\u00e3o Paulo<\/em><\/p>\n<p>O post <a href=\"https:\/\/vermelho.org.br\/2025\/08\/20\/fipe-mostra-que-arroz-feijao-frango-carnes-e-cafe-estao-mais-baratos\/\">Fipe mostra que arroz, feij\u00e3o, frango, carnes e caf\u00e9 est\u00e3o mais baratos<\/a> apareceu primeiro em <a href=\"https:\/\/vermelho.org.br\/\">Vermelho<\/a>.<\/p>\n<!-- Begin Yuzo --><div class='yuzo_related_post style-1'  data-version='5.12.89'><!-- without result --><div class='yuzo_clearfixed yuzo__title yuzo__title'><h3>Related Post<\/h3><\/div>\n\t\t\t\t\t\t  <div class=\"relatedthumb \" style=\"width:125px;float:left;overflow:hidden;\">  \n\t\t\t\t\t\t\t  \n\t\t\t\t\t\t\t  <a  href=\"https:\/\/redept.com.br\/blogosfera\/lula-sanciona-lei-que-restringe-uso-de-celulares-nas-escolas\/\"  >\n\t\t\t\t\t\t\t\t\t  <div class=\"yuzo-img-wrap \" style=\"width: 125px;height:90px;\">\n\t\t\t\t\t\t\t\t\t\t\n\t\t\t\t\t\t\t\t\t\t<div class=\"yuzo-img\" style=\"background:url('https:\/\/redept.com.br\/blogosfera\/wp-content\/uploads\/2025\/01\/01-3-150x150.jpg') 50% 50% no-repeat;width: 125px;height:90px;margin-bottom: 5px;background-size: cover; \"><\/div>\n\t\t\t\t\t\t\t\t\t  <\/div>\n\t\t\t\t\t\t\t\t\t  \n\t\t\t\t\t\t\t\t   <span class=\"yuzo__text--title\" style=\"font-size:13px;\">Lula sanciona lei que restringe uso de celulares n...<\/span>\n\t\t\t\t\t\t\t  \n\t\t\t\t\t\t\t  \n\t\t\t\t\t\t\t  <\/a>\n\n\t\t\t\t\t\t  <\/div>\n\t\t\t\t\t\t  <div class=\"relatedthumb \" style=\"width:125px;float:left;overflow:hidden;\">  \n\t\t\t\t\t\t\t  \n\t\t\t\t\t\t\t  <a  href=\"https:\/\/sul21.com.br\/opiniao\/2025\/10\/a-ciencia-do-rejuvenescimento-e-seu-impacto-na-economia-por-nicolas-chernavsky\/\"  >\n\t\t\t\t\t\t\t\t\t  <div class=\"yuzo-img-wrap \" style=\"width: 125px;height:90px;\">\n\t\t\t\t\t\t\t\t\t\t\n\t\t\t\t\t\t\t\t\t\t<div class=\"yuzo-img\" style=\"background:url('https:\/\/redept.org\/blogosfera\/wp-content\/plugins\/yuzo-related-post\/assets\/images\/default.png') 50% 50% no-repeat;width: 125px;height:90px;margin-bottom: 5px;background-size: cover; \"><\/div>\n\t\t\t\t\t\t\t\t\t  <\/div>\n\t\t\t\t\t\t\t\t\t  \n\t\t\t\t\t\t\t\t   <span class=\"yuzo__text--title\" style=\"font-size:13px;\">A ci\u00eancia do rejuvenescimento\u00a0e seu impacto na eco...<\/span>\n\t\t\t\t\t\t\t  \n\t\t\t\t\t\t\t  \n\t\t\t\t\t\t\t  <\/a>\n\n\t\t\t\t\t\t  <\/div>\n\t\t\t\t\t\t  <div class=\"relatedthumb \" style=\"width:125px;float:left;overflow:hidden;\">  \n\t\t\t\t\t\t\t  \n\t\t\t\t\t\t\t  <a  href=\"https:\/\/redept.com.br\/blogosfera\/rio-tera-guarda-armada-e-vereadores-rejeitam-maioria-de-emendas-que-poderiam-reduzir-danos\/\"  >\n\t\t\t\t\t\t\t\t\t  <div class=\"yuzo-img-wrap \" style=\"width: 125px;height:90px;\">\n\t\t\t\t\t\t\t\t\t\t\n\t\t\t\t\t\t\t\t\t\t<div class=\"yuzo-img\" style=\"background:url('https:\/\/redept.org\/blogosfera\/wp-content\/plugins\/yuzo-related-post\/assets\/images\/default.png') 50% 50% no-repeat;width: 125px;height:90px;margin-bottom: 5px;background-size: cover; \"><\/div>\n\t\t\t\t\t\t\t\t\t  <\/div>\n\t\t\t\t\t\t\t\t\t  \n\t\t\t\t\t\t\t\t   <span class=\"yuzo__text--title\" style=\"font-size:13px;\">Rio ter\u00e1 guarda armada e vereadores rejeitam maior...<\/span>\n\t\t\t\t\t\t\t  \n\t\t\t\t\t\t\t  \n\t\t\t\t\t\t\t  <\/a>\n\n\t\t\t\t\t\t  <\/div>\n\t\t\t\t\t\t  <div class=\"relatedthumb \" style=\"width:125px;float:left;overflow:hidden;\">  \n\t\t\t\t\t\t\t  \n\t\t\t\t\t\t\t  <a  href=\"https:\/\/redept.com.br\/blogosfera\/pascoa-com-sabor-origem-e-proposito-conheca-os-chocolates-da-agricultura-familiar\/\"  >\n\t\t\t\t\t\t\t\t\t  <div class=\"yuzo-img-wrap \" style=\"width: 125px;height:90px;\">\n\t\t\t\t\t\t\t\t\t\t\n\t\t\t\t\t\t\t\t\t\t<div class=\"yuzo-img\" style=\"background:url('https:\/\/redept.org\/blogosfera\/wp-content\/plugins\/yuzo-related-post\/assets\/images\/default.png') 50% 50% no-repeat;width: 125px;height:90px;margin-bottom: 5px;background-size: cover; \"><\/div>\n\t\t\t\t\t\t\t\t\t  <\/div>\n\t\t\t\t\t\t\t\t\t  \n\t\t\t\t\t\t\t\t   <span class=\"yuzo__text--title\" style=\"font-size:13px;\">P\u00e1scoa com sabor, origem e prop\u00f3sito: conhe\u00e7a os c...<\/span>\n\t\t\t\t\t\t\t  \n\t\t\t\t\t\t\t  \n\t\t\t\t\t\t\t  <\/a>\n\n\t\t\t\t\t\t  <\/div>\n<\/div> <script>\n\t\t\t\t\t\t  jQuery(document).ready(function( $ ){\n\t\t\t\t\t\t\t\/\/jQuery('.yuzo_related_post').equalizer({ overflow : 'relatedthumb' });\n\t\t\t\t\t\t\tjQuery('.yuzo_related_post .yuzo_wraps').equalizer({ columns : '> div' });\n\t\t\t\t\t\t   })\n\t\t\t\t\t\t  <\/script> <!-- End Yuzo :) -->","protected":false},"excerpt":{"rendered":"<p>O pre\u00e7o dos alimentos segue em queda na cidade de S\u00e3o Paulo, de acordo com a Fipe (Funda\u00e7\u00e3o Instituto de Pesquisas Econ\u00f4micas). A entidade, respons\u00e1vel pelo IPC-Fipe (\u00cdndice de Pre\u00e7os ao Consumidor), mostra que os pre\u00e7os m\u00e9dios dos alimentos recuaram 0,42% nas \u00faltimas quatro semanas (16\/07\/2025 a 15\/08\/2025), mantendo a tend\u00eancia de queda na primeira [&hellip;]<\/p>\n","protected":false},"author":2,"featured_media":0,"comment_status":"open","ping_status":"closed","sticky":false,"template":"","format":"standard","meta":{"fifu_image_url":"","fifu_image_alt":"","footnotes":""},"categories":[15380,1355,221,15381,122,3570,15382,3892],"tags":[],"class_list":["post-46143","post","type-post","status-publish","format-standard","hentry","category-alimentos-baratos","category-deflacao","category-economia","category-fipe","category-inflacao","category-inflacao-dos-alimentos","category-ipc-fipe","category-preco-dos-alimentos"],"_links":{"self":[{"href":"https:\/\/redept.com.br\/blogosfera\/wp-json\/wp\/v2\/posts\/46143","targetHints":{"allow":["GET"]}}],"collection":[{"href":"https:\/\/redept.com.br\/blogosfera\/wp-json\/wp\/v2\/posts"}],"about":[{"href":"https:\/\/redept.com.br\/blogosfera\/wp-json\/wp\/v2\/types\/post"}],"author":[{"embeddable":true,"href":"https:\/\/redept.com.br\/blogosfera\/wp-json\/wp\/v2\/users\/2"}],"replies":[{"embeddable":true,"href":"https:\/\/redept.com.br\/blogosfera\/wp-json\/wp\/v2\/comments?post=46143"}],"version-history":[{"count":0,"href":"https:\/\/redept.com.br\/blogosfera\/wp-json\/wp\/v2\/posts\/46143\/revisions"}],"wp:attachment":[{"href":"https:\/\/redept.com.br\/blogosfera\/wp-json\/wp\/v2\/media?parent=46143"}],"wp:term":[{"taxonomy":"category","embeddable":true,"href":"https:\/\/redept.com.br\/blogosfera\/wp-json\/wp\/v2\/categories?post=46143"},{"taxonomy":"post_tag","embeddable":true,"href":"https:\/\/redept.com.br\/blogosfera\/wp-json\/wp\/v2\/tags?post=46143"}],"curies":[{"name":"wp","href":"https:\/\/api.w.org\/{rel}","templated":true}]}}