{"id":46538,"date":"2025-08-21T17:54:55","date_gmt":"2025-08-21T20:54:55","guid":{"rendered":"https:\/\/redept.org\/blogosfera\/minerios-e-possivel-uma-exploracao-soberana\/"},"modified":"2025-08-21T17:54:55","modified_gmt":"2025-08-21T20:54:55","slug":"minerios-e-possivel-uma-exploracao-soberana","status":"publish","type":"post","link":"https:\/\/redept.com.br\/blogosfera\/minerios-e-possivel-uma-exploracao-soberana\/","title":{"rendered":"Min\u00e9rios: \u00c9 poss\u00edvel uma explora\u00e7\u00e3o soberana?"},"content":{"rendered":"<figure><img loading=\"lazy\" loading=\"lazy\" decoding=\"async\" width=\"770\" height=\"472\"src=\"https:\/\/redept.org\/blogosfera\/wp-content\/uploads\/2025\/08\/Screenshot-2025-08-21-at-17-49-49-A-disputa-nas-terras-do-garimpo-de-minerios.png\" alt=\"\" srcset=\"https:\/\/redept.org\/blogosfera\/wp-content\/uploads\/2025\/08\/Screenshot-2025-08-21-at-17-49-49-A-disputa-nas-terras-do-garimpo-de-minerios.png 770w, https:\/\/outraspalavras.net\/wp-content\/uploads\/2025\/08\/Screenshot-2025-08-21-at-17-49-49-A-disputa-nas-terras-do-garimpo-de-minerios-300x184.png 300w, https:\/\/outraspalavras.net\/wp-content\/uploads\/2025\/08\/Screenshot-2025-08-21-at-17-49-49-A-disputa-nas-terras-do-garimpo-de-minerios-768x471.png 768w\" sizes=\"auto, (max-width: 770px) 100vw, 770px\"><\/figure>\n<div>\n<div>\n<div>\n<div>\n<div>\n<div>\n<div>\n<h4>Boletim Outras Palavras<\/h4>\n<p>Receba por email, diariamente, todas as publica\u00e7\u00f5es do site<\/p>\n<\/p><\/div>\n<div>\n<div>\n<div>\n<div>\n<div><\/div>\n<\/p><\/div>\n<\/p><\/div>\n<div>\n                <button type=\"submit\">Assinar<\/button><br \/>\n                <button disabled type=\"button\"> <\/p>\n<div><\/div>\n<p> <span>Loading&#8230;<\/span> <\/button>\n              <\/div>\n<\/p><\/div>\n<\/p><\/div>\n<div>\n            <button type=\"submit\">Assinar<\/button><br \/>\n            <button disabled type=\"button\"> <\/p>\n<div><\/div>\n<p> <span>Loading&#8230;<\/span> <\/button>\n          <\/div>\n<\/p><\/div>\n<div>\n<div>\n<h4>Agradecemos!<\/h4>\n<p>Voc\u00ea j\u00e1 est\u00e1 inscrito e come\u00e7ar\u00e1 a receber os boletins em breve. Boa leitura!<\/p>\n<\/p><\/div>\n<\/p><\/div>\n<\/p><\/div>\n<\/p><\/div>\n<\/div>\n<\/div>\n<\/div>\n<p>Para o desenvolvimento de uma compreens\u00e3o mais detalhada a respeito de qual a situa\u00e7\u00e3o da distribui\u00e7\u00e3o da renda derivada da minera\u00e7\u00e3o no Brasil, \u00e9 crucial o reconhecimento do atual estado de rela\u00e7\u00f5es entre o capital internacional e a produ\u00e7\u00e3o mineral em territ\u00f3rio brasileiro.<\/p>\n<p>O primeiro n\u00edvel de considera\u00e7\u00f5es diz respeito ao controle acion\u00e1rio das empresas que atuam em territ\u00f3rio brasileiro por parte de transnacionais. Dentre as transnacionais que operam no pa\u00eds, a Rio Tinto, a BHP, a Anglo American, a Alcoa, todas exemplos de grandes empresas mineradoras mundiais, det\u00e9m participa\u00e7\u00e3o em empresas que operam no Brasil, ou mant\u00e9m subsidi\u00e1rias no pa\u00eds. Esse retrato atravessa inclusive grandes empresas que historicamente s\u00e3o reconhecidas como brasileiras, mas que hoje operam sob controle ou influ\u00eancia do capital internacional, como \u00e9 o caso da Vale S.A. e da CSN.<\/p>\n<p>O segundo n\u00edvel de considera\u00e7\u00f5es diz respeito a quais s\u00e3o as empresas que realizam o com\u00e9rcio internacional do min\u00e9rio produzido no Brasil. Aqui cabe a explica\u00e7\u00e3o de que existem companhias globais que conduzem o processo de compra, armazenagem, transporte, venda e financiamento de commodities. Algumas dessas companhias operam na compra de commodities agr\u00e1rios e minerais, como \u00e9 o caso da Cargill e da Louis Dreyfus Company, que tradicionalmente operam no com\u00e9rcio de gr\u00e3os, criaram divis\u00f5es espec\u00edficas para o com\u00e9rcio de min\u00e9rios e depois venderam essas opera\u00e7\u00f5es.<\/p>\n<div>\n<div><img loading=\"lazy\" loading=\"lazy\" decoding=\"async\"src=\"https:\/\/redept.org\/blogosfera\/wp-content\/uploads\/2025\/08\/MATERIA-GERA-19.png\" alt=\"\" srcset=\"https:\/\/redept.org\/blogosfera\/wp-content\/uploads\/2025\/08\/MATERIA-GERA-19.png 681w, https:\/\/outraspalavras.net\/wp-content\/uploads\/2023\/03\/MATERIA-GERAL-300x75.png 300w\" sizes=\"auto, (max-width: 681px) 100vw, 681px\" width=\"681\" height=\"171\"><\/div>\n<\/div>\n<p>A consolida\u00e7\u00e3o de empresas comerciais transnacionais envolve, ainda, empresas que somente realizam a circula\u00e7\u00e3o das mercadorias minerais e empresas que tamb\u00e9m controlam minas, como \u00e9 o caso da sui\u00e7a Glencore e a Anglo American. Nesse contexto h\u00e1 a interven\u00e7\u00e3o, no Brasil, de conglomerados como a Trafigura, que comprou a divis\u00e3o com\u00e9rcio de metais da Cargill; e h\u00e1, tamb\u00e9m, empresas originalmente brasileiras que s\u00e3o mineradoras, mas que atuam tamb\u00e9m no com\u00e9rcio como a Vale S.A. e a CSN Minera\u00e7\u00e3o.<\/p>\n<p>O terceiro n\u00edvel de considera\u00e7\u00f5es, ainda na esfera do com\u00e9rcio, diz respeito ao processo de precifica\u00e7\u00e3o mundial das commodities minerais. Nesse contexto, interessa ressaltar o papel da Chicago Mercantile Exchange (CME). Se trata de uma holding que concentra um grupo de bolsas de valores onde s\u00e3o comprados e vendidos contratos de mercados futuros de commodities, tanto agr\u00e1rios quanto minerais. H\u00e1, entretanto, outras bolsas n\u00e3o integrantes da CME que cumprem papel de relev\u00e2ncia mundial, como a London Metal Exchange, a Singapore Exchange e a Dalian Commodities Exchange (chinesa).<\/p>\n<p>No que se refere a quest\u00e3o da precifica\u00e7\u00e3o, tem de se levar em conta que h\u00e1 uma dupla determina\u00e7\u00e3o da interfer\u00eancia internacional no processo produtivo mineral em territ\u00f3rio brasileiro: a primeira quando o pre\u00e7o internacional \u00e9 determinado por mercados estrangeiros; a segunda quando \u00e9 determinado em d\u00f3lar. Por detr\u00e1s da dolariza\u00e7\u00e3o desse com\u00e9rcio e das flutua\u00e7\u00f5es financeiras da tonelada de min\u00e9rios, passam complexos mecanismos de extra\u00e7\u00e3o de valor da economia nacional para ser distribu\u00eddo aos circuitos financeiros globais de reprodu\u00e7\u00e3o econ\u00f4mica.<\/p>\n<p>Ainda sobre a quest\u00e3o do pre\u00e7o dos min\u00e9rios, deve ser levado em conta que \u00e9 fortemente influenciado pela oferta do produto mineral. Entretanto, diferente da produ\u00e7\u00e3o de petr\u00f3leo que conta com a OPEP, n\u00e3o h\u00e1 uma organiza\u00e7\u00e3o dos pa\u00edses produtores globais de min\u00e9rios para regular a exporta\u00e7\u00e3o de acordo com os seus interesses nacionais.<\/p>\n<p>Por entre a considera\u00e7\u00e3o de que o pre\u00e7o dos min\u00e9rios \u00e9 em grande medida definido em bolsas de valores vinculadas \u00e0s na\u00e7\u00f5es centrais do capitalismo, e portanto aos oligop\u00f3lios mundiais, deve ser colocado em an\u00e1lise que no \u00e2mbito dos BRICS vem sendo debatida a cria\u00e7\u00e3o de uma bolsa de cereais. No caso, entretanto, ainda \u00e9 uma proposta em formato de projeto e que n\u00e3o contempla, pelo menos a princ\u00edpio, as commodities minerais.<\/p>\n<p>O quarto n\u00edvel de considera\u00e7\u00f5es diz respeito \u00e0s grandes empresas industriais que realizam a manufatura dos minerais produzidos no Brasil. Sider\u00fargicas e outras plantas de refino dos mais diversos min\u00e9rios instaladas em pa\u00edses industrializados. Eis que, em diversos casos, s\u00e3o ind\u00fastrias verticalizadas; ou seja, produzem em diversos n\u00edveis de manufatura at\u00e9 o produto final. Por este sentido, quanto menor o pre\u00e7o do produto prim\u00e1rio mineral, maior a margem de lucratividade.<\/p>\n<p>N\u00e3o h\u00e1, portanto, controle sobre a produ\u00e7\u00e3o mineral brasileira de ordem \u00e0 resguardar interesses nacionais. Quanto maior volume de extra\u00e7\u00e3o e exporta\u00e7\u00e3o, menor o pre\u00e7o da tonelada, resguardando a margem de lucro dos grandes centros. Se encadeia que a empresa extrativa mineral \u00e9 controlada pelo capital estrangeiro e \u00e9 de baixa empregabilidade; restando a din\u00e2mica de sobrar ao pa\u00eds pouco valor agregado e pouca renda do trabalho em raz\u00e3o dela.<\/p>\n<div>\n<div><img loading=\"lazy\" loading=\"lazy\" decoding=\"async\"src=\"https:\/\/redept.org\/blogosfera\/wp-content\/uploads\/2025\/08\/CANCER-1-6.png\" alt=\"\" srcset=\"https:\/\/redept.org\/blogosfera\/wp-content\/uploads\/2025\/08\/CANCER-1-6.png 10920w, https:\/\/outraspalavras.net\/wp-content\/uploads\/2022\/11\/CANCER-1-300x37.png 300w, https:\/\/outraspalavras.net\/wp-content\/uploads\/2022\/11\/CANCER-1-1024x127.png 1024w, https:\/\/outraspalavras.net\/wp-content\/uploads\/2022\/11\/CANCER-1-768x95.png 768w, https:\/\/outraspalavras.net\/wp-content\/uploads\/2022\/11\/CANCER-1-1536x190.png 1536w, https:\/\/outraspalavras.net\/wp-content\/uploads\/2022\/11\/CANCER-1-2048x253.png 2048w\" sizes=\"auto, (max-width: 10920px) 100vw, 10920px\" width=\"10920\" height=\"1350\"><\/div>\n<\/div>\n<p>Por \u00faltimo, se deve considerar que o imposto pago ao Estado brasileiro em raz\u00e3o da explora\u00e7\u00e3o mineral, o CFEM, \u00e9 da ordem que vai do m\u00ednimo\u00a0 de 1 (ouro inclu\u00eddo) at\u00e9 o m\u00e1ximo de 3,5%. O valor adquirido pelo Estado brasileiro em raz\u00e3o da explora\u00e7\u00e3o mineral se coloca abaixo de na\u00e7\u00f5es africanas como, por exemplo, o Burkina Faso, que recentemente aprovou novo c\u00f3digo de minera\u00e7\u00e3o para receber royalties do ouro em ordem que vai de 5 a 7%.<\/p>\n<p>Para al\u00e9m do valor pago ao Estado brasileiro ser parco, ocorre que, ocasionalmente, essas empresas transnacionais utilizam-se de m\u00e9todos extra-legais para sonega\u00e7\u00e3o. Uma das estrat\u00e9gias adotadas \u00e9 constituir empresas em para\u00edsos fiscais para triangular a venda para o exterior para si pr\u00f3pria em valores abaixo do pre\u00e7o de mercado.<\/p>\n<p>Dessa forma, evidencia-se que o controle internacional sobre a minera\u00e7\u00e3o brasileira \u00e9 um caso paradigm\u00e1tico de assimetria de poder na economia global. O Brasil, detentor de uma colossal riqueza mineral, atua predominantemente como um exportador de commodities prim\u00e1rias, subjugado a um sistema financeiro e comercial que ele n\u00e3o influencia. A aus\u00eancia de uma organiza\u00e7\u00e3o de pa\u00edses exportadores de min\u00e9rios (uma \u201cOPEP dos min\u00e9rios\u201d) deixa a na\u00e7\u00e3o ref\u00e9m da volatilidade de mercados administrados por e para os interesses dos pa\u00edses centrais. A combina\u00e7\u00e3o de pre\u00e7os em d\u00f3lar, determinados externamente, com uma carga tribut\u00e1ria rid\u00edcula se comparada a outros pa\u00edses produtores, representa uma transfer\u00eancia massiva de valor e soberania. A sonega\u00e7\u00e3o fiscal via para\u00edsos fiscais \u00e9 apenas a ponta do iceberg de um sistema legal e financeiro que foi moldado para facilitar essa drenagem de recursos. Assim, mais do que uma quest\u00e3o econ\u00f4mica, o que se observa \u00e9 uma quest\u00e3o geopol\u00edtica: a manuten\u00e7\u00e3o de uma rela\u00e7\u00e3o neocolonial onde o Brasil fornece mat\u00e9ria-prima barata e importa produtos manufaturados caros, perpetuando sua posi\u00e7\u00e3o perif\u00e9rica na divis\u00e3o internacional do trabalho e abrindo m\u00e3o do controle estrat\u00e9gico sobre seus pr\u00f3prios recursos.<\/p>\n<p>Em resumo, a narrativa de que a minera\u00e7\u00e3o \u00e9 um pilar da economia nacional mascara uma realidade mais complexa e menos vantajosa: a de uma economia de enclave, onde a atividade est\u00e1 profundamente integrada a cadeias globais de valor controladas de fora para dentro. O capital internacional exerce um dom\u00ednio quase completo, do subsolo ao mercado financeiro \u2013 controlando a propriedade das empresas, intermediando o com\u00e9rcio, ditando os pre\u00e7os em bolsas estrangeiras e, por fim, realizando a transforma\u00e7\u00e3o industrial que agrega o verdadeiro valor longe daqui. O resultado \u00e9 um ciclo perverso: a intensifica\u00e7\u00e3o da extra\u00e7\u00e3o pressiona os pre\u00e7os para baixo, beneficiando as sider\u00fargicas estrangeiras verticalizadas, enquanto o Brasil fica com os passivos socioambientais, uma arrecada\u00e7\u00e3o \u00ednfima de royalties e uma parcela m\u00ednima da renda gerada. Portanto, a pergunta \u201cquem controla a minera\u00e7\u00e3o no Brasil?\u201d encontra sua resposta n\u00e3o nas fronteiras nacionais, mas nos escrit\u00f3rios corporativos de Londres e Nova York, e nas bolsas de valores de Chicago, configurando um cen\u00e1rio de desnacionaliza\u00e7\u00e3o estrutural da nossa riqueza mineral.<\/p>\n<div>\n<div>\n<p><span><em>Outras Palavras \u00e9 feito por muitas m\u00e3os. Se voc\u00ea valoriza nossa produ\u00e7\u00e3o, seja nosso apoiador e fortale\u00e7a o jornalismo cr\u00edtico: <strong>apoia.se\/outraspalavras<\/strong><\/em><\/span><\/p>\n<\/div>\n<\/div>\n<p>The post Min\u00e9rios: \u00c9 poss\u00edvel uma explora\u00e7\u00e3o soberana? appeared first on Outras Palavras.<\/p>\n<!-- Begin Yuzo --><div class='yuzo_related_post style-1'  data-version='5.12.89'><!-- without result --><div class='yuzo_clearfixed yuzo__title yuzo__title'><h3>Related Post<\/h3><\/div>\n\t\t\t\t\t\t  <div class=\"relatedthumb \" style=\"width:125px;float:left;overflow:hidden;\">  \n\t\t\t\t\t\t\t  \n\t\t\t\t\t\t\t  <a  href=\"https:\/\/redept.com.br\/blogosfera\/tempos-modernos-faz-90-anos-e-chaplin-segue-denunciando-o-capitalismo\/\"  >\n\t\t\t\t\t\t\t\t\t  <div class=\"yuzo-img-wrap \" style=\"width: 125px;height:90px;\">\n\t\t\t\t\t\t\t\t\t\t\n\t\t\t\t\t\t\t\t\t\t<div class=\"yuzo-img\" style=\"background:url('https:\/\/redept.com.br\/blogosfera\/wp-content\/uploads\/2026\/02\/v2n11-nov-1935-new-theatre4-2048x1822-1-150x150.jpg') 50% 50% no-repeat;width: 125px;height:90px;margin-bottom: 5px;background-size: cover; \"><\/div>\n\t\t\t\t\t\t\t\t\t  <\/div>\n\t\t\t\t\t\t\t\t\t  \n\t\t\t\t\t\t\t\t   <span class=\"yuzo__text--title\" style=\"font-size:13px;\">Tempos Modernos\u00a0faz 90 anos e Chaplin segue denunc...<\/span>\n\t\t\t\t\t\t\t  \n\t\t\t\t\t\t\t  \n\t\t\t\t\t\t\t  <\/a>\n\n\t\t\t\t\t\t  <\/div>\n\t\t\t\t\t\t  <div class=\"relatedthumb \" style=\"width:125px;float:left;overflow:hidden;\">  \n\t\t\t\t\t\t\t  \n\t\t\t\t\t\t\t  <a  href=\"https:\/\/redept.com.br\/blogosfera\/membros-do-cmdua-denunciam-ilegalidades-em-proposta-de-revisao-do-plano-diretor\/\"  >\n\t\t\t\t\t\t\t\t\t  <div class=\"yuzo-img-wrap \" style=\"width: 125px;height:90px;\">\n\t\t\t\t\t\t\t\t\t\t\n\t\t\t\t\t\t\t\t\t\t<div class=\"yuzo-img\" style=\"background:url('https:\/\/redept.org\/blogosfera\/wp-content\/plugins\/yuzo-related-post\/assets\/images\/default.png') 50% 50% no-repeat;width: 125px;height:90px;margin-bottom: 5px;background-size: cover; \"><\/div>\n\t\t\t\t\t\t\t\t\t  <\/div>\n\t\t\t\t\t\t\t\t\t  \n\t\t\t\t\t\t\t\t   <span class=\"yuzo__text--title\" style=\"font-size:13px;\">Membros do CMDUA denunciam ilegalidades em propost...<\/span>\n\t\t\t\t\t\t\t  \n\t\t\t\t\t\t\t  \n\t\t\t\t\t\t\t  <\/a>\n\n\t\t\t\t\t\t  <\/div>\n\t\t\t\t\t\t  <div class=\"relatedthumb \" style=\"width:125px;float:left;overflow:hidden;\">  \n\t\t\t\t\t\t\t  \n\t\t\t\t\t\t\t  <a  href=\"https:\/\/redept.com.br\/blogosfera\/lideres-exigem-punicao-a-extrema-direita-pelo-sequestro-do-congresso\/\"  >\n\t\t\t\t\t\t\t\t\t  <div class=\"yuzo-img-wrap \" style=\"width: 125px;height:90px;\">\n\t\t\t\t\t\t\t\t\t\t\n\t\t\t\t\t\t\t\t\t\t<div class=\"yuzo-img\" style=\"background:url('https:\/\/redept.com.br\/blogosfera\/wp-content\/uploads\/2025\/08\/Lideres-sequestro-150x150.jpg') 50% 50% no-repeat;width: 125px;height:90px;margin-bottom: 5px;background-size: cover; \"><\/div>\n\t\t\t\t\t\t\t\t\t  <\/div>\n\t\t\t\t\t\t\t\t\t  \n\t\t\t\t\t\t\t\t   <span class=\"yuzo__text--title\" style=\"font-size:13px;\">L\u00edderes exigem puni\u00e7\u00e3o \u00e0 extrema direita pelo sequ...<\/span>\n\t\t\t\t\t\t\t  \n\t\t\t\t\t\t\t  \n\t\t\t\t\t\t\t  <\/a>\n\n\t\t\t\t\t\t  <\/div>\n\t\t\t\t\t\t  <div class=\"relatedthumb \" style=\"width:125px;float:left;overflow:hidden;\">  \n\t\t\t\t\t\t\t  \n\t\t\t\t\t\t\t  <a  href=\"https:\/\/redept.com.br\/blogosfera\/estados-unidos-querem-tomar-conta-das-riquezas-da-america-latina\/\"  >\n\t\t\t\t\t\t\t\t\t  <div class=\"yuzo-img-wrap \" style=\"width: 125px;height:90px;\">\n\t\t\t\t\t\t\t\t\t\t\n\t\t\t\t\t\t\t\t\t\t<div class=\"yuzo-img\" style=\"background:url('https:\/\/redept.com.br\/blogosfera\/wp-content\/uploads\/2026\/04\/P3-_-protesto-EUA-150x150.jpg') 50% 50% no-repeat;width: 125px;height:90px;margin-bottom: 5px;background-size: cover; \"><\/div>\n\t\t\t\t\t\t\t\t\t  <\/div>\n\t\t\t\t\t\t\t\t\t  \n\t\t\t\t\t\t\t\t   <span class=\"yuzo__text--title\" style=\"font-size:13px;\">Estados Unidos querem tomar conta das riquezas da ...<\/span>\n\t\t\t\t\t\t\t  \n\t\t\t\t\t\t\t  \n\t\t\t\t\t\t\t  <\/a>\n\n\t\t\t\t\t\t  <\/div>\n<\/div> <script>\n\t\t\t\t\t\t  jQuery(document).ready(function( $ ){\n\t\t\t\t\t\t\t\/\/jQuery('.yuzo_related_post').equalizer({ overflow : 'relatedthumb' });\n\t\t\t\t\t\t\tjQuery('.yuzo_related_post .yuzo_wraps').equalizer({ columns : '> div' });\n\t\t\t\t\t\t   })\n\t\t\t\t\t\t  <\/script> <!-- End Yuzo :) -->","protected":false},"excerpt":{"rendered":"<p>Transnacionais controlam quase toda a minera\u00e7\u00e3o brasileira. Pa\u00eds vende com baixo valor agregado, emprega pouco e paga impostos irris\u00f3rios. No plano geopol\u00edtico, falta uma uma \u201cOPEP dos min\u00e9rios\u201d, liderada pelo Sul Global<\/p>\n<p>The post <a href=\"https:\/\/outraspalavras.net\/alemdamercadoria\/brasil-como-criar-uma-soberania-mineral\/\">Min\u00e9rios: \u00c9 poss\u00edvel uma explora\u00e7\u00e3o soberana?<\/a> appeared first on <a href=\"https:\/\/outraspalavras.net\/\">Outras Palavras<\/a>.<\/p>\n","protected":false},"author":2,"featured_media":46539,"comment_status":"open","ping_status":"closed","sticky":false,"template":"","format":"standard","meta":{"fifu_image_url":"","fifu_image_alt":"","footnotes":""},"categories":[6188,1140,15597,15598,5860,15599,15600,15601,3523,7494,1482,9349],"tags":[],"class_list":["post-46538","post","type-post","status-publish","format-standard","has-post-thumbnail","hentry","category-alem-da-mercadoria","category-brics","category-cargill","category-chicago-mercantile-exchange","category-commodities","category-companhia-siderurgica-nacional","category-csn","category-louis-dreyfus-company","category-mineracao","category-opep","category-sul-global","category-vale-do-rio-doce"],"_links":{"self":[{"href":"https:\/\/redept.com.br\/blogosfera\/wp-json\/wp\/v2\/posts\/46538","targetHints":{"allow":["GET"]}}],"collection":[{"href":"https:\/\/redept.com.br\/blogosfera\/wp-json\/wp\/v2\/posts"}],"about":[{"href":"https:\/\/redept.com.br\/blogosfera\/wp-json\/wp\/v2\/types\/post"}],"author":[{"embeddable":true,"href":"https:\/\/redept.com.br\/blogosfera\/wp-json\/wp\/v2\/users\/2"}],"replies":[{"embeddable":true,"href":"https:\/\/redept.com.br\/blogosfera\/wp-json\/wp\/v2\/comments?post=46538"}],"version-history":[{"count":0,"href":"https:\/\/redept.com.br\/blogosfera\/wp-json\/wp\/v2\/posts\/46538\/revisions"}],"wp:featuredmedia":[{"embeddable":true,"href":"https:\/\/redept.com.br\/blogosfera\/wp-json\/wp\/v2\/media\/46539"}],"wp:attachment":[{"href":"https:\/\/redept.com.br\/blogosfera\/wp-json\/wp\/v2\/media?parent=46538"}],"wp:term":[{"taxonomy":"category","embeddable":true,"href":"https:\/\/redept.com.br\/blogosfera\/wp-json\/wp\/v2\/categories?post=46538"},{"taxonomy":"post_tag","embeddable":true,"href":"https:\/\/redept.com.br\/blogosfera\/wp-json\/wp\/v2\/tags?post=46538"}],"curies":[{"name":"wp","href":"https:\/\/api.w.org\/{rel}","templated":true}]}}