{"id":46800,"date":"2025-08-22T20:38:56","date_gmt":"2025-08-22T23:38:56","guid":{"rendered":"https:\/\/redept.org\/blogosfera\/cinema-sem-teto-exibe-documentario-sobre-direito-a-cidade-na-ocupacao-elza-soares\/"},"modified":"2025-08-22T20:38:56","modified_gmt":"2025-08-22T23:38:56","slug":"cinema-sem-teto-exibe-documentario-sobre-direito-a-cidade-na-ocupacao-elza-soares","status":"publish","type":"post","link":"https:\/\/redept.com.br\/blogosfera\/cinema-sem-teto-exibe-documentario-sobre-direito-a-cidade-na-ocupacao-elza-soares\/","title":{"rendered":"Cinema Sem-Teto exibe document\u00e1rio sobre direito \u00e0 cidade na Ocupa\u00e7\u00e3o Elza Soares"},"content":{"rendered":"<p>No pr\u00f3ximo s\u00e1bado (23), \u00e0s 17h30, a Ocupa\u00e7\u00e3o Elza Soares, na regi\u00e3o do metr\u00f4 Ana Rosa, em S\u00e3o Paulo (SP), recebe a d\u00e9cima exibi\u00e7\u00e3o p\u00fablica do document\u00e1rio <em>Um Lugar na Cidade<\/em>, como parte da programa\u00e7\u00e3o do <a href=\"https:\/\/www.instagram.com\/cinemasemteto\/\">Cinema Sem-Teto<\/a>, organizado pelo <a href=\"https:\/\/www.brasildefato.com.br\/2025\/04\/30\/mtst-ocupa-predio-na-vila-olimpia-em-sao-paulo-contra-esquema-de-fraude-em-habitacoes-sociais\/\">Movimento dos Trabalhadores Sem Teto (MTST).<\/a> A sess\u00e3o tem entrada gratuita e contar\u00e1 com pipoca para o p\u00fablico. Quem puder, pode contribuir com um quilo de alimento para a cozinha solid\u00e1ria da ocupa\u00e7\u00e3o.<\/p>\n<p>Segundo o diretor do filme, o professor Gabriel Silvestre, da Universidade de Newcastle,  a sess\u00e3o deste s\u00e1bado marca um momento importante da circula\u00e7\u00e3o do filme: \u201cEssa vai ser a primeira exibi\u00e7\u00e3o realmente aberta ao grande p\u00fablico no Brasil, fora do meio acad\u00eamico e dos movimentos. \u00c9 uma chance de conversar com outras pessoas sobre o que significa lutar por uma cidade diferente.\u201d<\/p>\n<p>Al\u00e9m do longa, ser\u00e1 exibido o curta <em>Provis\u00f3rio<\/em>, gravado na Ocupa\u00e7\u00e3o Vila Nova Palestina, tamb\u00e9m do MTST. Ap\u00f3s as exibi\u00e7\u00f5es, haver\u00e1 debate com os diretores e integrantes da coordena\u00e7\u00e3o do movimento.<\/p>\n<p>A Ocupa\u00e7\u00e3o Elza Soares fica na rua Gaspar Louren\u00e7o, 19.<\/p>\n<h4>Document\u00e1rio discute o direito \u00e0 cidade em experi\u00eancias latino-americanas<\/h4>\n<p>Dirigido por Gabriel Silvestre, <em>Um Lugar na Cidade<\/em> parte das ideias do fil\u00f3sofo franc\u00eas Henri Lefebvre para abordar como comunidades urbanas na Am\u00e9rica Latina enfrentam desafios como o deslocamento for\u00e7ado, a segrega\u00e7\u00e3o urbana e a desigualdade de g\u00eanero. A proposta \u00e9 discutir o direito \u00e0 cidade n\u00e3o apenas como acesso \u00e0 moradia, mas como participa\u00e7\u00e3o ativa na constru\u00e7\u00e3o de espa\u00e7os urbanos mais justos.<\/p>\n<p>O filme de 60 minutos percorre tr\u00eas experi\u00eancias em Ros\u00e1rio (Argentina), Santiago (Chile) e Belo Horizonte (Brasil). Em Ros\u00e1rio, o foco est\u00e1 na resist\u00eancia a um projeto de condom\u00ednio fechado, que resultou na regulariza\u00e7\u00e3o fundi\u00e1ria e na elabora\u00e7\u00e3o participativa de um plano diretor local. <\/p>\n<p>Em Santiago, o document\u00e1rio mostra como um grupo de moradores se organizou de forma aut\u00f4noma para construir moradia popular no centro da cidade, rompendo com a l\u00f3gica de expuls\u00e3o para as periferias. J\u00e1 em Belo Horizonte, a experi\u00eancia \u00e9 com antigas brigadas populares, hoje parte do MTST, e sua atua\u00e7\u00e3o em territ\u00f3rios da periferia da capital mineira.<\/p>\n<p>\u201cO document\u00e1rio \u00e9 o produto de uma pesquisa internacional que estudou novos movimentos sociais e pr\u00e1ticas urbanas populares. A ideia \u00e9 mostrar como esses grupos est\u00e3o criando alternativas concretas e coletivas \u00e0 exclus\u00e3o urbana nas cidades latino-americanas\u201d, explica Silvestre ao <strong>Brasil de Fato<\/strong>.<\/p>\n<p>O projeto faz parte da pesquisa internacional <em>Territ\u00f3rios Contestados<\/em>, financiada pela Uni\u00e3o Europeia, com participa\u00e7\u00e3o da Universidade de Newcastle, da Universidade de Buenos Aires e da Universidade do Chile. A coprodu\u00e7\u00e3o \u00e9 com a organiza\u00e7\u00e3o argentina Fundaci\u00f3n Ciudades sin Miedo.<\/p>\n<p>Segundo o diretor, a sess\u00e3o deste s\u00e1bado marca um momento importante da circula\u00e7\u00e3o do filme: \u201cEssa vai ser a primeira exibi\u00e7\u00e3o realmente aberta ao grande p\u00fablico no Brasil, fora do meio acad\u00eamico e dos movimentos. \u00c9 uma chance de conversar com outras pessoas sobre o que significa lutar por uma cidade diferente.\u201d<\/p>\n<p>O post <a href=\"https:\/\/www.brasildefato.com.br\/2025\/08\/22\/cinema-sem-teto-exibe-documentario-sobre-direito-a-cidade-na-ocupacao-elza-soares\/\">Cinema Sem-Teto exibe document\u00e1rio sobre direito \u00e0 cidade na Ocupa\u00e7\u00e3o Elza Soares<\/a> apareceu primeiro em <a href=\"https:\/\/www.brasildefato.com.br\/\">Brasil de Fato<\/a>.<\/p>\n<!-- Begin Yuzo --><div class='yuzo_related_post style-1'  data-version='5.12.89'><!-- without result --><div class='yuzo_clearfixed yuzo__title yuzo__title'><h3>Related Post<\/h3><\/div>\n\t\t\t\t\t\t  <div class=\"relatedthumb \" style=\"width:125px;float:left;overflow:hidden;\">  \n\t\t\t\t\t\t\t  \n\t\t\t\t\t\t\t  <a  href=\"https:\/\/redept.com.br\/blogosfera\/lula-mete-dedo-na-cara-de-trump-por-telefone-e-diz-que-nao-quer-interferencia-no-brasil-video\/\"  >\n\t\t\t\t\t\t\t\t\t  <div class=\"yuzo-img-wrap \" style=\"width: 125px;height:90px;\">\n\t\t\t\t\t\t\t\t\t\t\n\t\t\t\t\t\t\t\t\t\t<div class=\"yuzo-img\" style=\"background:url('https:\/\/redept.org\/blogosfera\/wp-content\/plugins\/yuzo-related-post\/assets\/images\/default.png') 50% 50% no-repeat;width: 125px;height:90px;margin-bottom: 5px;background-size: cover; \"><\/div>\n\t\t\t\t\t\t\t\t\t  <\/div>\n\t\t\t\t\t\t\t\t\t  \n\t\t\t\t\t\t\t\t   <span class=\"yuzo__text--title\" style=\"font-size:13px;\">Lula mete dedo na cara de Trump por telefone e diz...<\/span>\n\t\t\t\t\t\t\t  \n\t\t\t\t\t\t\t  \n\t\t\t\t\t\t\t  <\/a>\n\n\t\t\t\t\t\t  <\/div>\n\t\t\t\t\t\t  <div class=\"relatedthumb \" style=\"width:125px;float:left;overflow:hidden;\">  \n\t\t\t\t\t\t\t  \n\t\t\t\t\t\t\t  <a  href=\"https:\/\/redept.com.br\/blogosfera\/ministerio-repudia-assessor-dos-eua-que-chamou-brasileiras-de-raca-maldita\/\"  >\n\t\t\t\t\t\t\t\t\t  <div class=\"yuzo-img-wrap \" style=\"width: 125px;height:90px;\">\n\t\t\t\t\t\t\t\t\t\t\n\t\t\t\t\t\t\t\t\t\t<div class=\"yuzo-img\" style=\"background:url('https:\/\/redept.com.br\/blogosfera\/wp-content\/uploads\/2026\/04\/paollo-zampolli-Matthias-Balk_dpa-150x150.png') 50% 50% no-repeat;width: 125px;height:90px;margin-bottom: 5px;background-size: cover; \"><\/div>\n\t\t\t\t\t\t\t\t\t  <\/div>\n\t\t\t\t\t\t\t\t\t  \n\t\t\t\t\t\t\t\t   <span class=\"yuzo__text--title\" style=\"font-size:13px;\">Minist\u00e9rio repudia assessor dos EUA que chamou bra...<\/span>\n\t\t\t\t\t\t\t  \n\t\t\t\t\t\t\t  \n\t\t\t\t\t\t\t  <\/a>\n\n\t\t\t\t\t\t  <\/div>\n\t\t\t\t\t\t  <div class=\"relatedthumb \" style=\"width:125px;float:left;overflow:hidden;\">  \n\t\t\t\t\t\t\t  \n\t\t\t\t\t\t\t  <a  href=\"https:\/\/redept.com.br\/blogosfera\/metroviarios-de-sao-paulo-entram-em-estado-de-greve-e-pressionam-metro-por-negociacao\/\"  >\n\t\t\t\t\t\t\t\t\t  <div class=\"yuzo-img-wrap \" style=\"width: 125px;height:90px;\">\n\t\t\t\t\t\t\t\t\t\t\n\t\t\t\t\t\t\t\t\t\t<div class=\"yuzo-img\" style=\"background:url('https:\/\/redept.org\/blogosfera\/wp-content\/plugins\/yuzo-related-post\/assets\/images\/default.png') 50% 50% no-repeat;width: 125px;height:90px;margin-bottom: 5px;background-size: cover; \"><\/div>\n\t\t\t\t\t\t\t\t\t  <\/div>\n\t\t\t\t\t\t\t\t\t  \n\t\t\t\t\t\t\t\t   <span class=\"yuzo__text--title\" style=\"font-size:13px;\">Metrovi\u00e1rios de S\u00e3o Paulo entram em estado de grev...<\/span>\n\t\t\t\t\t\t\t  \n\t\t\t\t\t\t\t  \n\t\t\t\t\t\t\t  <\/a>\n\n\t\t\t\t\t\t  <\/div>\n\t\t\t\t\t\t  <div class=\"relatedthumb \" style=\"width:125px;float:left;overflow:hidden;\">  \n\t\t\t\t\t\t\t  \n\t\t\t\t\t\t\t  <a  href=\"https:\/\/redept.com.br\/blogosfera\/pib-cresce-34-em-2024-e-fecha-o-ano-em-r-117-trilhoes\/\"  >\n\t\t\t\t\t\t\t\t\t  <div class=\"yuzo-img-wrap \" style=\"width: 125px;height:90px;\">\n\t\t\t\t\t\t\t\t\t\t\n\t\t\t\t\t\t\t\t\t\t<div class=\"yuzo-img\" style=\"background:url('https:\/\/redept.org\/blogosfera\/wp-content\/plugins\/yuzo-related-post\/assets\/images\/default.png') 50% 50% no-repeat;width: 125px;height:90px;margin-bottom: 5px;background-size: cover; \"><\/div>\n\t\t\t\t\t\t\t\t\t  <\/div>\n\t\t\t\t\t\t\t\t\t  \n\t\t\t\t\t\t\t\t   <span class=\"yuzo__text--title\" style=\"font-size:13px;\">PIB cresce 3,4% em 2024 e fecha o ano em R$ 11,7 t...<\/span>\n\t\t\t\t\t\t\t  \n\t\t\t\t\t\t\t  \n\t\t\t\t\t\t\t  <\/a>\n\n\t\t\t\t\t\t  <\/div>\n<\/div> <script>\n\t\t\t\t\t\t  jQuery(document).ready(function( $ ){\n\t\t\t\t\t\t\t\/\/jQuery('.yuzo_related_post').equalizer({ overflow : 'relatedthumb' });\n\t\t\t\t\t\t\tjQuery('.yuzo_related_post .yuzo_wraps').equalizer({ columns : '> div' });\n\t\t\t\t\t\t   })\n\t\t\t\t\t\t  <\/script> <!-- End Yuzo :) -->","protected":false},"excerpt":{"rendered":"<p>No pr\u00f3ximo s\u00e1bado (23), \u00e0s 17h30, a Ocupa\u00e7\u00e3o Elza Soares, na regi\u00e3o do metr\u00f4 Ana Rosa, em S\u00e3o Paulo (SP), recebe a d\u00e9cima exibi\u00e7\u00e3o p\u00fablica do document\u00e1rio Um Lugar na Cidade, como parte da programa\u00e7\u00e3o do Cinema Sem-Teto, organizado pelo Movimento dos Trabalhadores Sem Teto (MTST). A sess\u00e3o tem entrada gratuita e contar\u00e1 com pipoca [&hellip;]<\/p>\n","protected":false},"author":2,"featured_media":0,"comment_status":"open","ping_status":"closed","sticky":false,"template":"","format":"standard","meta":{"fifu_image_url":"","fifu_image_alt":"","footnotes":""},"categories":[309,1555,507,4914],"tags":[],"class_list":["post-46800","post","type-post","status-publish","format-standard","hentry","category-cultura","category-direito-a-cidade","category-documentario","category-luta-por-moradia"],"_links":{"self":[{"href":"https:\/\/redept.com.br\/blogosfera\/wp-json\/wp\/v2\/posts\/46800","targetHints":{"allow":["GET"]}}],"collection":[{"href":"https:\/\/redept.com.br\/blogosfera\/wp-json\/wp\/v2\/posts"}],"about":[{"href":"https:\/\/redept.com.br\/blogosfera\/wp-json\/wp\/v2\/types\/post"}],"author":[{"embeddable":true,"href":"https:\/\/redept.com.br\/blogosfera\/wp-json\/wp\/v2\/users\/2"}],"replies":[{"embeddable":true,"href":"https:\/\/redept.com.br\/blogosfera\/wp-json\/wp\/v2\/comments?post=46800"}],"version-history":[{"count":0,"href":"https:\/\/redept.com.br\/blogosfera\/wp-json\/wp\/v2\/posts\/46800\/revisions"}],"wp:attachment":[{"href":"https:\/\/redept.com.br\/blogosfera\/wp-json\/wp\/v2\/media?parent=46800"}],"wp:term":[{"taxonomy":"category","embeddable":true,"href":"https:\/\/redept.com.br\/blogosfera\/wp-json\/wp\/v2\/categories?post=46800"},{"taxonomy":"post_tag","embeddable":true,"href":"https:\/\/redept.com.br\/blogosfera\/wp-json\/wp\/v2\/tags?post=46800"}],"curies":[{"name":"wp","href":"https:\/\/api.w.org\/{rel}","templated":true}]}}