{"id":46853,"date":"2025-08-22T08:59:32","date_gmt":"2025-08-22T11:59:32","guid":{"rendered":"https:\/\/redept.org\/blogosfera\/esse-ai\/"},"modified":"2025-08-22T08:59:32","modified_gmt":"2025-08-22T11:59:32","slug":"esse-ai","status":"publish","type":"post","link":"https:\/\/redept.com.br\/blogosfera\/esse-ai\/","title":{"rendered":"Esse a\u00ed"},"content":{"rendered":"<p>Depois de tudo que j\u00e1 se sabe sobre o delinquente fascista Jair Bolsonaro, choca ouvir as mensagens de seu universo familiar adicionado com a fala, agora p\u00fablica, do charlat\u00e3o grotesco Silas Malafaia.<\/p>\n<p>Impressiona observar que a revista Veja optou pela del\u00edcia do sil\u00eancio em sua chamada de capa. S\u00f3 platitudes funestas para n\u00e3o destacar o que o pa\u00eds inteiro n\u00e3o para de comentar. o destino selado de Bolsonaro, que \u00e9 a condena\u00e7\u00e3o e pris\u00e3o que pode at\u00e9 ocorrer antes mesmo do julgamento pelos motivos \u00f3bvios que todos n\u00f3s ouvimos.<\/p>\n<p>Bolsonaro, em conversa com Malafaia, n\u00e3o deixa p\u00f3 de d\u00favida que \u00e9 ele o timoneiro das tarifas de Trump contra o Brasil.<\/p>\n<p>L\u00f3gico que o ped\u00f3filo americano, vendo o imp\u00e9rio abrindo crateras debaixo de seus p\u00e9s, deixando-o sem ch\u00e3o, n\u00e3o vacila em culpar o mundo pela decad\u00eancia dos EUA. O Brasil, mesmo em desvantagem na balan\u00e7a comercial com os norte-americanos, acaba tendo o mesmo destino de todo o resto do mundo.<\/p>\n<p>Mas \u00e9 Bolsonaro, que exerce a fun\u00e7\u00e3o principal de traidor da p\u00e1tria para o pr\u00f3prio pimp\u00e3o ser, e somente ele, anistiado para n\u00e3o enfrentar o rigor da lei.<\/p>\n<p>Eduardo s\u00f3 cumpre as ordens do pai, a quem chamou de ingrato do C\u2026!<\/p>\n<p>Em suma, \u00e9 Bolsonaro que usa o ar, a \u00e1gua e o fogo contra todo o povo brasileiro na sua f\u00f3rmula miliciana para o Brasil sofrer san\u00e7\u00f5es dos EUA em seu pr\u00f3prio gozo.<\/p>\n<hr>\n<hr>\n<h5>Apoie o Antropofagista com qualquer valor<br \/>\nPIX: 45013993768<br \/>\nAgradecemos imensamente<\/h5>\n<hr>\n<p><strong>Siga-nos no Whatsapp:<\/strong> https:\/\/chat.whatsapp.com\/EDwMnaR2cC27mPiXJEH24i?mode=ac_t<\/p>\n<p><strong>Siga-nos no Facebook:<\/strong> https:\/\/www.facebook.com\/profile.php?id=100070790366110<\/p>\n<p><strong>Siga-nos no X:<\/strong> https:\/\/x.com\/Antropofagista1<\/p>\n<p><strong>Siga-nos no Instagram:<\/strong> https:\/\/www.instagram.com\/blogantropofagista?igsh=YzljYTk1ODg3Z<\/p>\n<p>The post Esse a\u00ed first appeared on Antropofagista.<\/p>\n<!-- Begin Yuzo --><div class='yuzo_related_post style-1'  data-version='5.12.89'><!-- without result --><div class='yuzo_clearfixed yuzo__title yuzo__title'><h3>Related Post<\/h3><\/div>\n\t\t\t\t\t\t  <div class=\"relatedthumb \" style=\"width:125px;float:left;overflow:hidden;\">  \n\t\t\t\t\t\t\t  \n\t\t\t\t\t\t\t  <a  href=\"https:\/\/redept.com.br\/blogosfera\/cordao-do-bola-preta-celebra-tradicao-de-107-carnavais-no-rio\/\"  >\n\t\t\t\t\t\t\t\t\t  <div class=\"yuzo-img-wrap \" style=\"width: 125px;height:90px;\">\n\t\t\t\t\t\t\t\t\t\t\n\t\t\t\t\t\t\t\t\t\t<div class=\"yuzo-img\" style=\"background:url('https:\/\/redept.org\/blogosfera\/wp-content\/plugins\/yuzo-related-post\/assets\/images\/default.png') 50% 50% no-repeat;width: 125px;height:90px;margin-bottom: 5px;background-size: cover; \"><\/div>\n\t\t\t\t\t\t\t\t\t  <\/div>\n\t\t\t\t\t\t\t\t\t  \n\t\t\t\t\t\t\t\t   <span class=\"yuzo__text--title\" style=\"font-size:13px;\">Cord\u00e3o do Bola Preta celebra tradi\u00e7\u00e3o de 107 carna...<\/span>\n\t\t\t\t\t\t\t  \n\t\t\t\t\t\t\t  \n\t\t\t\t\t\t\t  <\/a>\n\n\t\t\t\t\t\t  <\/div>\n\t\t\t\t\t\t  <div class=\"relatedthumb \" style=\"width:125px;float:left;overflow:hidden;\">  \n\t\t\t\t\t\t\t  \n\t\t\t\t\t\t\t  <a  href=\"https:\/\/redept.com.br\/blogosfera\/ataques-dos-eua-as-usinas-nucleares-nao-destroem-estoque-de-uranio-do-ira\/\"  >\n\t\t\t\t\t\t\t\t\t  <div class=\"yuzo-img-wrap \" style=\"width: 125px;height:90px;\">\n\t\t\t\t\t\t\t\t\t\t\n\t\t\t\t\t\t\t\t\t\t<div class=\"yuzo-img\" style=\"background:url('https:\/\/redept.com.br\/blogosfera\/wp-content\/uploads\/2025\/06\/Captura-de-Tela-2025-06-27-as-153838-150x150.png') 50% 50% no-repeat;width: 125px;height:90px;margin-bottom: 5px;background-size: cover; \"><\/div>\n\t\t\t\t\t\t\t\t\t  <\/div>\n\t\t\t\t\t\t\t\t\t  \n\t\t\t\t\t\t\t\t   <span class=\"yuzo__text--title\" style=\"font-size:13px;\">Ataques dos EUA \u00e0s usinas nucleares n\u00e3o destroem e...<\/span>\n\t\t\t\t\t\t\t  \n\t\t\t\t\t\t\t  \n\t\t\t\t\t\t\t  <\/a>\n\n\t\t\t\t\t\t  <\/div>\n\t\t\t\t\t\t  <div class=\"relatedthumb \" style=\"width:125px;float:left;overflow:hidden;\">  \n\t\t\t\t\t\t\t  \n\t\t\t\t\t\t\t  <a  href=\"https:\/\/redept.com.br\/blogosfera\/movimento-brasil-popular-ocupa-centro-de-saude-abandonado-em-bh-para-fazer-cozinha-solidaria\/\"  >\n\t\t\t\t\t\t\t\t\t  <div class=\"yuzo-img-wrap \" style=\"width: 125px;height:90px;\">\n\t\t\t\t\t\t\t\t\t\t\n\t\t\t\t\t\t\t\t\t\t<div class=\"yuzo-img\" style=\"background:url('https:\/\/redept.org\/blogosfera\/wp-content\/plugins\/yuzo-related-post\/assets\/images\/default.png') 50% 50% no-repeat;width: 125px;height:90px;margin-bottom: 5px;background-size: cover; \"><\/div>\n\t\t\t\t\t\t\t\t\t  <\/div>\n\t\t\t\t\t\t\t\t\t  \n\t\t\t\t\t\t\t\t   <span class=\"yuzo__text--title\" style=\"font-size:13px;\">Movimento Brasil Popular ocupa centro de sa\u00fade aba...<\/span>\n\t\t\t\t\t\t\t  \n\t\t\t\t\t\t\t  \n\t\t\t\t\t\t\t  <\/a>\n\n\t\t\t\t\t\t  <\/div>\n\t\t\t\t\t\t  <div class=\"relatedthumb \" style=\"width:125px;float:left;overflow:hidden;\">  \n\t\t\t\t\t\t\t  \n\t\t\t\t\t\t\t  <a  href=\"https:\/\/redept.com.br\/blogosfera\/ocupacao-manuel-congo-no-centro-do-rio-sera-inaugurada-neste-sabado-22\/\"  >\n\t\t\t\t\t\t\t\t\t  <div class=\"yuzo-img-wrap \" style=\"width: 125px;height:90px;\">\n\t\t\t\t\t\t\t\t\t\t\n\t\t\t\t\t\t\t\t\t\t<div class=\"yuzo-img\" style=\"background:url('https:\/\/redept.org\/blogosfera\/wp-content\/plugins\/yuzo-related-post\/assets\/images\/default.png') 50% 50% no-repeat;width: 125px;height:90px;margin-bottom: 5px;background-size: cover; \"><\/div>\n\t\t\t\t\t\t\t\t\t  <\/div>\n\t\t\t\t\t\t\t\t\t  \n\t\t\t\t\t\t\t\t   <span class=\"yuzo__text--title\" style=\"font-size:13px;\">Ocupa\u00e7\u00e3o Manuel Congo, no Centro do Rio, ser\u00e1 inau...<\/span>\n\t\t\t\t\t\t\t  \n\t\t\t\t\t\t\t  \n\t\t\t\t\t\t\t  <\/a>\n\n\t\t\t\t\t\t  <\/div>\n<\/div> <script>\n\t\t\t\t\t\t  jQuery(document).ready(function( $ ){\n\t\t\t\t\t\t\t\/\/jQuery('.yuzo_related_post').equalizer({ overflow : 'relatedthumb' });\n\t\t\t\t\t\t\tjQuery('.yuzo_related_post .yuzo_wraps').equalizer({ columns : '> div' });\n\t\t\t\t\t\t   })\n\t\t\t\t\t\t  <\/script> <!-- End Yuzo :) -->","protected":false},"excerpt":{"rendered":"<p>Depois de tudo que j\u00e1 se sabe sobre o delinquente fascista Jair Bolsonaro, choca ouvir as mensagens de seu universo familiar adicionado com a fala, agora p\u00fablica, do charlat\u00e3o grotesco Silas Malafaia. Impressiona observar que a revista Veja optou pela del\u00edcia do sil\u00eancio em sua chamada de capa. S\u00f3 platitudes funestas para n\u00e3o destacar o [\u2026]<\/p>\n<p>The post <a href=\"https:\/\/antropofagista.com.br\/2025\/08\/22\/esse-ai-2\/\">Esse a\u00ed<\/a> first appeared on <a href=\"https:\/\/antropofagista.com.br\/\">Antropofagista<\/a>.<\/p>\n","protected":false},"author":2,"featured_media":0,"comment_status":"open","ping_status":"closed","sticky":false,"template":"","format":"standard","meta":{"fifu_image_url":"","fifu_image_alt":"","footnotes":""},"categories":[15067,824,7435,132,1453],"tags":[],"class_list":["post-46853","post","type-post","status-publish","format-standard","hentry","category-fascista","category-jair-bolsonaro","category-malafaia","category-politica","category-trump"],"_links":{"self":[{"href":"https:\/\/redept.com.br\/blogosfera\/wp-json\/wp\/v2\/posts\/46853","targetHints":{"allow":["GET"]}}],"collection":[{"href":"https:\/\/redept.com.br\/blogosfera\/wp-json\/wp\/v2\/posts"}],"about":[{"href":"https:\/\/redept.com.br\/blogosfera\/wp-json\/wp\/v2\/types\/post"}],"author":[{"embeddable":true,"href":"https:\/\/redept.com.br\/blogosfera\/wp-json\/wp\/v2\/users\/2"}],"replies":[{"embeddable":true,"href":"https:\/\/redept.com.br\/blogosfera\/wp-json\/wp\/v2\/comments?post=46853"}],"version-history":[{"count":0,"href":"https:\/\/redept.com.br\/blogosfera\/wp-json\/wp\/v2\/posts\/46853\/revisions"}],"wp:attachment":[{"href":"https:\/\/redept.com.br\/blogosfera\/wp-json\/wp\/v2\/media?parent=46853"}],"wp:term":[{"taxonomy":"category","embeddable":true,"href":"https:\/\/redept.com.br\/blogosfera\/wp-json\/wp\/v2\/categories?post=46853"},{"taxonomy":"post_tag","embeddable":true,"href":"https:\/\/redept.com.br\/blogosfera\/wp-json\/wp\/v2\/tags?post=46853"}],"curies":[{"name":"wp","href":"https:\/\/api.w.org\/{rel}","templated":true}]}}