{"id":47029,"date":"2025-08-24T17:09:39","date_gmt":"2025-08-24T20:09:39","guid":{"rendered":"https:\/\/redept.org\/blogosfera\/estudantes-da-univali-protestam-contra-realizacao-de-conferencia-fascista\/"},"modified":"2025-08-24T17:09:39","modified_gmt":"2025-08-24T20:09:39","slug":"estudantes-da-univali-protestam-contra-realizacao-de-conferencia-fascista","status":"publish","type":"post","link":"https:\/\/redept.com.br\/blogosfera\/estudantes-da-univali-protestam-contra-realizacao-de-conferencia-fascista\/","title":{"rendered":"Estudantes da UNIVALI protestam contra realiza\u00e7\u00e3o de confer\u00eancia fascista"},"content":{"rendered":"<p><img fetchpriority=\"high\" width=\"1280\" height=\"853\"src=\"https:\/\/redept.org\/blogosfera\/wp-content\/uploads\/2025\/08\/WhatsApp-Image-2025-08-24-at-155026.jpeg\" alt=\"\" link_thumbnail=\"\" decoding=\"async\" srcset=\"https:\/\/redept.org\/blogosfera\/wp-content\/uploads\/2025\/08\/WhatsApp-Image-2025-08-24-at-155026.jpeg 1280w, https:\/\/averdade.org.br\/wp-content\/uploads\/2025\/08\/WhatsApp-Image-2025-08-24-at-15.50.26-350x233.jpeg 350w, https:\/\/averdade.org.br\/wp-content\/uploads\/2025\/08\/WhatsApp-Image-2025-08-24-at-15.50.26-1024x682.jpeg 1024w, https:\/\/averdade.org.br\/wp-content\/uploads\/2025\/08\/WhatsApp-Image-2025-08-24-at-15.50.26-250x167.jpeg 250w, https:\/\/averdade.org.br\/wp-content\/uploads\/2025\/08\/WhatsApp-Image-2025-08-24-at-15.50.26-768x512.jpeg 768w, https:\/\/averdade.org.br\/wp-content\/uploads\/2025\/08\/WhatsApp-Image-2025-08-24-at-15.50.26-150x100.jpeg 150w, https:\/\/averdade.org.br\/wp-content\/uploads\/2025\/08\/WhatsApp-Image-2025-08-24-at-15.50.26-300x200.jpeg 300w, https:\/\/averdade.org.br\/wp-content\/uploads\/2025\/08\/WhatsApp-Image-2025-08-24-at-15.50.26-696x464.jpeg 696w, https:\/\/averdade.org.br\/wp-content\/uploads\/2025\/08\/WhatsApp-Image-2025-08-24-at-15.50.26-1068x712.jpeg 1068w\" sizes=\"(max-width: 1280px) 100vw, 1280px\"><\/p>\n<p><b>Estudates da UNIVALI organizam ato contra confer\u00eancia da extrema-direita fascista na<\/b><strong> universidade e s\u00e3o reprimidos pela pol\u00edcia, em Itaja\u00ed (SC).\u00a0<\/strong><\/p>\n<p><strong>Reda\u00e7\u00e3o SC<\/strong><\/p>\n<hr>\n<p><span>JUVENTUDE \u2013 No in\u00edcio do m\u00eas de agosto, o corpo estudantil da UNIVALI tomou ci\u00eancia da realiza\u00e7\u00e3o do evento APAS (A\u00e7\u00e3o Pol\u00edtica Atl\u00e2ntico Sul) \u2013 Conference no campus da universidade, em Itaja\u00ed (SC), que reuniria os principais nomes do fascismo no nosso pa\u00eds, como os Deputados Nikolas Ferreira e Ana Campagnolo, promovido pela plataforma negacionista Brasil Paralelo, respons\u00e1vel, entre outros absurdos, de contestar a legitimidade da hist\u00f3rica luta das mulheres que culminou na Lei Maria da Penha.\u00a0\u00a0<\/span><\/p>\n<p><span>A partir disto, os centros acad\u00eamicos se organizaram para pensar como seria feita essa den\u00fancia, em poucos dias, uma nota de rep\u00fadio foi escrita e publicada, assinada por mais de 10 centros acad\u00eamicos al\u00e9m de outras entidades como importantes sindicatos da regi\u00e3o. A nota, solicitava uma resposta da reitoria mediante a estas acusa\u00e7\u00f5es, assim como a quebra do contrato da institui\u00e7\u00e3o com o evento, para que ele n\u00e3o fosse realizado na nossa universidade.\u00a0<\/span><\/p>\n<p><span>Sem resposta da reitoria, as entidades se reuniram em uma plen\u00e1ria aberta que definiu um calend\u00e1rio de lutas e deliberou um ato no dia do evento, para denunciar a indigna\u00e7\u00e3o dos estudantes com a universidade, mas tamb\u00e9m com o avan\u00e7o do fascismo nas universidades.<\/span><\/p>\n<h4><strong>Ato antifascista<\/strong><\/h4>\n<p><span>No dia 23\/08, estudantes da universidade ocuparam a universidade com um recado claro: \u201cA Univali n\u00e3o \u00e9 palco para fascistas\u201d. E foi essa convic\u00e7\u00e3o que sustentou, por mais de duas horas, a energia que incendiou as palavras de ordem e manteve o ato, mesmo com muita trucul\u00eancia da Pol\u00edcia Militar, da Guarda Municipal e dos apoiadores da extrema-direita que avan\u00e7avam \u2018ferozmente\u2019 enquanto estavam sendo protegidos pela pol\u00edcia.\u00a0\u00a0<\/span><\/p>\n<p><span>A Universidade recebeu os estudantes com um efetivo da Pol\u00edcia Militar e da Guarda Municipal, orientados a n\u00e3o deixar os estudantes entrar no espa\u00e7o onde o evento estaria acontecendo. Exercendo sua fun\u00e7\u00e3o de ferramenta dos grandes ricos e da extrema-direita, agrediu diversos estudantes com empurr\u00f5es, pux\u00f5es de cabelo e spray de pimenta. Mas mesmo a a\u00e7\u00e3o dos lacaios da burguesia n\u00e3o desmoralizou a nossa mobiliza\u00e7\u00e3o, pelo contr\u00e1rio, deixou ainda mais en\u00e9rgico o grito daqueles e daquelas que lutam hoje para serem ouvidos.\u00a0\u00a0<\/span><\/p>\n<p><span>Ao final, foi realizada uma plen\u00e1ria com todos os participantes do ato, onde o clima era de muita vit\u00f3ria e convic\u00e7\u00e3o de que juntos podemos tudo! Al\u00e9m de ser o primeiro ato pol\u00edtico em d\u00e9cadas na nossa universidade, esta foi uma virada de chave para o movimento estudantil em toda a regi\u00e3o, um divisor de \u00e1guas para os estudantes do estado, que cada vez mais ousam lutar por seus direitos e dignidade.\u00a0<\/span><\/p>\n<p><span>\u201cO dia de hoje \u00e9 marcante para o movimento estudantil da UNIVALI, nas ultimas d\u00e9cadas, os estudantes tem sofrido com a precariza\u00e7\u00e3o do ensino e a mercantiliza\u00e7\u00e3o da educa\u00e7\u00e3o. A UNIVALI, embora seja uma universidade comunit\u00e1ria, cobra do estudante que quer justificar a sua falta, por doen\u00e7a ou at\u00e9 mesmo \u00f3bito de algum ente querido, n\u00e3o h\u00e1 um restaurante universit\u00e1rio, nem a quantidade de bolsas necess\u00e1rias.\u201d, afirmou Ot\u00e1vio Colussi, estudante da Univali e membro da coordena\u00e7\u00e3o estadual do Movimento Correnteza.\u00a0<\/span><\/p>\n<p><span>Ao Jornal A Verdade, a diretora de mulheres da UNE, Isabella Ribas, afirmou que \u201cos estudantes quando se organizam, n\u00e3o abrem espa\u00e7o para extrema-direita na universidade. N\u00e3o permitiremos que essa corja de fascistas tente se inserir no movimento estudantil e muito menos que tentem convencer nossa juventude com sua ideologia podre e caduca.\u201d <\/span><\/p>\n<p><span>O ato mostrou<\/span> a import\u00e2ncia do movimento estudantil organizado contra o fascismo e a import\u00e2ncia das entidades estudantis. <span>O Movimento Correnteza durante toda a mobiliza\u00e7\u00e3o entrou numa ofensiva nas den\u00fancias feitas com os estudantes. Um dos resultados desta campanha s\u00e3o mais de 110 jornais vendidos e mais de 80 contatos de estudantes que queriam construir uma grande luta contra o avan\u00e7o da extrema-direita na nossa universidade, mas tamb\u00e9m de construir uma luta consequente das dificuldades que passamos todos os dias.<\/span><\/p>\n<p>\u00a0<\/p>\n<!-- Begin Yuzo --><div class='yuzo_related_post style-1'  data-version='5.12.89'><!-- without result --><div class='yuzo_clearfixed yuzo__title yuzo__title'><h3>Related Post<\/h3><\/div>\n\t\t\t\t\t\t  <div class=\"relatedthumb \" style=\"width:125px;float:left;overflow:hidden;\">  \n\t\t\t\t\t\t\t  \n\t\t\t\t\t\t\t  <a  href=\"https:\/\/redept.com.br\/blogosfera\/cicatrizes-de-deslizamentos-e-rios-mais-rasos-aumentam-a-vulnerabilidade-do-rs-as-chuvas\/\"  >\n\t\t\t\t\t\t\t\t\t  <div class=\"yuzo-img-wrap \" style=\"width: 125px;height:90px;\">\n\t\t\t\t\t\t\t\t\t\t\n\t\t\t\t\t\t\t\t\t\t<div class=\"yuzo-img\" style=\"background:url('https:\/\/redept.com.br\/blogosfera\/wp-content\/uploads\/2025\/06\/enchentes-rio-forqueta-RS-2025-150x150.jpg') 50% 50% no-repeat;width: 125px;height:90px;margin-bottom: 5px;background-size: cover; \"><\/div>\n\t\t\t\t\t\t\t\t\t  <\/div>\n\t\t\t\t\t\t\t\t\t  \n\t\t\t\t\t\t\t\t   <span class=\"yuzo__text--title\" style=\"font-size:13px;\">Cicatrizes de deslizamentos e rios mais rasos aume...<\/span>\n\t\t\t\t\t\t\t  \n\t\t\t\t\t\t\t  \n\t\t\t\t\t\t\t  <\/a>\n\n\t\t\t\t\t\t  <\/div>\n\t\t\t\t\t\t  <div class=\"relatedthumb \" style=\"width:125px;float:left;overflow:hidden;\">  \n\t\t\t\t\t\t\t  \n\t\t\t\t\t\t\t  <a  href=\"https:\/\/redept.com.br\/blogosfera\/reacao-da-esquerda-dia-10-de-julho-na-av-paulista-ato-contra-os-ataques-da-direita-e-bolsonarismo\/\"  >\n\t\t\t\t\t\t\t\t\t  <div class=\"yuzo-img-wrap \" style=\"width: 125px;height:90px;\">\n\t\t\t\t\t\t\t\t\t\t\n\t\t\t\t\t\t\t\t\t\t<div class=\"yuzo-img\" style=\"background:url('https:\/\/redept.org\/blogosfera\/wp-content\/plugins\/yuzo-related-post\/assets\/images\/default.png') 50% 50% no-repeat;width: 125px;height:90px;margin-bottom: 5px;background-size: cover; \"><\/div>\n\t\t\t\t\t\t\t\t\t  <\/div>\n\t\t\t\t\t\t\t\t\t  \n\t\t\t\t\t\t\t\t   <span class=\"yuzo__text--title\" style=\"font-size:13px;\">Rea\u00e7\u00e3o da esquerda: Dia 10 de julho, na Av. Paulis...<\/span>\n\t\t\t\t\t\t\t  \n\t\t\t\t\t\t\t  \n\t\t\t\t\t\t\t  <\/a>\n\n\t\t\t\t\t\t  <\/div>\n\t\t\t\t\t\t  <div class=\"relatedthumb \" style=\"width:125px;float:left;overflow:hidden;\">  \n\t\t\t\t\t\t\t  \n\t\t\t\t\t\t\t  <a  href=\"https:\/\/redept.com.br\/blogosfera\/proibido-casamento-infantil-e-ainda-uma-realidade-no-brasil\/\"  >\n\t\t\t\t\t\t\t\t\t  <div class=\"yuzo-img-wrap \" style=\"width: 125px;height:90px;\">\n\t\t\t\t\t\t\t\t\t\t\n\t\t\t\t\t\t\t\t\t\t<div class=\"yuzo-img\" style=\"background:url('https:\/\/redept.org\/blogosfera\/wp-content\/plugins\/yuzo-related-post\/assets\/images\/default.png') 50% 50% no-repeat;width: 125px;height:90px;margin-bottom: 5px;background-size: cover; \"><\/div>\n\t\t\t\t\t\t\t\t\t  <\/div>\n\t\t\t\t\t\t\t\t\t  \n\t\t\t\t\t\t\t\t   <span class=\"yuzo__text--title\" style=\"font-size:13px;\">Proibido, casamento infantil \u00e9 ainda uma realidade...<\/span>\n\t\t\t\t\t\t\t  \n\t\t\t\t\t\t\t  \n\t\t\t\t\t\t\t  <\/a>\n\n\t\t\t\t\t\t  <\/div>\n\t\t\t\t\t\t  <div class=\"relatedthumb \" style=\"width:125px;float:left;overflow:hidden;\">  \n\t\t\t\t\t\t\t  \n\t\t\t\t\t\t\t  <a  href=\"https:\/\/redept.com.br\/blogosfera\/nao-deveria-ter-feito-isso-diz-cardeal-sobre-foto-de-trump\/\"  >\n\t\t\t\t\t\t\t\t\t  <div class=\"yuzo-img-wrap \" style=\"width: 125px;height:90px;\">\n\t\t\t\t\t\t\t\t\t\t\n\t\t\t\t\t\t\t\t\t\t<div class=\"yuzo-img\" style=\"background:url('https:\/\/redept.com.br\/blogosfera\/wp-content\/uploads\/2025\/05\/20250503070532_d266363b5f98a872cfc730f7e6f8d7b2b4a184e485211073915e5f9fa39b8c87-150x150.webp') 50% 50% no-repeat;width: 125px;height:90px;margin-bottom: 5px;background-size: cover; \"><\/div>\n\t\t\t\t\t\t\t\t\t  <\/div>\n\t\t\t\t\t\t\t\t\t  \n\t\t\t\t\t\t\t\t   <span class=\"yuzo__text--title\" style=\"font-size:13px;\">\u2018N\u00e3o deveria ter feito isso\u2019, diz cardeal sobre fo...<\/span>\n\t\t\t\t\t\t\t  \n\t\t\t\t\t\t\t  \n\t\t\t\t\t\t\t  <\/a>\n\n\t\t\t\t\t\t  <\/div>\n<\/div> <script>\n\t\t\t\t\t\t  jQuery(document).ready(function( $ ){\n\t\t\t\t\t\t\t\/\/jQuery('.yuzo_related_post').equalizer({ overflow : 'relatedthumb' });\n\t\t\t\t\t\t\tjQuery('.yuzo_related_post .yuzo_wraps').equalizer({ columns : '> div' });\n\t\t\t\t\t\t   })\n\t\t\t\t\t\t  <\/script> <!-- End Yuzo :) -->","protected":false},"excerpt":{"rendered":"<p><img decoding=\"async\" width=\"1280\" height=\"853\" src=\"https:\/\/averdade.org.br\/wp-content\/uploads\/2025\/08\/WhatsApp-Image-2025-08-24-at-15.50.26.jpeg\" alt=\"\">Estudates da UNIVALI organizam ato contra confer\u00eancia da extrema-direita fascista na universidade e s\u00e3o reprimidos pela pol\u00edcia, em Itaja\u00ed (SC).\u00a0 Reda\u00e7\u00e3o SC JUVENTUDE \u2013 No in\u00edcio do m\u00eas de agosto, o corpo estudantil da UNIVALI tomou ci\u00eancia da realiza\u00e7\u00e3o do evento APAS (A\u00e7\u00e3o Pol\u00edtica Atl\u00e2ntico Sul) \u2013 Conference no campus da universidade, em Itaja\u00ed (SC), [\u2026]<\/p>\n","protected":false},"author":2,"featured_media":47030,"comment_status":"open","ping_status":"closed","sticky":false,"template":"","format":"standard","meta":{"fifu_image_url":"","fifu_image_alt":"","footnotes":""},"categories":[3441,8524,95,67,66,16004],"tags":[],"class_list":["post-47029","post","type-post","status-publish","format-standard","has-post-thumbnail","hentry","category-antifascismo","category-ato","category-educacao","category-juventude","category-santa-catarina","category-univali"],"_links":{"self":[{"href":"https:\/\/redept.com.br\/blogosfera\/wp-json\/wp\/v2\/posts\/47029","targetHints":{"allow":["GET"]}}],"collection":[{"href":"https:\/\/redept.com.br\/blogosfera\/wp-json\/wp\/v2\/posts"}],"about":[{"href":"https:\/\/redept.com.br\/blogosfera\/wp-json\/wp\/v2\/types\/post"}],"author":[{"embeddable":true,"href":"https:\/\/redept.com.br\/blogosfera\/wp-json\/wp\/v2\/users\/2"}],"replies":[{"embeddable":true,"href":"https:\/\/redept.com.br\/blogosfera\/wp-json\/wp\/v2\/comments?post=47029"}],"version-history":[{"count":0,"href":"https:\/\/redept.com.br\/blogosfera\/wp-json\/wp\/v2\/posts\/47029\/revisions"}],"wp:featuredmedia":[{"embeddable":true,"href":"https:\/\/redept.com.br\/blogosfera\/wp-json\/wp\/v2\/media\/47030"}],"wp:attachment":[{"href":"https:\/\/redept.com.br\/blogosfera\/wp-json\/wp\/v2\/media?parent=47029"}],"wp:term":[{"taxonomy":"category","embeddable":true,"href":"https:\/\/redept.com.br\/blogosfera\/wp-json\/wp\/v2\/categories?post=47029"},{"taxonomy":"post_tag","embeddable":true,"href":"https:\/\/redept.com.br\/blogosfera\/wp-json\/wp\/v2\/tags?post=47029"}],"curies":[{"name":"wp","href":"https:\/\/api.w.org\/{rel}","templated":true}]}}