{"id":47057,"date":"2025-08-24T17:32:01","date_gmt":"2025-08-24T20:32:01","guid":{"rendered":"https:\/\/redept.org\/blogosfera\/chanceler-russo-acusa-lideres-europeus-nao-querem-paz\/"},"modified":"2025-08-24T17:32:01","modified_gmt":"2025-08-24T20:32:01","slug":"chanceler-russo-acusa-lideres-europeus-nao-querem-paz","status":"publish","type":"post","link":"https:\/\/redept.com.br\/blogosfera\/chanceler-russo-acusa-lideres-europeus-nao-querem-paz\/","title":{"rendered":"Chanceler russo acusa l\u00edderes europeus: \u2018n\u00e3o querem paz\u2019"},"content":{"rendered":"<p>O chanceler da R\u00fassia, Sergei Lavrov acusou neste domingo (24\/08) os l\u00edderes da Europa Ocidental de n\u00e3o desejarem a paz na Ucr\u00e2nia. Em entrevista \u00e0 NBC, ele criticou a postura europeia e afirmou que Moscou quer paz e est\u00e1 aberta ao di\u00e1logo.<\/p>\n<p>Lavrov tamb\u00e9m elogiou os esfor\u00e7os do presidente dos Estados Unidos, Donald Trump, em torno de um cessar-fogo no enclave. \u201cN\u00f3s queremos paz na Ucr\u00e2nia. O presidente Trump quer paz na Ucr\u00e2nia\u201d, mas \u201ca rea\u00e7\u00e3o \u00e0 reuni\u00e3o de Anchorage e \u00e0 reuni\u00e3o em Washington desses representantes europeus, e o que eles fizeram depois de Washington, indica que eles n\u00e3o querem paz\u201d, afirmou.<\/p>\n<p>Lavrov se referiu ao encontro em Anchorage, no Alasca, entre Trump e o presidente russo, Vladimir Putin, ocorrido no \u00faltimo dia 15 e ao encontro na Casa Branca entre o presidente dos Estados Unidos, l\u00edderes europeus e o presidente ucraniano Volodymyr Zelensky, ocorrido na segunda-feira (18\/08).<\/p>\n<p>Ao contr\u00e1rio dos europeus, apontou o chanceler russo, Trump tem demonstrado abertura para atender \u00e0s preocupa\u00e7\u00f5es de seguran\u00e7a da R\u00fassia e ao mesmo tempo buscar uma f\u00f3rmula que atenda \u00e0 Ucr\u00e2nia.<\/p>\n<p>Sobre o encontro entre Putin e Zelensky, bravateado por Trump, Lavrov n\u00e3o descartou a proposta: \u201cdesde que essa reuni\u00e3o realmente decida alguma coisa\u201d. Ele salientou que os esfor\u00e7os neste sentido ainda n\u00e3o foram feitos e que a \u201cquest\u00e3o de quem vai assinar o acordo do lado ucraniano \u00e9 muito s\u00e9ria\u201d. \u201cPrecisar\u00edamos de um entendimento muito claro de todos de que a pessoa que est\u00e1 assinando \u00e9 leg\u00edtima\u201d, apontou.<\/p>\n<figure aria-describedby=\"caption-attachment-229211\"><img fetchpriority=\"high\" decoding=\"async\"src=\"https:\/\/redept.org\/blogosfera\/wp-content\/uploads\/2025\/08\/ab915932-1d35-4656-945d-24246cc29d02.webp\" alt=\"\" width=\"1024\" height=\"609\" srcset=\"https:\/\/operamundi.uol.com.br\/wp-content\/uploads\/2025\/08\/ab915932-1d35-4656-945d-24246cc29d02-1024x609.webp 1024w, https:\/\/operamundi.uol.com.br\/wp-content\/uploads\/2025\/08\/ab915932-1d35-4656-945d-24246cc29d02-300x178.webp 300w, https:\/\/operamundi.uol.com.br\/wp-content\/uploads\/2025\/08\/ab915932-1d35-4656-945d-24246cc29d02-768x457.webp 768w, https:\/\/operamundi.uol.com.br\/wp-content\/uploads\/2025\/08\/ab915932-1d35-4656-945d-24246cc29d02-150x89.webp 150w, https:\/\/operamundi.uol.com.br\/wp-content\/uploads\/2025\/08\/ab915932-1d35-4656-945d-24246cc29d02-750x446.webp 750w, https:\/\/operamundi.uol.com.br\/wp-content\/uploads\/2025\/08\/ab915932-1d35-4656-945d-24246cc29d02-1140x678.webp 1140w, https:\/\/redept.org\/blogosfera\/wp-content\/uploads\/2025\/08\/ab915932-1d35-4656-945d-24246cc29d02.webp 1280w\" sizes=\"(max-width: 1024px) 100vw, 1024px\"><figcaption>Chanceler russo acusa l\u00edderes europeus: \u2018eles n\u00e3o querem paz\u2019 na Ucr\u00e2nia<br \/>Twitter\/MFA Russia<\/figcaption><\/figure>\n<h3>Territ\u00f3rios<\/h3>\n<p>\u201cN\u00e3o temos interesse em territ\u00f3rios. Temos o maior territ\u00f3rio da Terra\u201d, frisou o chanceler russo, ao acrescentar que o objetivo de Moscou \u00e9 \u201cremover quaisquer amea\u00e7as \u00e0 seguran\u00e7a da R\u00fassia vindas do territ\u00f3rio ucraniano\u201d e \u201cproteger os direitos dos russos \u00e9tnicos e das pessoas de l\u00edngua russa que acreditam pertencer \u00e0 cultura e \u00e0 hist\u00f3ria russas\u201d nestes territ\u00f3rios.<\/p>\n<p>\u201cA \u00fanica maneira de proteg\u00ea-los contra este regime nazista \u00e9 dar-lhes o direito de expressar a sua vontade\u201d, sublinhou, ao relatar que as autoridades ucranianas t\u00eam retratado os que votaram pela ades\u00e3o desses territ\u00f3rios \u00e0 R\u00fassia, como terroristas. \u201cA Ucr\u00e2nia tem o direito de existir\u201d, mas deve estar pronta para \u201cdeixar as pessoas irem embora\u201d, observou.<\/p>\n<p>Lavrov tamb\u00e9m disse que Putin deseja a paz e rejeitou as acusa\u00e7\u00f5es de que Moscou teria atingido alvos civis. \u201cNossa intelig\u00eancia tem informa\u00e7\u00f5es muito boas e temos como alvo apenas empresas militares, instala\u00e7\u00f5es militares ou ind\u00fastrias diretamente envolvidas na produ\u00e7\u00e3o de equipamentos militares para o ex\u00e9rcito ucraniano\u201d, disse.<\/p>\n<h3>M\u00edsseis<\/h3>\n<p>A entrevista neste domingo aconteceu ap\u00f3s a revela\u00e7\u00e3o do <em>Wall Street Journal<\/em> neste s\u00e1bado de que o Pent\u00e1gono vem impedido a Ucr\u00e2nia de usar m\u00edsseis de longo alcance Atacms contra alvos em territ\u00f3rio russo.<\/p>\n<p>O bloqueio, segundo o jornal, faz parte de uma estrat\u00e9gia do governo Trump para manter Putin engajado nas negocia\u00e7\u00f5es. Fontes do Departamento de Defesa explicaram que existe um \u201cmecanismo de revis\u00e3o\u201d, elaborado por Elbridge Colby, subsecret\u00e1rio de pol\u00edtica do Pent\u00e1gono, que limita o emprego de armamentos de longo alcance fornecidos pelos EUA ou aliados.<\/p>\n<p>Pelo sistema, apenas o secret\u00e1rio de Defesa, Pete Hegseth, pode autorizar o uso desses m\u00edsseis. Duas autoridades disseram ao ve\u00edculo que, em pelo menos uma ocasi\u00e3o, a Ucr\u00e2nia tentou usar Atacms contra um alvo, mas foi negada<\/p>\n<p>O post Chanceler russo acusa l\u00edderes europeus: \u2018n\u00e3o querem paz\u2019 apareceu primeiro em Opera Mundi.<\/p>\n<!-- Begin Yuzo --><div class='yuzo_related_post style-1'  data-version='5.12.89'><!-- without result --><div class='yuzo_clearfixed yuzo__title yuzo__title'><h3>Related Post<\/h3><\/div>\n\t\t\t\t\t\t  <div class=\"relatedthumb \" style=\"width:125px;float:left;overflow:hidden;\">  \n\t\t\t\t\t\t\t  \n\t\t\t\t\t\t\t  <a  href=\"https:\/\/redept.com.br\/blogosfera\/sobrecarga-materna-aumenta-consumo-de-ultraprocessados-por-criancas\/\"  >\n\t\t\t\t\t\t\t\t\t  <div class=\"yuzo-img-wrap \" style=\"width: 125px;height:90px;\">\n\t\t\t\t\t\t\t\t\t\t\n\t\t\t\t\t\t\t\t\t\t<div class=\"yuzo-img\" style=\"background:url('https:\/\/redept.com.br\/blogosfera\/wp-content\/uploads\/2026\/04\/Captura-de-Tela-2026-04-06-as-125821-1-150x150.png') 50% 50% no-repeat;width: 125px;height:90px;margin-bottom: 5px;background-size: cover; \"><\/div>\n\t\t\t\t\t\t\t\t\t  <\/div>\n\t\t\t\t\t\t\t\t\t  \n\t\t\t\t\t\t\t\t   <span class=\"yuzo__text--title\" style=\"font-size:13px;\">Sobrecarga materna aumenta consumo de ultraprocess...<\/span>\n\t\t\t\t\t\t\t  \n\t\t\t\t\t\t\t  \n\t\t\t\t\t\t\t  <\/a>\n\n\t\t\t\t\t\t  <\/div>\n\t\t\t\t\t\t  <div class=\"relatedthumb \" style=\"width:125px;float:left;overflow:hidden;\">  \n\t\t\t\t\t\t\t  \n\t\t\t\t\t\t\t  <a  href=\"https:\/\/redept.com.br\/blogosfera\/peticao-internacional-exige-absolvicao-de-ativista-frances-pro-palestina-condenado-por-apologia-ao-terrorismo\/\"  >\n\t\t\t\t\t\t\t\t\t  <div class=\"yuzo-img-wrap \" style=\"width: 125px;height:90px;\">\n\t\t\t\t\t\t\t\t\t\t\n\t\t\t\t\t\t\t\t\t\t<div class=\"yuzo-img\" style=\"background:url('https:\/\/redept.com.br\/blogosfera\/wp-content\/uploads\/2025\/04\/anasse_kazib_decembre_2021-150x150.jpg') 50% 50% no-repeat;width: 125px;height:90px;margin-bottom: 5px;background-size: cover; \"><\/div>\n\t\t\t\t\t\t\t\t\t  <\/div>\n\t\t\t\t\t\t\t\t\t  \n\t\t\t\t\t\t\t\t   <span class=\"yuzo__text--title\" style=\"font-size:13px;\">Peti\u00e7\u00e3o internacional exige absolvi\u00e7\u00e3o de ativista...<\/span>\n\t\t\t\t\t\t\t  \n\t\t\t\t\t\t\t  \n\t\t\t\t\t\t\t  <\/a>\n\n\t\t\t\t\t\t  <\/div>\n\t\t\t\t\t\t  <div class=\"relatedthumb \" style=\"width:125px;float:left;overflow:hidden;\">  \n\t\t\t\t\t\t\t  \n\t\t\t\t\t\t\t  <a  href=\"https:\/\/redept.com.br\/blogosfera\/lula-defende-que-luta-contra-feminicidio-deve-ser-sobretudo-dos-homens\/\"  >\n\t\t\t\t\t\t\t\t\t  <div class=\"yuzo-img-wrap \" style=\"width: 125px;height:90px;\">\n\t\t\t\t\t\t\t\t\t\t\n\t\t\t\t\t\t\t\t\t\t<div class=\"yuzo-img\" style=\"background:url('https:\/\/redept.com.br\/blogosfera\/wp-content\/uploads\/2026\/02\/agbras-150x150.jpg') 50% 50% no-repeat;width: 125px;height:90px;margin-bottom: 5px;background-size: cover; \"><\/div>\n\t\t\t\t\t\t\t\t\t  <\/div>\n\t\t\t\t\t\t\t\t\t  \n\t\t\t\t\t\t\t\t   <span class=\"yuzo__text--title\" style=\"font-size:13px;\">Lula defende que luta contra feminic\u00eddio deve ser ...<\/span>\n\t\t\t\t\t\t\t  \n\t\t\t\t\t\t\t  \n\t\t\t\t\t\t\t  <\/a>\n\n\t\t\t\t\t\t  <\/div>\n\t\t\t\t\t\t  <div class=\"relatedthumb \" style=\"width:125px;float:left;overflow:hidden;\">  \n\t\t\t\t\t\t\t  \n\t\t\t\t\t\t\t  <a  href=\"https:\/\/www.pragmatismopolitico.com.br\/2025\/11\/dialogo-revela-desespero-de-medica-apos-prescrever-dose-cavalar-de-adrenalina-em-crianca-que-morreu-no-hospital.html\"  >\n\t\t\t\t\t\t\t\t\t  <div class=\"yuzo-img-wrap \" style=\"width: 125px;height:90px;\">\n\t\t\t\t\t\t\t\t\t\t\n\t\t\t\t\t\t\t\t\t\t<div class=\"yuzo-img\" style=\"background:url('https:\/\/www.pragmatismopolitico.com.br\/wp-content\/uploads\/2025\/11\/dialogo-medica.jpg') 50% 50% no-repeat;width: 125px;height:90px;margin-bottom: 5px;background-size: cover; \"><\/div>\n\t\t\t\t\t\t\t\t\t  <\/div>\n\t\t\t\t\t\t\t\t\t  \n\t\t\t\t\t\t\t\t   <span class=\"yuzo__text--title\" style=\"font-size:13px;\">Di\u00e1logo revela desespero de m\u00e9dica ap\u00f3s prescrever...<\/span>\n\t\t\t\t\t\t\t  \n\t\t\t\t\t\t\t  \n\t\t\t\t\t\t\t  <\/a>\n\n\t\t\t\t\t\t  <\/div>\n<\/div> <script>\n\t\t\t\t\t\t  jQuery(document).ready(function( $ ){\n\t\t\t\t\t\t\t\/\/jQuery('.yuzo_related_post').equalizer({ overflow : 'relatedthumb' });\n\t\t\t\t\t\t\tjQuery('.yuzo_related_post .yuzo_wraps').equalizer({ columns : '> div' });\n\t\t\t\t\t\t   })\n\t\t\t\t\t\t  <\/script> <!-- End Yuzo :) -->","protected":false},"excerpt":{"rendered":"<p>O chanceler da R\u00fassia, Sergei Lavrov acusou neste domingo (24\/08) os l\u00edderes da Europa Ocidental de n\u00e3o desejarem a paz na Ucr\u00e2nia. Em entrevista \u00e0 NBC, ele criticou a postura europeia e afirmou que Moscou quer paz e est\u00e1 aberta ao di\u00e1logo. Lavrov tamb\u00e9m elogiou os esfor\u00e7os do presidente dos Estados Unidos, Donald Trump, em [\u2026]<\/p>\n<p>O post <a href=\"https:\/\/operamundi.uol.com.br\/guerra-na-ucrania\/chanceler-russo-acusa-lideres-europeus-eles-nao-querem-paz-na-ucrania\/\">Chanceler russo acusa l\u00edderes europeus: \u2018n\u00e3o querem paz\u2019<\/a> apareceu primeiro em <a href=\"https:\/\/operamundi.uol.com.br\/\">Opera Mundi<\/a>.<\/p>\n","protected":false},"author":2,"featured_media":47058,"comment_status":"closed","ping_status":"closed","sticky":false,"template":"","format":"standard","meta":{"fifu_image_url":"","fifu_image_alt":"","footnotes":""},"categories":[40,2147,7073,42,43,1453,372,3736],"tags":[],"class_list":["post-47057","post","type-post","status-publish","format-standard","has-post-thumbnail","hentry","category-europa","category-guerra-na-ucrania","category-lavrov","category-putin","category-russia","category-trump","category-ucrania","category-zelensky"],"_links":{"self":[{"href":"https:\/\/redept.com.br\/blogosfera\/wp-json\/wp\/v2\/posts\/47057","targetHints":{"allow":["GET"]}}],"collection":[{"href":"https:\/\/redept.com.br\/blogosfera\/wp-json\/wp\/v2\/posts"}],"about":[{"href":"https:\/\/redept.com.br\/blogosfera\/wp-json\/wp\/v2\/types\/post"}],"author":[{"embeddable":true,"href":"https:\/\/redept.com.br\/blogosfera\/wp-json\/wp\/v2\/users\/2"}],"replies":[{"embeddable":true,"href":"https:\/\/redept.com.br\/blogosfera\/wp-json\/wp\/v2\/comments?post=47057"}],"version-history":[{"count":0,"href":"https:\/\/redept.com.br\/blogosfera\/wp-json\/wp\/v2\/posts\/47057\/revisions"}],"wp:featuredmedia":[{"embeddable":true,"href":"https:\/\/redept.com.br\/blogosfera\/wp-json\/wp\/v2\/media\/47058"}],"wp:attachment":[{"href":"https:\/\/redept.com.br\/blogosfera\/wp-json\/wp\/v2\/media?parent=47057"}],"wp:term":[{"taxonomy":"category","embeddable":true,"href":"https:\/\/redept.com.br\/blogosfera\/wp-json\/wp\/v2\/categories?post=47057"},{"taxonomy":"post_tag","embeddable":true,"href":"https:\/\/redept.com.br\/blogosfera\/wp-json\/wp\/v2\/tags?post=47057"}],"curies":[{"name":"wp","href":"https:\/\/api.w.org\/{rel}","templated":true}]}}