{"id":47295,"date":"2025-08-25T20:34:19","date_gmt":"2025-08-25T23:34:19","guid":{"rendered":"https:\/\/redept.org\/blogosfera\/nao-investir-em-educacao-significa-colocar-o-futuro-em-risco-alerta-professor-da-usp\/"},"modified":"2025-08-25T20:34:19","modified_gmt":"2025-08-25T23:34:19","slug":"nao-investir-em-educacao-significa-colocar-o-futuro-em-risco-alerta-professor-da-usp","status":"publish","type":"post","link":"https:\/\/redept.com.br\/blogosfera\/nao-investir-em-educacao-significa-colocar-o-futuro-em-risco-alerta-professor-da-usp\/","title":{"rendered":"\u2018N\u00e3o investir em educa\u00e7\u00e3o significa colocar o futuro em risco\u2019, alerta professor da USP"},"content":{"rendered":"<p>O <a href=\"https:\/\/www.brasildefato.com.br\/2025\/08\/25\/educacao-infantil-obrigatoria-atraso-nessa-etapa-compromete-aprendizado-futuro-alerta-pedagoga\/\">Dia Nacional da Educa\u00e7\u00e3o Infantil<\/a>, celebrado nesta segunda-feira (25), evidencia desafios hist\u00f3ricos do pa\u00eds na \u00e1rea educacional, especialmente na <a href=\"https:\/\/www.brasildefato.com.br\/2025\/08\/05\/primeira-infancia-nao-e-valorizada-como-deveria-afirma-especialista-no-tema\/\">primeira inf\u00e2ncia<\/a>, na vis\u00e3o do professor Daniel Cara, da Faculdade de Educa\u00e7\u00e3o da Universidade de S\u00e3o Paulo (USP). Em entrevista ao <em><a href=\"https:\/\/www.youtube.com\/watch?v=xiPznojEdXs\">Conex\u00e3o BdF<\/a><\/em>, da <strong>R\u00e1dio Brasil de Fato<\/strong>, ele indica que a educa\u00e7\u00e3o infantil \u00e9 central para o desenvolvimento cognitivo e social das crian\u00e7as, mas enfrenta subfinanciamento.<\/p>\n<p>\u201cA creche, a etapa da educa\u00e7\u00e3o infantil como um todo, \u00e9 central para o desenvolvimento do estudante, para o desenvolvimento inclusive cognitivo, social. \u00c9 importante frisar que na educa\u00e7\u00e3o infantil a prioridade \u00e9 o brincar e, dessa maneira divertida, come\u00e7ar a ir aprendendo coisas por meio de uma media\u00e7\u00e3o muito bem realizada pelas educadoras e pelos educadores da educa\u00e7\u00e3o infantil. Agora, qual \u00e9 o problema? A educa\u00e7\u00e3o infantil \u00e9 a etapa que menos recebe recursos, por\u00e9m a educa\u00e7\u00e3o infantil \u00e9 a que mais precisa de recursos\u201d, destaca.<\/p>\n<p>O especialista tamb\u00e9m critica o ritmo lento de implementa\u00e7\u00e3o das pol\u00edticas educacionais no pa\u00eds e o impacto da atual composi\u00e7\u00e3o do Congresso sobre o <a href=\"https:\/\/www.brasildefato.com.br\/2024\/06\/26\/governo-encaminha-novo-plano-nacional-de-educacao-ao-congresso\/\">Plano Nacional de Educa\u00e7\u00e3o (PNE)<\/a>. \u201cH\u00e1 uma enorme dificuldade. \u00c9 importante reiterar que o Congresso Nacional brasileiro \u00e9 muito pouco dedicado nesse momento a lidar com os temas realmente importantes para o pa\u00eds. \u00c9 um Congresso que est\u00e1 essencialmente preocupado j\u00e1 com a elei\u00e7\u00e3o de 2026 e com a manuten\u00e7\u00e3o das <a href=\"https:\/\/www.brasildefato.com.br\/2025\/08\/25\/dino-mira-emendas-irregulares-e-parlamentares-da-direita-articulam-blindagem-diante-de-investigacoes\/\">emendas parlamentares<\/a>, essa \u00e9 a grande quest\u00e3o para o Congresso Nacional\u201d, lamenta.<\/p>\n<figure>\n<div>\n<div><\/div>\n<\/div>\n<\/figure>\n<p>Cara ainda lembra que, historicamente, o Brasil tem avan\u00e7ado em termos de direitos e educa\u00e7\u00e3o, mas esse avan\u00e7o foi interrompido nos governos dos ex-presidentes Michel Temer (MDB) e Jair Bolsonaro (PL). \u201cCom exce\u00e7\u00e3o dos governos Temer e Bolsonaro, e tem v\u00e1rios indicadores que provam isso, o Brasil \u00e9 um pa\u00eds que sempre avan\u00e7ou em termos de expans\u00e3o de direitos. S\u00f3 que o problema \u00e9 que esse avan\u00e7o \u00e9 muito lento\u201d, frisa.<\/p>\n<p>Para o professor, o Brasil perde oportunidades ao n\u00e3o investir adequadamente em educa\u00e7\u00e3o. \u201cO problema, que \u00e9 desesperador, \u00e9 que nesse avan\u00e7o lento n\u00f3s vamos perdendo gera\u00e7\u00f5es atr\u00e1s de gera\u00e7\u00f5es de jovens. S\u00e3o gera\u00e7\u00f5es desperdi\u00e7adas porque s\u00e3o jovens que compunham um b\u00f4nus demogr\u00e1fico\u201d, explica. <\/p>\n<p>\u201cN\u00e3o investir em educa\u00e7\u00e3o significa colocar o futuro em risco em v\u00e1rios aspectos, inclusive em rela\u00e7\u00e3o \u00e0 sustentabilidade da previd\u00eancia social. O segredo para um pa\u00eds \u00e9 aproveitar o b\u00f4nus demogr\u00e1fico que j\u00e1 desperdi\u00e7amos e fazer com que a renda per capita da popula\u00e7\u00e3o suba. E, para isso acontecer, \u00e9 preciso ter emprego de qualidade. Emprego de qualidade exige investimento em educa\u00e7\u00e3o\u201d, alerta, por fim.<\/p>\n<h4>Para ouvir e assistir<\/h4>\n<p>O jornal\u00a0<em>Conex\u00e3o BdF<\/em>\u00a0vai ao ar em duas edi\u00e7\u00f5es, de segunda a sexta-feira: a primeira \u00e0s 9h e a segunda \u00e0s 17h, na\u00a0<strong><a href=\"https:\/\/radiobrasildefato.com.br\/\" target=\"_blank\" rel=\"noreferrer noopener\">R\u00e1dio Brasil de Fato<\/a><\/strong>,\u00a0<strong>98.9 FM<\/strong>\u00a0na Grande S\u00e3o Paulo, com transmiss\u00e3o simult\u00e2nea tamb\u00e9m pelo\u00a0<a href=\"https:\/\/www.youtube.com\/@brasildefato\/playlists\" target=\"_blank\" rel=\"noreferrer noopener\">YouTube do Brasil de Fato<\/a>.<\/p>\n<p>O post <a href=\"https:\/\/www.brasildefato.com.br\/2025\/08\/25\/nao-investir-em-educacao-significa-colocar-o-futuro-em-risco-alerta-professor-da-usp\/\">\u2018N\u00e3o investir em educa\u00e7\u00e3o significa colocar o futuro em risco\u2019, alerta professor da USP<\/a> apareceu primeiro em <a href=\"https:\/\/www.brasildefato.com.br\/\">Brasil de Fato<\/a>.<\/p>\n<!-- Begin Yuzo --><div class='yuzo_related_post style-1'  data-version='5.12.89'><!-- without result --><div class='yuzo_clearfixed yuzo__title yuzo__title'><h3>Related Post<\/h3><\/div>\n\t\t\t\t\t\t  <div class=\"relatedthumb \" style=\"width:125px;float:left;overflow:hidden;\">  \n\t\t\t\t\t\t\t  \n\t\t\t\t\t\t\t  <a  href=\"https:\/\/redept.com.br\/blogosfera\/mst-ocupa-sede-do-incra-em-pernambuco-durante-semana-camponesa\/\"  >\n\t\t\t\t\t\t\t\t\t  <div class=\"yuzo-img-wrap \" style=\"width: 125px;height:90px;\">\n\t\t\t\t\t\t\t\t\t\t\n\t\t\t\t\t\t\t\t\t\t<div class=\"yuzo-img\" style=\"background:url('https:\/\/redept.com.br\/blogosfera\/wp-content\/uploads\/2025\/07\/INCRA-pernambuco-semana-camponesa-3-150x150.jpeg') 50% 50% no-repeat;width: 125px;height:90px;margin-bottom: 5px;background-size: cover; \"><\/div>\n\t\t\t\t\t\t\t\t\t  <\/div>\n\t\t\t\t\t\t\t\t\t  \n\t\t\t\t\t\t\t\t   <span class=\"yuzo__text--title\" style=\"font-size:13px;\">MST ocupa sede do INCRA em Pernambuco durante Sema...<\/span>\n\t\t\t\t\t\t\t  \n\t\t\t\t\t\t\t  \n\t\t\t\t\t\t\t  <\/a>\n\n\t\t\t\t\t\t  <\/div>\n\t\t\t\t\t\t  <div class=\"relatedthumb \" style=\"width:125px;float:left;overflow:hidden;\">  \n\t\t\t\t\t\t\t  \n\t\t\t\t\t\t\t  <a  href=\"https:\/\/redept.com.br\/blogosfera\/brazil-two-vale-mining-spills-contaminate-rivers-in-minas-gerais-within-24-hours\/\"  >\n\t\t\t\t\t\t\t\t\t  <div class=\"yuzo-img-wrap \" style=\"width: 125px;height:90px;\">\n\t\t\t\t\t\t\t\t\t\t\n\t\t\t\t\t\t\t\t\t\t<div class=\"yuzo-img\" style=\"background:url('https:\/\/redept.org\/blogosfera\/wp-content\/plugins\/yuzo-related-post\/assets\/images\/default.png') 50% 50% no-repeat;width: 125px;height:90px;margin-bottom: 5px;background-size: cover; \"><\/div>\n\t\t\t\t\t\t\t\t\t  <\/div>\n\t\t\t\t\t\t\t\t\t  \n\t\t\t\t\t\t\t\t   <span class=\"yuzo__text--title\" style=\"font-size:13px;\">Brazil: two Vale mining spills contaminate rivers ...<\/span>\n\t\t\t\t\t\t\t  \n\t\t\t\t\t\t\t  \n\t\t\t\t\t\t\t  <\/a>\n\n\t\t\t\t\t\t  <\/div>\n\t\t\t\t\t\t  <div class=\"relatedthumb \" style=\"width:125px;float:left;overflow:hidden;\">  \n\t\t\t\t\t\t\t  \n\t\t\t\t\t\t\t  <a  href=\"https:\/\/redept.com.br\/blogosfera\/noticias-do-dia-com-o-jornal-tvt-news-segunda-edicao-03-03-2026\/\"  >\n\t\t\t\t\t\t\t\t\t  <div class=\"yuzo-img-wrap \" style=\"width: 125px;height:90px;\">\n\t\t\t\t\t\t\t\t\t\t\n\t\t\t\t\t\t\t\t\t\t<div class=\"yuzo-img\" style=\"background:url('https:\/\/redept.com.br\/blogosfera\/wp-content\/uploads\/2026\/03\/jornal_tvt_news-3-150x150.jpeg') 50% 50% no-repeat;width: 125px;height:90px;margin-bottom: 5px;background-size: cover; \"><\/div>\n\t\t\t\t\t\t\t\t\t  <\/div>\n\t\t\t\t\t\t\t\t\t  \n\t\t\t\t\t\t\t\t   <span class=\"yuzo__text--title\" style=\"font-size:13px;\">Not\u00edcias do dia com o Jornal TVT News Segunda Edi\u00e7...<\/span>\n\t\t\t\t\t\t\t  \n\t\t\t\t\t\t\t  \n\t\t\t\t\t\t\t  <\/a>\n\n\t\t\t\t\t\t  <\/div>\n\t\t\t\t\t\t  <div class=\"relatedthumb \" style=\"width:125px;float:left;overflow:hidden;\">  \n\t\t\t\t\t\t\t  \n\t\t\t\t\t\t\t  <a  href=\"https:\/\/redept.com.br\/blogosfera\/stf-suspende-todas-as-acoes-sobre-pejotizacao-de-trabalhadores\/\"  >\n\t\t\t\t\t\t\t\t\t  <div class=\"yuzo-img-wrap \" style=\"width: 125px;height:90px;\">\n\t\t\t\t\t\t\t\t\t\t\n\t\t\t\t\t\t\t\t\t\t<div class=\"yuzo-img\" style=\"background:url('https:\/\/redept.org\/blogosfera\/wp-content\/plugins\/yuzo-related-post\/assets\/images\/default.png') 50% 50% no-repeat;width: 125px;height:90px;margin-bottom: 5px;background-size: cover; \"><\/div>\n\t\t\t\t\t\t\t\t\t  <\/div>\n\t\t\t\t\t\t\t\t\t  \n\t\t\t\t\t\t\t\t   <span class=\"yuzo__text--title\" style=\"font-size:13px;\">STF suspende todas as a\u00e7\u00f5es sobre pejotiza\u00e7\u00e3o de t...<\/span>\n\t\t\t\t\t\t\t  \n\t\t\t\t\t\t\t  \n\t\t\t\t\t\t\t  <\/a>\n\n\t\t\t\t\t\t  <\/div>\n<\/div> <script>\n\t\t\t\t\t\t  jQuery(document).ready(function( $ ){\n\t\t\t\t\t\t\t\/\/jQuery('.yuzo_related_post').equalizer({ overflow : 'relatedthumb' });\n\t\t\t\t\t\t\tjQuery('.yuzo_related_post .yuzo_wraps').equalizer({ columns : '> div' });\n\t\t\t\t\t\t   })\n\t\t\t\t\t\t  <\/script> <!-- End Yuzo :) -->","protected":false},"excerpt":{"rendered":"<p>O Dia Nacional da Educa\u00e7\u00e3o Infantil, celebrado nesta segunda-feira (25), evidencia desafios hist\u00f3ricos do pa\u00eds na \u00e1rea educacional, especialmente na primeira inf\u00e2ncia, na vis\u00e3o do professor Daniel Cara, da Faculdade de Educa\u00e7\u00e3o da Universidade de S\u00e3o Paulo (USP). Em entrevista ao Conex\u00e3o BdF, da R\u00e1dio Brasil de Fato, ele indica que a educa\u00e7\u00e3o infantil \u00e9 [&hellip;]<\/p>\n","protected":false},"author":2,"featured_media":0,"comment_status":"open","ping_status":"closed","sticky":false,"template":"","format":"standard","meta":{"fifu_image_url":"","fifu_image_alt":"","footnotes":""},"categories":[45,95,7099,13536],"tags":[],"class_list":["post-47295","post","type-post","status-publish","format-standard","hentry","category-brasil","category-educacao","category-educacao-infantil","category-primeira-infancia"],"_links":{"self":[{"href":"https:\/\/redept.com.br\/blogosfera\/wp-json\/wp\/v2\/posts\/47295","targetHints":{"allow":["GET"]}}],"collection":[{"href":"https:\/\/redept.com.br\/blogosfera\/wp-json\/wp\/v2\/posts"}],"about":[{"href":"https:\/\/redept.com.br\/blogosfera\/wp-json\/wp\/v2\/types\/post"}],"author":[{"embeddable":true,"href":"https:\/\/redept.com.br\/blogosfera\/wp-json\/wp\/v2\/users\/2"}],"replies":[{"embeddable":true,"href":"https:\/\/redept.com.br\/blogosfera\/wp-json\/wp\/v2\/comments?post=47295"}],"version-history":[{"count":0,"href":"https:\/\/redept.com.br\/blogosfera\/wp-json\/wp\/v2\/posts\/47295\/revisions"}],"wp:attachment":[{"href":"https:\/\/redept.com.br\/blogosfera\/wp-json\/wp\/v2\/media?parent=47295"}],"wp:term":[{"taxonomy":"category","embeddable":true,"href":"https:\/\/redept.com.br\/blogosfera\/wp-json\/wp\/v2\/categories?post=47295"},{"taxonomy":"post_tag","embeddable":true,"href":"https:\/\/redept.com.br\/blogosfera\/wp-json\/wp\/v2\/tags?post=47295"}],"curies":[{"name":"wp","href":"https:\/\/api.w.org\/{rel}","templated":true}]}}